{"id":19254,"date":"2014-08-12T11:25:34","date_gmt":"2014-08-12T14:25:34","guid":{"rendered":"http:\/\/www.notibras.com\/site\/?p=19254"},"modified":"2014-08-12T16:03:06","modified_gmt":"2014-08-12T19:03:06","slug":"jose-genoino-e-jacinto-lamas-comecam-a-cumprir-pena-em-casa","status":"publish","type":"post","link":"https:\/\/www.notibras.com\/site\/jose-genoino-e-jacinto-lamas-comecam-a-cumprir-pena-em-casa\/","title":{"rendered":"Genoino e Jacinto Lamas deixam pris\u00e3o e come\u00e7am a cumprir pena em casa"},"content":{"rendered":"<p>O ex-deputado Jos\u00e9 Genoino e o ex-tesoureiro do PL (hoje PR) Jacinto Lamas participaram de audi\u00eancia, na manh\u00e3 desta ter\u00e7a-feira, com o juiz Germano Holanda, da Vara de Execu\u00e7\u00f5es Penais e Medidas Alternativa (Vepema). A audi\u00eancia \u00e9 o protocolo necess\u00e1rio para quem faz a progress\u00e3o do regime semi-aberto para o cumprimento da pena em regime aberto. Depois dela, os dois come\u00e7am a cumprir a pena em casa.<\/p>\n<p>Com o fim da audi\u00eancia, Genoino deixou a Vepema acompanhado pelo advogado. Ele tentou despistar os fot\u00f3grafos e cinegrafistas que estavam no f\u00f3rum desde o in\u00edcio da manh\u00e3, saindo pela garagem. Os seguran\u00e7as tentaram atrair os jornalistas por uma sa\u00edda oposta ao que o ex-deputado deixou o cr\u00e9dito.<\/p>\n<blockquote><p>Durante a audi\u00eancia o juiz Germano Holanda informou os direitos e deveres de quem cumpre pena em regime aberto. Entre as exig\u00eancias, est\u00e3o a obriga\u00e7\u00e3o de permanecer em casa de 21h at\u00e9 \u00e0s 5h e n\u00e3o manter encontros com outros condenados.<\/p><\/blockquote>\n<p>Na semana passada, o ministro Lu\u00eds Roberto Barroso, do Supremo Tribunal Federal, autorizou a progress\u00e3o do regime dos dois de semi-aberto para aberto. Como n\u00e3o h\u00e1 disponibilidade de casa de albergado no Distrito Federal, tipo de institui\u00e7\u00e3o recomendado para o cumprimento do regime aberto, os dois cumprir\u00e3o o restante da pena em casa.<\/p>\n<p>Genoino foi condenado no processo do mensal\u00e3o a quatro anos e oito meses de pris\u00e3o por corrup\u00e7\u00e3o ativa. Ele pediu a progress\u00e3o de regime alegando j\u00e1 ter cumprido um sexto da pena, requisito previsto em lei para obter o benef\u00edcio. Na semana passada, a ju\u00edza da VEP do Distrito Federal Leila Cury descontou 34 dias da pena imposta a Genoino. Depois de preso, ele fez um curso de inform\u00e1tica a dist\u00e2ncia, o que pode ser transformado em remiss\u00e3o de parte da pena. Sem considerar a remiss\u00e3o da pena, a progress\u00e3o de regime acontecer\u00e1 em 24 de agosto.<\/p>\n<p>Jacinto Lamas foi condenado a cinco anos de pris\u00e3o pelo crime de lavagem de dinheiro e trabalha desde janeiro como assistente na empresa M\u00edsula Engenharia. No pedido de progress\u00e3o de pena, a defesa do ex-tesoureiro ressaltou que os dias de trabalho e estudo do condenado completam os 10 meses necess\u00e1rios para configurar um sexto da pena, um dos requisitos para progress\u00e3o de regime. Al\u00e9m disso, o bom comportamento e a aus\u00eancia de falta grave por parte do ex-tesoureiro s\u00e3o citados, justificando o &#8220;forte empenho em sua reintegra\u00e7\u00e3o social&#8221;.<\/p>\n","protected":false},"excerpt":{"rendered":"<p>O ex-deputado Jos\u00e9 Genoino e o ex-tesoureiro do PL (hoje PR) Jacinto Lamas participaram de audi\u00eancia, na manh\u00e3 desta ter\u00e7a-feira, com o juiz Germano Holanda, da Vara de Execu\u00e7\u00f5es Penais e Medidas Alternativa (Vepema). A audi\u00eancia \u00e9 o protocolo necess\u00e1rio para quem faz a progress\u00e3o do regime semi-aberto para o cumprimento da pena em regime [&hellip;]<\/p>\n","protected":false},"author":1,"featured_media":19255,"comment_status":"open","ping_status":"closed","sticky":false,"template":"","format":"standard","meta":{"_acf_changed":false,"footnotes":""},"categories":[16],"tags":[],"class_list":["post-19254","post","type-post","status-publish","format-standard","has-post-thumbnail","hentry","category-brasil"],"acf":[],"_links":{"self":[{"href":"https:\/\/www.notibras.com\/site\/wp-json\/wp\/v2\/posts\/19254","targetHints":{"allow":["GET"]}}],"collection":[{"href":"https:\/\/www.notibras.com\/site\/wp-json\/wp\/v2\/posts"}],"about":[{"href":"https:\/\/www.notibras.com\/site\/wp-json\/wp\/v2\/types\/post"}],"author":[{"embeddable":true,"href":"https:\/\/www.notibras.com\/site\/wp-json\/wp\/v2\/users\/1"}],"replies":[{"embeddable":true,"href":"https:\/\/www.notibras.com\/site\/wp-json\/wp\/v2\/comments?post=19254"}],"version-history":[{"count":0,"href":"https:\/\/www.notibras.com\/site\/wp-json\/wp\/v2\/posts\/19254\/revisions"}],"wp:featuredmedia":[{"embeddable":true,"href":"https:\/\/www.notibras.com\/site\/wp-json\/wp\/v2\/media\/19255"}],"wp:attachment":[{"href":"https:\/\/www.notibras.com\/site\/wp-json\/wp\/v2\/media?parent=19254"}],"wp:term":[{"taxonomy":"category","embeddable":true,"href":"https:\/\/www.notibras.com\/site\/wp-json\/wp\/v2\/categories?post=19254"},{"taxonomy":"post_tag","embeddable":true,"href":"https:\/\/www.notibras.com\/site\/wp-json\/wp\/v2\/tags?post=19254"}],"curies":[{"name":"wp","href":"https:\/\/api.w.org\/{rel}","templated":true}]}}