{"id":1929,"date":"2014-02-17T11:12:23","date_gmt":"2014-02-17T14:12:23","guid":{"rendered":"http:\/\/www.notibras.com\/site\/?p=1929"},"modified":"2014-02-17T11:12:23","modified_gmt":"2014-02-17T14:12:23","slug":"espetaculo-cultural-faz-crer-que-ha-vida-inteligente-no-brasil","status":"publish","type":"post","link":"https:\/\/www.notibras.com\/site\/espetaculo-cultural-faz-crer-que-ha-vida-inteligente-no-brasil\/","title":{"rendered":"Espet\u00e1culo cultural faz crer que h\u00e1 vida inteligente no Brasil"},"content":{"rendered":"<div id=\"stcpDiv\">\n<p>Sei que \u00e9 dif\u00edcil acreditar. Com as passeatas que terminam sempre em tumulto e destrui\u00e7\u00e3o do patrim\u00f4nio p\u00fablico e privado sob os olhares complacentes das autoridades. Com a morte do cinegrafista que mereceu de uma Ministra um rep\u00fadio relativo e n\u00e3o veemente, como se soubesse de algo a respeito destas passeatas que n\u00f3s n\u00e3o sabemos, ou seja, quem infiltra quem, para deturpar a movimenta\u00e7\u00e3o.<\/p>\n<p>Com greves em que os sindicatos de patr\u00f5es e empregados buscam o confronto e n\u00e3o a solu\u00e7\u00e3o. Com processos que n\u00e3o andam na justi\u00e7a e nenhum juiz \u00e9 culpado de comodismo. Com os est\u00e1dios de futebol e Cuba sugando dinheiro que deveria ter uma destina\u00e7\u00e3o social, distribu\u00edda entre os brasileiros mais necessitados. Ou melhorando a prec\u00e1ria infraestrutura nacional.<\/p>\n<p>Com d\u00edvidas de pa\u00edses perdoadas pelo Brasil com um caneta\u00e7o, sem que a gente saiba o nome dos espertinhos que s\u00e3o intermedi\u00e1rios nestas benesses e ganham comiss\u00f5es sobre tal. E, finalmente, com a imagem negativa \u2013 prejudicial a todas as atividades da na\u00e7\u00e3o \u2013 difundidas pelos jornais do mundo inteiro, toda semana, fica dif\u00edcil de crer que h\u00e1 vida inteligente no Brasil. Em terras de primeira qualidade somos usu\u00e1rios de segunda. Os ricos se mudam ou mandam os filhos embora. Mas e n\u00f3s? Vamos para onde?<\/p>\n<p>E ent\u00e3o, em 30 espet\u00e1culos, mais de trezentas mil pessoas vindas de todo o pa\u00eds, acorrem a S\u00e3o Paulo para ouvir uma Orquestra especializada em m\u00fasica. A ressalva \u00e9 necess\u00e1ria porque o termo Orquestra, no pa\u00eds do Lula, n\u00e3o \u00e9 um voc\u00e1bulo de todo dia.<\/p>\n<p>Dirigida por Andr\u00e9 Rieu, m\u00fasico holand\u00eas\u00a0radicado em Maastricht, a orquestra de renome internacional, uma das maiores respons\u00e1veis pela difus\u00e3o da m\u00fasica cl\u00e1ssica no mundo atual, que se apresenta normalmente nas grandes cidades e pal\u00e1cios da Europa, cruza o oceano e vem ao Brasil? Com figurinos, coreografia, t\u00e9cnica e m\u00fasicos brilhantes? Apresentando m\u00fasica cl\u00e1ssica? E mais milhares de DVDs vendidos com suas m\u00fasicas no territ\u00f3rio nacional?\u00a0 Chamava a aten\u00e7\u00e3o os presentes.<\/p>\n<p>As centenas, chorando de emo\u00e7\u00e3o ante os acordes musicais extra\u00eddos por ex\u00edmios m\u00fasicos colhendo a emo\u00e7\u00e3o das partituras. Espet\u00e1culos grandiosos, com infraestrutura condizente que fazem da m\u00fasica n\u00e3o um circo de artistas-contorcionistas, mas um templo de arte e saber. E os brasileiros estavam l\u00e1, aplaudindo. Milagre! Incr\u00edvel!\u00a0 Ainda h\u00e1 vida inteligente entre n\u00f3s.<\/p>\n<p><strong>*Ivar Hartmann<\/strong> \u00e9 promotor p\u00fablico aposentado<\/p>\n<\/div>\n","protected":false},"excerpt":{"rendered":"<p>Sei que \u00e9 dif\u00edcil acreditar. Com as passeatas que terminam sempre em tumulto e destrui\u00e7\u00e3o do patrim\u00f4nio p\u00fablico e privado sob os olhares complacentes das autoridades. Com a morte do cinegrafista que mereceu de uma Ministra um rep\u00fadio relativo e n\u00e3o veemente, como se soubesse de algo a respeito destas passeatas que n\u00f3s n\u00e3o sabemos, [&hellip;]<\/p>\n","protected":false},"author":2,"featured_media":1930,"comment_status":"open","ping_status":"closed","sticky":false,"template":"","format":"standard","meta":{"_acf_changed":false,"footnotes":""},"categories":[25],"tags":[],"class_list":["post-1929","post","type-post","status-publish","format-standard","has-post-thumbnail","hentry","category-opina-ai"],"acf":[],"yoast_head":"<!-- This site is optimized with the Yoast SEO plugin v27.5 - https:\/\/yoast.com\/product\/yoast-seo-wordpress\/ -->\n<title>Espet\u00e1culo cultural faz crer que h\u00e1 vida inteligente no Brasil - Notibras<\/title>\n<meta name=\"robots\" content=\"index, follow, max-snippet:-1, max-image-preview:large, max-video-preview:-1\" \/>\n<link rel=\"canonical\" href=\"https:\/\/www.notibras.com\/site\/espetaculo-cultural-faz-crer-que-ha-vida-inteligente-no-brasil\/\" \/>\n<meta property=\"og:locale\" content=\"pt_BR\" \/>\n<meta property=\"og:type\" content=\"article\" \/>\n<meta property=\"og:title\" content=\"Espet\u00e1culo cultural faz crer que h\u00e1 vida inteligente no Brasil - Notibras\" \/>\n<meta property=\"og:description\" content=\"Sei que \u00e9 dif\u00edcil acreditar. Com as passeatas que terminam sempre em tumulto e destrui\u00e7\u00e3o do patrim\u00f4nio p\u00fablico e privado sob os olhares complacentes das autoridades. Com a morte do cinegrafista que mereceu de uma Ministra um rep\u00fadio relativo e n\u00e3o veemente, como se soubesse de algo a respeito destas passeatas que n\u00f3s n\u00e3o sabemos, [&hellip;]\" \/>\n<meta property=\"og:url\" content=\"https:\/\/www.notibras.com\/site\/espetaculo-cultural-faz-crer-que-ha-vida-inteligente-no-brasil\/\" \/>\n<meta property=\"og:site_name\" content=\"Notibras\" \/>\n<meta property=\"article:publisher\" content=\"https:\/\/www.facebook.com\/notibras\/\" \/>\n<meta property=\"article:published_time\" content=\"2014-02-17T14:12:23+00:00\" \/>\n<meta property=\"og:image\" content=\"https:\/\/www.notibras.com\/site\/wp-content\/uploads\/2014\/02\/andre-rieu.jpg\" \/>\n\t<meta property=\"og:image:width\" content=\"720\" \/>\n\t<meta property=\"og:image:height\" content=\"540\" \/>\n\t<meta property=\"og:image:type\" content=\"image\/jpeg\" \/>\n<meta name=\"author\" content=\"Reda\u00e7\u00e3o\" \/>\n<meta name=\"twitter:card\" content=\"summary_large_image\" \/>\n<meta name=\"twitter:creator\" content=\"@Notibras\" \/>\n<meta name=\"twitter:site\" content=\"@Notibras\" \/>\n<meta name=\"twitter:label1\" content=\"Escrito por\" \/>\n\t<meta name=\"twitter:data1\" content=\"Reda\u00e7\u00e3o\" \/>\n\t<meta name=\"twitter:label2\" content=\"Est. tempo de leitura\" \/>\n\t<meta name=\"twitter:data2\" content=\"2 minutos\" \/>\n<script type=\"application\/ld+json\" class=\"yoast-schema-graph\">{\"@context\":\"https:\\\/\\\/schema.org\",\"@graph\":[{\"@type\":\"Article\",\"@id\":\"https:\\\/\\\/www.notibras.com\\\/site\\\/espetaculo-cultural-faz-crer-que-ha-vida-inteligente-no-brasil\\\/#article\",\"isPartOf\":{\"@id\":\"https:\\\/\\\/www.notibras.com\\\/site\\\/espetaculo-cultural-faz-crer-que-ha-vida-inteligente-no-brasil\\\/\"},\"author\":{\"name\":\"Reda\u00e7\u00e3o\",\"@id\":\"https:\\\/\\\/www.notibras.com\\\/site\\\/#\\\/schema\\\/person\\\/36ab0979449956132d3e5b517ea76ac8\"},\"headline\":\"Espet\u00e1culo cultural faz crer que h\u00e1 vida inteligente no Brasil\",\"datePublished\":\"2014-02-17T14:12:23+00:00\",\"mainEntityOfPage\":{\"@id\":\"https:\\\/\\\/www.notibras.com\\\/site\\\/espetaculo-cultural-faz-crer-que-ha-vida-inteligente-no-brasil\\\/\"},\"wordCount\":448,\"commentCount\":0,\"publisher\":{\"@id\":\"https:\\\/\\\/www.notibras.com\\\/site\\\/#organization\"},\"image\":{\"@id\":\"https:\\\/\\\/www.notibras.com\\\/site\\\/espetaculo-cultural-faz-crer-que-ha-vida-inteligente-no-brasil\\\/#primaryimage\"},\"thumbnailUrl\":\"https:\\\/\\\/www.notibras.com\\\/site\\\/wp-content\\\/uploads\\\/2014\\\/02\\\/andre-rieu.jpg\",\"articleSection\":[\"Opina a\u00ed\"],\"inLanguage\":\"pt-BR\",\"potentialAction\":[{\"@type\":\"CommentAction\",\"name\":\"Comment\",\"target\":[\"https:\\\/\\\/www.notibras.com\\\/site\\\/espetaculo-cultural-faz-crer-que-ha-vida-inteligente-no-brasil\\\/#respond\"]}]},{\"@type\":\"WebPage\",\"@id\":\"https:\\\/\\\/www.notibras.com\\\/site\\\/espetaculo-cultural-faz-crer-que-ha-vida-inteligente-no-brasil\\\/\",\"url\":\"https:\\\/\\\/www.notibras.com\\\/site\\\/espetaculo-cultural-faz-crer-que-ha-vida-inteligente-no-brasil\\\/\",\"name\":\"Espet\u00e1culo cultural faz crer que h\u00e1 vida inteligente no Brasil - Notibras\",\"isPartOf\":{\"@id\":\"https:\\\/\\\/www.notibras.com\\\/site\\\/#website\"},\"primaryImageOfPage\":{\"@id\":\"https:\\\/\\\/www.notibras.com\\\/site\\\/espetaculo-cultural-faz-crer-que-ha-vida-inteligente-no-brasil\\\/#primaryimage\"},\"image\":{\"@id\":\"https:\\\/\\\/www.notibras.com\\\/site\\\/espetaculo-cultural-faz-crer-que-ha-vida-inteligente-no-brasil\\\/#primaryimage\"},\"thumbnailUrl\":\"https:\\\/\\\/www.notibras.com\\\/site\\\/wp-content\\\/uploads\\\/2014\\\/02\\\/andre-rieu.jpg\",\"datePublished\":\"2014-02-17T14:12:23+00:00\",\"breadcrumb\":{\"@id\":\"https:\\\/\\\/www.notibras.com\\\/site\\\/espetaculo-cultural-faz-crer-que-ha-vida-inteligente-no-brasil\\\/#breadcrumb\"},\"inLanguage\":\"pt-BR\",\"potentialAction\":[{\"@type\":\"ReadAction\",\"target\":[\"https:\\\/\\\/www.notibras.com\\\/site\\\/espetaculo-cultural-faz-crer-que-ha-vida-inteligente-no-brasil\\\/\"]}]},{\"@type\":\"ImageObject\",\"inLanguage\":\"pt-BR\",\"@id\":\"https:\\\/\\\/www.notibras.com\\\/site\\\/espetaculo-cultural-faz-crer-que-ha-vida-inteligente-no-brasil\\\/#primaryimage\",\"url\":\"https:\\\/\\\/www.notibras.com\\\/site\\\/wp-content\\\/uploads\\\/2014\\\/02\\\/andre-rieu.jpg\",\"contentUrl\":\"https:\\\/\\\/www.notibras.com\\\/site\\\/wp-content\\\/uploads\\\/2014\\\/02\\\/andre-rieu.jpg\",\"width\":720,\"height\":540},{\"@type\":\"BreadcrumbList\",\"@id\":\"https:\\\/\\\/www.notibras.com\\\/site\\\/espetaculo-cultural-faz-crer-que-ha-vida-inteligente-no-brasil\\\/#breadcrumb\",\"itemListElement\":[{\"@type\":\"ListItem\",\"position\":1,\"name\":\"In\u00edcio\",\"item\":\"https:\\\/\\\/www.notibras.com\\\/site\\\/\"},{\"@type\":\"ListItem\",\"position\":2,\"name\":\"Espet\u00e1culo cultural faz crer que h\u00e1 vida inteligente no Brasil\"}]},{\"@type\":\"WebSite\",\"@id\":\"https:\\\/\\\/www.notibras.com\\\/site\\\/#website\",\"url\":\"https:\\\/\\\/www.notibras.com\\\/site\\\/\",\"name\":\"Notibras\",\"description\":\"Not\u00edcias de Bras\u00edlia, do Brasil e do Mundo\",\"publisher\":{\"@id\":\"https:\\\/\\\/www.notibras.com\\\/site\\\/#organization\"},\"potentialAction\":[{\"@type\":\"SearchAction\",\"target\":{\"@type\":\"EntryPoint\",\"urlTemplate\":\"https:\\\/\\\/www.notibras.com\\\/site\\\/?s={search_term_string}\"},\"query-input\":{\"@type\":\"PropertyValueSpecification\",\"valueRequired\":true,\"valueName\":\"search_term_string\"}}],\"inLanguage\":\"pt-BR\"},{\"@type\":\"Organization\",\"@id\":\"https:\\\/\\\/www.notibras.com\\\/site\\\/#organization\",\"name\":\"Grupo Notibras de Comunica\u00e7\u00e3o\",\"url\":\"https:\\\/\\\/www.notibras.com\\\/site\\\/\",\"logo\":{\"@type\":\"ImageObject\",\"inLanguage\":\"pt-BR\",\"@id\":\"https:\\\/\\\/www.notibras.com\\\/site\\\/#\\\/schema\\\/logo\\\/image\\\/\",\"url\":\"https:\\\/\\\/www.notibras.com\\\/site\\\/wp-content\\\/uploads\\\/2023\\\/01\\\/notibras23.png\",\"contentUrl\":\"https:\\\/\\\/www.notibras.com\\\/site\\\/wp-content\\\/uploads\\\/2023\\\/01\\\/notibras23.png\",\"width\":350,\"height\":87,\"caption\":\"Grupo Notibras de Comunica\u00e7\u00e3o\"},\"image\":{\"@id\":\"https:\\\/\\\/www.notibras.com\\\/site\\\/#\\\/schema\\\/logo\\\/image\\\/\"},\"sameAs\":[\"https:\\\/\\\/www.facebook.com\\\/notibras\\\/\",\"https:\\\/\\\/x.com\\\/Notibras\",\"https:\\\/\\\/www.instagram.com\\\/notibras\\\/\"]},{\"@type\":\"Person\",\"@id\":\"https:\\\/\\\/www.notibras.com\\\/site\\\/#\\\/schema\\\/person\\\/36ab0979449956132d3e5b517ea76ac8\",\"name\":\"Reda\u00e7\u00e3o\",\"image\":{\"@type\":\"ImageObject\",\"inLanguage\":\"pt-BR\",\"@id\":\"https:\\\/\\\/secure.gravatar.com\\\/avatar\\\/e0a867bdedb85fd243eadf09663511f96fc81e0720a4a42581f334ad4303aa6b?s=96&d=mm&r=g\",\"url\":\"https:\\\/\\\/secure.gravatar.com\\\/avatar\\\/e0a867bdedb85fd243eadf09663511f96fc81e0720a4a42581f334ad4303aa6b?s=96&d=mm&r=g\",\"contentUrl\":\"https:\\\/\\\/secure.gravatar.com\\\/avatar\\\/e0a867bdedb85fd243eadf09663511f96fc81e0720a4a42581f334ad4303aa6b?s=96&d=mm&r=g\",\"caption\":\"Reda\u00e7\u00e3o\"}}]}<\/script>\n<!-- \/ Yoast SEO plugin. -->","yoast_head_json":{"title":"Espet\u00e1culo cultural faz crer que h\u00e1 vida inteligente no Brasil - Notibras","robots":{"index":"index","follow":"follow","max-snippet":"max-snippet:-1","max-image-preview":"max-image-preview:large","max-video-preview":"max-video-preview:-1"},"canonical":"https:\/\/www.notibras.com\/site\/espetaculo-cultural-faz-crer-que-ha-vida-inteligente-no-brasil\/","og_locale":"pt_BR","og_type":"article","og_title":"Espet\u00e1culo cultural faz crer que h\u00e1 vida inteligente no Brasil - Notibras","og_description":"Sei que \u00e9 dif\u00edcil acreditar. Com as passeatas que terminam sempre em tumulto e destrui\u00e7\u00e3o do patrim\u00f4nio p\u00fablico e privado sob os olhares complacentes das autoridades. Com a morte do cinegrafista que mereceu de uma Ministra um rep\u00fadio relativo e n\u00e3o veemente, como se soubesse de algo a respeito destas passeatas que n\u00f3s n\u00e3o sabemos, [&hellip;]","og_url":"https:\/\/www.notibras.com\/site\/espetaculo-cultural-faz-crer-que-ha-vida-inteligente-no-brasil\/","og_site_name":"Notibras","article_publisher":"https:\/\/www.facebook.com\/notibras\/","article_published_time":"2014-02-17T14:12:23+00:00","og_image":[{"width":720,"height":540,"url":"https:\/\/www.notibras.com\/site\/wp-content\/uploads\/2014\/02\/andre-rieu.jpg","type":"image\/jpeg"}],"author":"Reda\u00e7\u00e3o","twitter_card":"summary_large_image","twitter_creator":"@Notibras","twitter_site":"@Notibras","twitter_misc":{"Escrito por":"Reda\u00e7\u00e3o","Est. tempo de leitura":"2 minutos"},"schema":{"@context":"https:\/\/schema.org","@graph":[{"@type":"Article","@id":"https:\/\/www.notibras.com\/site\/espetaculo-cultural-faz-crer-que-ha-vida-inteligente-no-brasil\/#article","isPartOf":{"@id":"https:\/\/www.notibras.com\/site\/espetaculo-cultural-faz-crer-que-ha-vida-inteligente-no-brasil\/"},"author":{"name":"Reda\u00e7\u00e3o","@id":"https:\/\/www.notibras.com\/site\/#\/schema\/person\/36ab0979449956132d3e5b517ea76ac8"},"headline":"Espet\u00e1culo cultural faz crer que h\u00e1 vida inteligente no Brasil","datePublished":"2014-02-17T14:12:23+00:00","mainEntityOfPage":{"@id":"https:\/\/www.notibras.com\/site\/espetaculo-cultural-faz-crer-que-ha-vida-inteligente-no-brasil\/"},"wordCount":448,"commentCount":0,"publisher":{"@id":"https:\/\/www.notibras.com\/site\/#organization"},"image":{"@id":"https:\/\/www.notibras.com\/site\/espetaculo-cultural-faz-crer-que-ha-vida-inteligente-no-brasil\/#primaryimage"},"thumbnailUrl":"https:\/\/www.notibras.com\/site\/wp-content\/uploads\/2014\/02\/andre-rieu.jpg","articleSection":["Opina a\u00ed"],"inLanguage":"pt-BR","potentialAction":[{"@type":"CommentAction","name":"Comment","target":["https:\/\/www.notibras.com\/site\/espetaculo-cultural-faz-crer-que-ha-vida-inteligente-no-brasil\/#respond"]}]},{"@type":"WebPage","@id":"https:\/\/www.notibras.com\/site\/espetaculo-cultural-faz-crer-que-ha-vida-inteligente-no-brasil\/","url":"https:\/\/www.notibras.com\/site\/espetaculo-cultural-faz-crer-que-ha-vida-inteligente-no-brasil\/","name":"Espet\u00e1culo cultural faz crer que h\u00e1 vida inteligente no Brasil - Notibras","isPartOf":{"@id":"https:\/\/www.notibras.com\/site\/#website"},"primaryImageOfPage":{"@id":"https:\/\/www.notibras.com\/site\/espetaculo-cultural-faz-crer-que-ha-vida-inteligente-no-brasil\/#primaryimage"},"image":{"@id":"https:\/\/www.notibras.com\/site\/espetaculo-cultural-faz-crer-que-ha-vida-inteligente-no-brasil\/#primaryimage"},"thumbnailUrl":"https:\/\/www.notibras.com\/site\/wp-content\/uploads\/2014\/02\/andre-rieu.jpg","datePublished":"2014-02-17T14:12:23+00:00","breadcrumb":{"@id":"https:\/\/www.notibras.com\/site\/espetaculo-cultural-faz-crer-que-ha-vida-inteligente-no-brasil\/#breadcrumb"},"inLanguage":"pt-BR","potentialAction":[{"@type":"ReadAction","target":["https:\/\/www.notibras.com\/site\/espetaculo-cultural-faz-crer-que-ha-vida-inteligente-no-brasil\/"]}]},{"@type":"ImageObject","inLanguage":"pt-BR","@id":"https:\/\/www.notibras.com\/site\/espetaculo-cultural-faz-crer-que-ha-vida-inteligente-no-brasil\/#primaryimage","url":"https:\/\/www.notibras.com\/site\/wp-content\/uploads\/2014\/02\/andre-rieu.jpg","contentUrl":"https:\/\/www.notibras.com\/site\/wp-content\/uploads\/2014\/02\/andre-rieu.jpg","width":720,"height":540},{"@type":"BreadcrumbList","@id":"https:\/\/www.notibras.com\/site\/espetaculo-cultural-faz-crer-que-ha-vida-inteligente-no-brasil\/#breadcrumb","itemListElement":[{"@type":"ListItem","position":1,"name":"In\u00edcio","item":"https:\/\/www.notibras.com\/site\/"},{"@type":"ListItem","position":2,"name":"Espet\u00e1culo cultural faz crer que h\u00e1 vida inteligente no Brasil"}]},{"@type":"WebSite","@id":"https:\/\/www.notibras.com\/site\/#website","url":"https:\/\/www.notibras.com\/site\/","name":"Notibras","description":"Not\u00edcias de Bras\u00edlia, do Brasil e do Mundo","publisher":{"@id":"https:\/\/www.notibras.com\/site\/#organization"},"potentialAction":[{"@type":"SearchAction","target":{"@type":"EntryPoint","urlTemplate":"https:\/\/www.notibras.com\/site\/?s={search_term_string}"},"query-input":{"@type":"PropertyValueSpecification","valueRequired":true,"valueName":"search_term_string"}}],"inLanguage":"pt-BR"},{"@type":"Organization","@id":"https:\/\/www.notibras.com\/site\/#organization","name":"Grupo Notibras de Comunica\u00e7\u00e3o","url":"https:\/\/www.notibras.com\/site\/","logo":{"@type":"ImageObject","inLanguage":"pt-BR","@id":"https:\/\/www.notibras.com\/site\/#\/schema\/logo\/image\/","url":"https:\/\/www.notibras.com\/site\/wp-content\/uploads\/2023\/01\/notibras23.png","contentUrl":"https:\/\/www.notibras.com\/site\/wp-content\/uploads\/2023\/01\/notibras23.png","width":350,"height":87,"caption":"Grupo Notibras de Comunica\u00e7\u00e3o"},"image":{"@id":"https:\/\/www.notibras.com\/site\/#\/schema\/logo\/image\/"},"sameAs":["https:\/\/www.facebook.com\/notibras\/","https:\/\/x.com\/Notibras","https:\/\/www.instagram.com\/notibras\/"]},{"@type":"Person","@id":"https:\/\/www.notibras.com\/site\/#\/schema\/person\/36ab0979449956132d3e5b517ea76ac8","name":"Reda\u00e7\u00e3o","image":{"@type":"ImageObject","inLanguage":"pt-BR","@id":"https:\/\/secure.gravatar.com\/avatar\/e0a867bdedb85fd243eadf09663511f96fc81e0720a4a42581f334ad4303aa6b?s=96&d=mm&r=g","url":"https:\/\/secure.gravatar.com\/avatar\/e0a867bdedb85fd243eadf09663511f96fc81e0720a4a42581f334ad4303aa6b?s=96&d=mm&r=g","contentUrl":"https:\/\/secure.gravatar.com\/avatar\/e0a867bdedb85fd243eadf09663511f96fc81e0720a4a42581f334ad4303aa6b?s=96&d=mm&r=g","caption":"Reda\u00e7\u00e3o"}}]}},"amp_enabled":true,"_links":{"self":[{"href":"https:\/\/www.notibras.com\/site\/wp-json\/wp\/v2\/posts\/1929","targetHints":{"allow":["GET"]}}],"collection":[{"href":"https:\/\/www.notibras.com\/site\/wp-json\/wp\/v2\/posts"}],"about":[{"href":"https:\/\/www.notibras.com\/site\/wp-json\/wp\/v2\/types\/post"}],"author":[{"embeddable":true,"href":"https:\/\/www.notibras.com\/site\/wp-json\/wp\/v2\/users\/2"}],"replies":[{"embeddable":true,"href":"https:\/\/www.notibras.com\/site\/wp-json\/wp\/v2\/comments?post=1929"}],"version-history":[{"count":0,"href":"https:\/\/www.notibras.com\/site\/wp-json\/wp\/v2\/posts\/1929\/revisions"}],"wp:featuredmedia":[{"embeddable":true,"href":"https:\/\/www.notibras.com\/site\/wp-json\/wp\/v2\/media\/1930"}],"wp:attachment":[{"href":"https:\/\/www.notibras.com\/site\/wp-json\/wp\/v2\/media?parent=1929"}],"wp:term":[{"taxonomy":"category","embeddable":true,"href":"https:\/\/www.notibras.com\/site\/wp-json\/wp\/v2\/categories?post=1929"},{"taxonomy":"post_tag","embeddable":true,"href":"https:\/\/www.notibras.com\/site\/wp-json\/wp\/v2\/tags?post=1929"}],"curies":[{"name":"wp","href":"https:\/\/api.w.org\/{rel}","templated":true}]}}