{"id":19291,"date":"2014-08-12T15:26:34","date_gmt":"2014-08-12T18:26:34","guid":{"rendered":"http:\/\/www.notibras.com\/site\/?p=19291"},"modified":"2014-08-12T15:27:17","modified_gmt":"2014-08-12T18:27:17","slug":"crivella-recebeu-doacoes-de-empreiteiras-em-campanhas-anteriores","status":"publish","type":"post","link":"https:\/\/www.notibras.com\/site\/crivella-recebeu-doacoes-de-empreiteiras-em-campanhas-anteriores\/","title":{"rendered":"Crivella recebeu doa\u00e7\u00f5es de empreiteiras em anos anteriores"},"content":{"rendered":"<p>O candidato do PRB a governador do Rio de Janeiro, senador Marcelo Crivella, alardeia reportagens veiculadas na m\u00eddia e repercutidas nas redes sociais, de que entre os principais quatro candidatos ao governo fluminense, ele \u00e9 o \u00fanico que n\u00e3o tem processos na Justi\u00e7a e avisou na semana passada que n\u00e3o aceitar\u00e1 doa\u00e7\u00f5es de empreiteiras na campanha deste ano.<\/p>\n<p>\u201c\u00c9 preciso ter padr\u00f5es \u00e9ticos. A gente n\u00e3o pode receber doa\u00e7\u00f5es de R$ 8 milh\u00f5es se essas doa\u00e7\u00f5es v\u00eam das grandes empreiteiras\u201d, declarou o candidato.<\/p>\n<p>Por\u00e9m, nas cinco \u00faltimas campanhas que disputou (2006 para governador, 2008 para prefeito e 2010 para senador), Crivella recebeu mais de R$ 1 milh\u00e3o de empreiteiras e construtoras \u2013 entre elas a OAS, Carioca Engenharia e outras 14 empresas do setor. A expectativa de seu eleitorado \u00e9 que desta vez seja diferente.<\/p>\n<p>Na primeira presta\u00e7\u00e3o de contas parcial, o senador recebeu R$ 212.363, de parentes dele e de familiares do tio e bispo-fundador da Igreja Universal do Reino de Deus, Edir Macedo; al\u00e9m de correligion\u00e1rios.<\/p>\n","protected":false},"excerpt":{"rendered":"<p>O candidato do PRB a governador do Rio de Janeiro, senador Marcelo Crivella, alardeia reportagens veiculadas na m\u00eddia e repercutidas nas redes sociais, de que entre os principais quatro candidatos ao governo fluminense, ele \u00e9 o \u00fanico que n\u00e3o tem processos na Justi\u00e7a e avisou na semana passada que n\u00e3o aceitar\u00e1 doa\u00e7\u00f5es de empreiteiras na [&hellip;]<\/p>\n","protected":false},"author":1,"featured_media":19295,"comment_status":"open","ping_status":"closed","sticky":false,"template":"","format":"standard","meta":{"_acf_changed":false,"footnotes":""},"categories":[33],"tags":[],"class_list":["post-19291","post","type-post","status-publish","format-standard","has-post-thumbnail","hentry","category-eleicoes-2014"],"acf":[],"_links":{"self":[{"href":"https:\/\/www.notibras.com\/site\/wp-json\/wp\/v2\/posts\/19291","targetHints":{"allow":["GET"]}}],"collection":[{"href":"https:\/\/www.notibras.com\/site\/wp-json\/wp\/v2\/posts"}],"about":[{"href":"https:\/\/www.notibras.com\/site\/wp-json\/wp\/v2\/types\/post"}],"author":[{"embeddable":true,"href":"https:\/\/www.notibras.com\/site\/wp-json\/wp\/v2\/users\/1"}],"replies":[{"embeddable":true,"href":"https:\/\/www.notibras.com\/site\/wp-json\/wp\/v2\/comments?post=19291"}],"version-history":[{"count":0,"href":"https:\/\/www.notibras.com\/site\/wp-json\/wp\/v2\/posts\/19291\/revisions"}],"wp:featuredmedia":[{"embeddable":true,"href":"https:\/\/www.notibras.com\/site\/wp-json\/wp\/v2\/media\/19295"}],"wp:attachment":[{"href":"https:\/\/www.notibras.com\/site\/wp-json\/wp\/v2\/media?parent=19291"}],"wp:term":[{"taxonomy":"category","embeddable":true,"href":"https:\/\/www.notibras.com\/site\/wp-json\/wp\/v2\/categories?post=19291"},{"taxonomy":"post_tag","embeddable":true,"href":"https:\/\/www.notibras.com\/site\/wp-json\/wp\/v2\/tags?post=19291"}],"curies":[{"name":"wp","href":"https:\/\/api.w.org\/{rel}","templated":true}]}}