{"id":19294,"date":"2014-08-12T15:27:36","date_gmt":"2014-08-12T18:27:36","guid":{"rendered":"http:\/\/www.notibras.com\/site\/?p=19294"},"modified":"2014-08-12T15:30:51","modified_gmt":"2014-08-12T18:30:51","slug":"candidato-capixaba-briga-para-manter-registro-na-urna-como-batman","status":"publish","type":"post","link":"https:\/\/www.notibras.com\/site\/candidato-capixaba-briga-para-manter-registro-na-urna-como-batman\/","title":{"rendered":"Candidato capixaba briga para manter registro como Batman"},"content":{"rendered":"<p>Arquires de Souza Ferreira \u00e9 candidato pela primeira vez a um cargo pol\u00edtico, para\u00a0deputado estadual no Esp\u00edrito Santo, pelo PRP. No entanto, revela o Terra, ele j\u00e1 \u00e9 bem conhecido na Regi\u00e3o Metropolitana de Vit\u00f3ria, principalmente no mun\u00edcipio de Serra, onde reside.<\/p>\n<p>O motivo: h\u00e1 anos ele foi apelidado de Batman Capixaba, pois costuma circular pela cidade com uma fantasia do super-her\u00f3i, al\u00e9m de usar acess\u00f3rios como uma bicicleta customizada, chamada \u201cbike m\u00f3vel\u201d.<\/p>\n<p class=\"text\">Coletor de limpeza p\u00fablica, Arquires disse que sempre participou de manifesta\u00e7\u00f5es e lutou por melhores condi\u00e7\u00f5es de trabalho. Ele, que acabou se tornando popular na Grande Vit\u00f3ria, afirmou\u00a0que ofereceram entre R$ 20 mil e R$ 50 mil para que ele renunciasse \u00e0 candidatura.<\/p>\n<blockquote>\n<p class=\"text\">&#8220;Eu sairia como mentiroso e a popula\u00e7\u00e3o em geral, que est\u00e1 do lado do Batman, iria falar: &#8216;ele n\u00e3o \u00e9 o Batman, ele \u00e9 o Coringa, ele \u00e9 o Pinguim'&#8221;, disse, em refer\u00eancia aos vil\u00f5es do super-her\u00f3i.<\/p>\n<\/blockquote>\n<p class=\"text\">Nascido em Nanuque, em Minas Gerais, Arquires se mudou para o Esp\u00edrito Santo aos 9 anos: \u201cda minha parte, eu sou totalmente capixaba\u201d. O in\u00edcio da transforma\u00e7\u00e3o no Batman, segundo ele, come\u00e7ou aos 15 anos. \u201cEu sempre fui um garoto democr\u00e1tico, sempre fiquei revoltado com coisas erradas\u201d, contou.<\/p>\n<p class=\"text\">\u201cEu j\u00e1 tinha a minha intui\u00e7\u00e3o de Batman. Tinham os filmes, que eu gosto bastante. Mas eu n\u00e3o tinha condi\u00e7\u00f5es de comprar o uniforme para ter mais destaque\u201d, completou, ao destacar que, na onda de protestos do ano passado, ele conseguiu finalizar sua fantasia. \u201cEu sou o Batman Capixaba revoltado contra as injusti\u00e7as.\u201d<\/p>\n<p class=\"text\">Antes de usar a fantasia, o gari j\u00e1 era conhecido como o super-her\u00f3i devido aos seus acess\u00f3rios. Al\u00e9m da \u201cbike m\u00f3vel\u201d, que conta com GPS e materiais reciclados, ele tamb\u00e9m tem um carrinho de supermercado adaptado. \u201cVoc\u00ea j\u00e1 viu um carrinho de supermercado do futuro? Tipo assim, voc\u00ea est\u00e1 estressado naquela fila imensa, voc\u00ea fica curtindo um videoclipe, o carrinho tamb\u00e9m tem seta. E eu s\u00f3 fa\u00e7o compras todo <em>(vestido)<\/em> de Batman, a crian\u00e7ada adora\u201d, descreveu.<\/p>\n<p class=\"text\">As principais propostas de Arquires s\u00e3o destinadas \u00e0 educa\u00e7\u00e3o, mobilidade urbana e melhoria nas condi\u00e7\u00f5es de trabalho de servidores terceirizados. Atualmente desempregado, o gari afirmou que foi demitido por fazer constantes den\u00fancias sobre a companhia de coleta de lixo em que trabalhava.<\/p>\n<blockquote>\n<p class=\"text\">\u201cSe n\u00e3o f\u00f4ssemos\u00a0n\u00f3s, os pequeninos que trabalham nessas \u00e1reas, os grand\u00f5es, os magnatas, estariam vivendo no meio do lixo\u201d, disse ele, ao acrescentar que a empresa n\u00e3o fornece roupas adequadas e que a classe n\u00e3o \u00e9 devidamente valorizada.<\/p>\n<\/blockquote>\n<p class=\"text\">Quando o assunto \u00e9 educa\u00e7\u00e3o, Arquires afirmou que pretende criar cursos profissionalizantes gratuitos e aumentar o sal\u00e1rio dos professores. \u201cSe n\u00e3o fosse\u00a0pelos professores, eu seria um Batman que n\u00e3o saberia fazer nem a letra \u2018a\u2019. Eu n\u00e3o usaria a minha mente para inventar coisas criativas\u201d, frisou. \u201cSem eles, n\u00e3o haveria futuro no nosso Pa\u00eds.\u201d<\/p>\n<p class=\"text\">Confiante na campanha &#8211; \u201ceu vou ser sincero, o Estado todinho, a maioria do p\u00fablico, s\u00f3 se v\u00ea falar do Batman, seja classe alta, m\u00e9dia, humilde\u201d -, Arquires relatou que est\u00e1 com problemas para ter o seu nome de urna autorizado pelo Tribunal Regional Eleitoral (TRE). \u201cSe eles n\u00e3o querem que eu use o meu apelido, pelo menos a minha foto de Batman Capixaba tem que estar, ou vice-versa\u201d, disse.<\/p>\n<p class=\"text\">\u201cEu me destaquei com o meu apelido, o povo capixaba que colocou em mim e tenho o maior prazer em ser chamado assim. Ent\u00e3o eu acho uma picardia n\u00e3o deixar eu usar, tem parente meu que n\u00e3o sabe nem como se escreve o meu nome. Ningu\u00e9m me conhece como Arquires\u201d, reclamou. \u201cSe o TRE est\u00e1 questionando isso, porque eles n\u00e3o se atentam ao Ficha Limpa?\u201d, finalizou.<\/p>\n<p class=\"text\">O partido de Arquires (PRP) faz parte da coliga\u00e7\u00e3o com o PSB, que tem Paulo Hartung como candidato a governador e Eduardo Campos a presidente.<\/p>\n","protected":false},"excerpt":{"rendered":"<p>Arquires de Souza Ferreira \u00e9 candidato pela primeira vez a um cargo pol\u00edtico, para\u00a0deputado estadual no Esp\u00edrito Santo, pelo PRP. No entanto, revela o Terra, ele j\u00e1 \u00e9 bem conhecido na Regi\u00e3o Metropolitana de Vit\u00f3ria, principalmente no mun\u00edcipio de Serra, onde reside. O motivo: h\u00e1 anos ele foi apelidado de Batman Capixaba, pois costuma circular [&hellip;]<\/p>\n","protected":false},"author":2,"featured_media":19297,"comment_status":"open","ping_status":"closed","sticky":false,"template":"","format":"standard","meta":{"_acf_changed":false,"footnotes":""},"categories":[33],"tags":[],"class_list":["post-19294","post","type-post","status-publish","format-standard","has-post-thumbnail","hentry","category-eleicoes-2014"],"acf":[],"_links":{"self":[{"href":"https:\/\/www.notibras.com\/site\/wp-json\/wp\/v2\/posts\/19294","targetHints":{"allow":["GET"]}}],"collection":[{"href":"https:\/\/www.notibras.com\/site\/wp-json\/wp\/v2\/posts"}],"about":[{"href":"https:\/\/www.notibras.com\/site\/wp-json\/wp\/v2\/types\/post"}],"author":[{"embeddable":true,"href":"https:\/\/www.notibras.com\/site\/wp-json\/wp\/v2\/users\/2"}],"replies":[{"embeddable":true,"href":"https:\/\/www.notibras.com\/site\/wp-json\/wp\/v2\/comments?post=19294"}],"version-history":[{"count":0,"href":"https:\/\/www.notibras.com\/site\/wp-json\/wp\/v2\/posts\/19294\/revisions"}],"wp:featuredmedia":[{"embeddable":true,"href":"https:\/\/www.notibras.com\/site\/wp-json\/wp\/v2\/media\/19297"}],"wp:attachment":[{"href":"https:\/\/www.notibras.com\/site\/wp-json\/wp\/v2\/media?parent=19294"}],"wp:term":[{"taxonomy":"category","embeddable":true,"href":"https:\/\/www.notibras.com\/site\/wp-json\/wp\/v2\/categories?post=19294"},{"taxonomy":"post_tag","embeddable":true,"href":"https:\/\/www.notibras.com\/site\/wp-json\/wp\/v2\/tags?post=19294"}],"curies":[{"name":"wp","href":"https:\/\/api.w.org\/{rel}","templated":true}]}}