{"id":19300,"date":"2014-08-12T15:33:33","date_gmt":"2014-08-12T18:33:33","guid":{"rendered":"http:\/\/www.notibras.com\/site\/?p=19300"},"modified":"2014-08-12T15:34:09","modified_gmt":"2014-08-12T18:34:09","slug":"lupi-consegue-apoio-de-aliados-de-paes-para-o-senado","status":"publish","type":"post","link":"https:\/\/www.notibras.com\/site\/lupi-consegue-apoio-de-aliados-de-paes-para-o-senado\/","title":{"rendered":"Lupi consegue apoio de aliados de Eduardo Paes para o Senado"},"content":{"rendered":"<p>O candidato do PDT a senador, Carlos Lupi, continua obtendo apoios do lado do tamb\u00e9m candidato e advers\u00e1rio na disputa pelo Senado, o vereador carioca Cesar Maia (DEM), da chapa do governador e candidato \u00e0 reelei\u00e7\u00e3o, Luiz Fernando Pez\u00e3o (PMDB). Em um evento na noite da \u00faltima segunda-feira, em um restaurante em Curicica, bairro da zona oeste do Rio, o candidato a deputado federal Pedro Paulo (PMDB), ex-chefe da Casa Civil do prefeito Eduardo Paes, desafeto pol\u00edtico de Maia e que foi contra a entrada dele na coliga\u00e7\u00e3o, e o ex-subsecret\u00e1rio da Barra da Tijuca e Jacarepagu\u00e1 e candidato a deputado estadual Thiago Mohamed (PMDB), resolveram apoiar o pedetista.<\/p>\n<p>O evento contou ainda com a participa\u00e7\u00e3o do vereador Luiz Antonio Guaran\u00e1 (PMDB) e do atual subprefeito da Barra e Jacarepagu\u00e1, Alex Costa, que tamb\u00e9m s\u00e3o aliados de Paes e angariaram votos para Lupi, al\u00e9m de militantes do PDT e do PMDB. Pedro Paulo, considerado poss\u00edvel sucessor de Paes na Prefeitura do Rio, em 2016, salientou que a parceria com Lupi vem desde 1993, quando iniciou na pol\u00edtica junto de Paes.<\/p>\n<p>&#8220;Sua presen\u00e7a aqui \u00e9 muito simb\u00f3lica. S\u00e3o 20 anos de vida p\u00fablica. Sempre estivemos ao lado do prefeito do Eduardo Paes. Isso se chama lealdade. \u00c9 uma palavra que n\u00e3o pode ser esquecida. Se tem algu\u00e9m na vida p\u00fablica que \u00e9 um pol\u00edtico com hist\u00f3ria e parceiros, essa pessoa se chama Carlos Lupi. Foi o bra\u00e7o direito e esquerdo do nosso Leonel Brizola. Vamos coloc\u00e1-lo no Senado. Aqui n\u00e3o tem jogador de futebol ou ator, aqui tem trabalhador. Sempre atuando para melhorar a vida das pessoas&#8221;, salientou.<\/p>\n<p>Para Lupi, \u201c\u00e9 um orgulho ver uma gera\u00e7\u00e3o que vem dando certo e estar com o que h\u00e1 de melhor na pol\u00edtica do Rio\u201d, incluindo Eduardo Paes. &#8220;Eu tenho 57 anos de idade e vi o Eduardo ser o melhor prefeito que o Rio j\u00e1 teve. Brizola me ensinou a dedica\u00e7\u00e3o pela causa dos pobres e dos mais necessitados. Essa gera\u00e7\u00e3o trata com carinho o munic\u00edpio, que, antigamente, era sempre usado. O Eduardo mudou tudo isso. Estou no time do Eduardo Paes&#8221;, declarou.<\/p>\n<p>&#8220;Essa elei\u00e7\u00e3o ser\u00e1 diferente. A popula\u00e7\u00e3o est\u00e1 descrente. O pol\u00edtico \u00e9 o reflexo da sociedade. Temos que retomar os valores da fam\u00edlia. Para mudar, temos que informar e esclarecer. E devemos chegar nisso pela educa\u00e7\u00e3o. Bras\u00edlia \u00e9 local para trabalhar e trazer recursos para o estado e para os munic\u00edpios. N\u00e3o \u00e9 para construir campo de futebol ou cidade da M\u00fasica&#8221;, concluiu, citando obras de Maia quando prefeito do Rio.<\/p>\n","protected":false},"excerpt":{"rendered":"<p>O candidato do PDT a senador, Carlos Lupi, continua obtendo apoios do lado do tamb\u00e9m candidato e advers\u00e1rio na disputa pelo Senado, o vereador carioca Cesar Maia (DEM), da chapa do governador e candidato \u00e0 reelei\u00e7\u00e3o, Luiz Fernando Pez\u00e3o (PMDB). Em um evento na noite da \u00faltima segunda-feira, em um restaurante em Curicica, bairro da [&hellip;]<\/p>\n","protected":false},"author":1,"featured_media":19303,"comment_status":"open","ping_status":"closed","sticky":false,"template":"","format":"standard","meta":{"_acf_changed":false,"footnotes":""},"categories":[33],"tags":[],"class_list":["post-19300","post","type-post","status-publish","format-standard","has-post-thumbnail","hentry","category-eleicoes-2014"],"acf":[],"_links":{"self":[{"href":"https:\/\/www.notibras.com\/site\/wp-json\/wp\/v2\/posts\/19300","targetHints":{"allow":["GET"]}}],"collection":[{"href":"https:\/\/www.notibras.com\/site\/wp-json\/wp\/v2\/posts"}],"about":[{"href":"https:\/\/www.notibras.com\/site\/wp-json\/wp\/v2\/types\/post"}],"author":[{"embeddable":true,"href":"https:\/\/www.notibras.com\/site\/wp-json\/wp\/v2\/users\/1"}],"replies":[{"embeddable":true,"href":"https:\/\/www.notibras.com\/site\/wp-json\/wp\/v2\/comments?post=19300"}],"version-history":[{"count":0,"href":"https:\/\/www.notibras.com\/site\/wp-json\/wp\/v2\/posts\/19300\/revisions"}],"wp:featuredmedia":[{"embeddable":true,"href":"https:\/\/www.notibras.com\/site\/wp-json\/wp\/v2\/media\/19303"}],"wp:attachment":[{"href":"https:\/\/www.notibras.com\/site\/wp-json\/wp\/v2\/media?parent=19300"}],"wp:term":[{"taxonomy":"category","embeddable":true,"href":"https:\/\/www.notibras.com\/site\/wp-json\/wp\/v2\/categories?post=19300"},{"taxonomy":"post_tag","embeddable":true,"href":"https:\/\/www.notibras.com\/site\/wp-json\/wp\/v2\/tags?post=19300"}],"curies":[{"name":"wp","href":"https:\/\/api.w.org\/{rel}","templated":true}]}}