{"id":19310,"date":"2014-08-12T16:02:00","date_gmt":"2014-08-12T19:02:00","guid":{"rendered":"http:\/\/www.notibras.com\/site\/?p=19310"},"modified":"2014-08-13T21:57:50","modified_gmt":"2014-08-14T00:57:50","slug":"brasileiro-fica-mais-apertado-e-calote-nas-contas-cresce-mais-de-4","status":"publish","type":"post","link":"https:\/\/www.notibras.com\/site\/brasileiro-fica-mais-apertado-e-calote-nas-contas-cresce-mais-de-4\/","title":{"rendered":"Brasileiro fica mais apertado e calote nas contas cresce 4%"},"content":{"rendered":"<p>O n\u00famero de pessoas inadimplentes registrado no banco de dados do Servi\u00e7o de Prote\u00e7\u00e3o ao Cr\u00e9dito (SPC) e da Confedera\u00e7\u00e3o Nacional dos Dirigentes Lojistas (CNDL) cresceu 4,43% em julho, na compara\u00e7\u00e3o com o mesmo m\u00eas de 2013. O percentual ficou ligeiramente acima do encontrado naquele ano, quando a inadimpl\u00eancia havia apresentado uma alta de 4,36%.<\/p>\n<p>Na compara\u00e7\u00e3o com o m\u00eas anterior (junho), a inadimpl\u00eancia [pagamentos com mais de 90 dias de atraso] aumentou 0,42%, o que, segundo o estudo divulgado pela CNDL, configura um \u201ccrescimento superior a todas as taxas mensais para os meses de julho desde 2010\u201d. Na avalia\u00e7\u00e3o do SPC, o cen\u00e1rio evidencia um \u201ccen\u00e1rio de fraca atividade econ\u00f4mica\u201d.<\/p>\n<p>Um indicador de inadimpl\u00eancia tamb\u00e9m foi divulgado mais cedo pela Serasa, registrando alta de 4% em julho, em rela\u00e7\u00e3o a junho, e de 11% na compara\u00e7\u00e3o com julho de 2013. Segundo a assessoria do SPC, a disparidade entre os resultados\u00a0 se deve \u00e0s diferen\u00e7as de metodologia, de clientes e de carteira de cr\u00e9dito.<\/p>\n<blockquote><p>Na pesquisa SPC, cresceu tamb\u00e9m o n\u00famero de d\u00edvidas em atraso: 5,29%, na compara\u00e7\u00e3o julho de 2014 com julho de 2013. \u00c9 o maior avan\u00e7o anual registrado desde o in\u00edcio de 2013. \u201cEsse valor \u00e9 maior porque h\u00e1 algumas pessoas com mais de uma d\u00edvida [no mesmo CPF]\u201d, explicou a economista do SPC Brasil, Marcela Kawauti.<\/p><\/blockquote>\n<p>Segundo ela, os itens que mais est\u00e3o puxando essas d\u00edvidas s\u00e3o as contas de \u00e1gua, luz, esgoto e g\u00e1s, que registraram uma alta de 14,55%, na compara\u00e7\u00e3o com a inadimpl\u00eancia ocorrida em julho de 2013. \u201cMas isso s\u00f3 est\u00e1 acontecendo porque, antes, essas empresas n\u00e3o negativavam tanto seus consumidores. Mais recentemente, elas come\u00e7aram a fazer isso porque t\u00eam interesse em resolver de forma mais r\u00e1pida o problema\u201d.<\/p>\n<p>Enquanto o crescimento de d\u00edvidas com atraso de at\u00e9 90 dias tiveram crescimento de 9,36%, as entre 91 e 180 dias chegaram a 8,62%; as d\u00edvidas com atraso entre 181 e 360 dias cresceram 2,04%; as com atraso entre 361 dias e tr\u00eas anos aumentou 2,39%; e as com mais de tr\u00eas anos, 5,63%. \u201cO crescimento de d\u00edvidas at\u00e9 90 dias e at\u00e9 180 dias ainda \u00e9 o mais forte, mas elas t\u00eam perdido f\u00f4lego, enquanto as com maior tempo de atraso t\u00eam crescido\u201d, detalhou a economista.<\/p>\n<p>A economista explica que h\u00e1 um movimento de queda da inadimpl\u00eancia entre as pessoas mais jovens, e uma tend\u00eancia de aumento da inadimpl\u00eancia entre os mais velhos. De acordo com o estudo, a inadimpl\u00eancia diminuiu 5,99% entre pessoas com faixa et\u00e1ria entre 18 e 24 anos, na compara\u00e7\u00e3o com julho de 2013. Entre pessoas entre 50 e 64 anos, ela aumentou 5,92%; e 8,17% entre pessoas com idade entre 65 e 84 anos.<\/p>\n<p>\u201cAlguns fatores influenciam esse cen\u00e1rio. Um deles \u00e9 o fato de os mais velhos ajudarem a filhos e netos [com problemas financeiros]. Outro est\u00e1 relacionado \u00e0 maior oferta de cr\u00e9dito aos mais velhos, algo que antigamente n\u00e3o existia\u201d, disse Marcela Kawauti.<\/p>\n<p>De acordo com a CNDL, a maior parte dos compromissos em atraso est\u00e1 ligada a bancos. Os cart\u00f5es de cr\u00e9dito de credenciadoras \u00e9 citado por 46% das pessoas inadimplentes. J\u00e1 o cart\u00e3o de cr\u00e9dito de lojas foi citado por 39% das pessoas; e empr\u00e9stimos obtidos em bancos ou financeiras, por 15%. Para 12%, a inadimpl\u00eancia se deve a atrasos no pagamento de cheques, notas promiss\u00f3rias ou carn\u00eas; e 10% citou o cheque especial.<\/p>\n<p><strong>Pedro Peduzzi, Br<\/strong><\/p>\n","protected":false},"excerpt":{"rendered":"<p>O n\u00famero de pessoas inadimplentes registrado no banco de dados do Servi\u00e7o de Prote\u00e7\u00e3o ao Cr\u00e9dito (SPC) e da Confedera\u00e7\u00e3o Nacional dos Dirigentes Lojistas (CNDL) cresceu 4,43% em julho, na compara\u00e7\u00e3o com o mesmo m\u00eas de 2013. O percentual ficou ligeiramente acima do encontrado naquele ano, quando a inadimpl\u00eancia havia apresentado uma alta de 4,36%. [&hellip;]<\/p>\n","protected":false},"author":2,"featured_media":19311,"comment_status":"open","ping_status":"closed","sticky":false,"template":"","format":"standard","meta":{"_acf_changed":false,"footnotes":""},"categories":[16],"tags":[],"class_list":["post-19310","post","type-post","status-publish","format-standard","has-post-thumbnail","hentry","category-brasil"],"acf":[],"_links":{"self":[{"href":"https:\/\/www.notibras.com\/site\/wp-json\/wp\/v2\/posts\/19310","targetHints":{"allow":["GET"]}}],"collection":[{"href":"https:\/\/www.notibras.com\/site\/wp-json\/wp\/v2\/posts"}],"about":[{"href":"https:\/\/www.notibras.com\/site\/wp-json\/wp\/v2\/types\/post"}],"author":[{"embeddable":true,"href":"https:\/\/www.notibras.com\/site\/wp-json\/wp\/v2\/users\/2"}],"replies":[{"embeddable":true,"href":"https:\/\/www.notibras.com\/site\/wp-json\/wp\/v2\/comments?post=19310"}],"version-history":[{"count":0,"href":"https:\/\/www.notibras.com\/site\/wp-json\/wp\/v2\/posts\/19310\/revisions"}],"wp:featuredmedia":[{"embeddable":true,"href":"https:\/\/www.notibras.com\/site\/wp-json\/wp\/v2\/media\/19311"}],"wp:attachment":[{"href":"https:\/\/www.notibras.com\/site\/wp-json\/wp\/v2\/media?parent=19310"}],"wp:term":[{"taxonomy":"category","embeddable":true,"href":"https:\/\/www.notibras.com\/site\/wp-json\/wp\/v2\/categories?post=19310"},{"taxonomy":"post_tag","embeddable":true,"href":"https:\/\/www.notibras.com\/site\/wp-json\/wp\/v2\/tags?post=19310"}],"curies":[{"name":"wp","href":"https:\/\/api.w.org\/{rel}","templated":true}]}}