{"id":1932,"date":"2014-02-17T11:18:13","date_gmt":"2014-02-17T14:18:13","guid":{"rendered":"http:\/\/www.notibras.com\/site\/?p=1932"},"modified":"2014-02-17T11:19:21","modified_gmt":"2014-02-17T14:19:21","slug":"naufragio-do-socialismo-e-uma-abordagem-do-neocapitalismo","status":"publish","type":"post","link":"https:\/\/www.notibras.com\/site\/naufragio-do-socialismo-e-uma-abordagem-do-neocapitalismo\/","title":{"rendered":"Naufr\u00e1gio do socialismo e uma abordagem do neocapitalismo"},"content":{"rendered":"<p>O bloco socialista se desintegrou antes de completar um s\u00e9culo. A Uni\u00e3o Sovi\u00e9tica se esfacelou e os pa\u00edses que a integravam adotaram o capitalismo como sistema econ\u00f4mico e sin\u00f4nimo de democracia.<\/p>\n<p>Tudo aquilo que o socialismo pretendia e que, em certa medida, alcan\u00e7ara \u2013 redu\u00e7\u00e3o da desigualdade social, garantia do pleno emprego, sa\u00fade e educa\u00e7\u00e3o gratuitos e de qualidade, controle da infla\u00e7\u00e3o etc. \u2013 desapareceu para dar lugar a todas as caracter\u00edsticas desumanas do neoliberalismo capitalista: a pessoa encarada n\u00e3o como cidad\u00e3, e sim como consumista; o ideal de vida reduzido ao hedonismo; a explora\u00e7\u00e3o da for\u00e7a de trabalho e a apropria\u00e7\u00e3o privada da mais-valia; a especula\u00e7\u00e3o financeira; a degrada\u00e7\u00e3o da condi\u00e7\u00e3o humana atrav\u00e9s da prostitui\u00e7\u00e3o, da ind\u00fastria pornogr\u00e1fica, da criminalidade e do consumo de \u00e1lcool e drogas.<\/p>\n<p>\u00c9 dever de todos que se consideram de esquerda se perguntar quais as causas do desaparecimento do socialismo na Europa. H\u00e1 um amplo leque de causas, que v\u00e3o da conjuntura econ\u00f4mica de um mundo bipolar hegemonizado pelo capitalismo \u00e0s press\u00f5es b\u00e9licas em decorr\u00eancia da Guerra Fria.<\/p>\n<p>Entre tantas causas destaco uma de car\u00e1ter subjetivo, ideol\u00f3gico: o papel do educador na forma\u00e7\u00e3o de seus alunos.<\/p>\n<p>Devo dizer que, antes da queda do Muro de Berlim, tive a oportunidade de visitar China, Tchecoslov\u00e1quia, duas vezes a Pol\u00f4nia e a Alemanha Oriental, e tr\u00eas a Uni\u00e3o Sovi\u00e9tica.<\/p>\n<p>O socialismo europeu cometeu o erro de supor que seriam naturalmente socialistas pessoas nascidas em uma sociedade socialista. Esqueceu-se da afirma\u00e7\u00e3o de Marx de que a consci\u00eancia reflete as condi\u00e7\u00f5es materiais de exist\u00eancia, mas tamb\u00e9m influi e modifica essas condi\u00e7\u00f5es. H\u00e1 uma intera\u00e7\u00e3o dial\u00e9tica entre sujeito e realidade na qual ele se insere.<\/p>\n<p>Em primeira inst\u00e2ncia, e n\u00e3o em \u00faltima, nascemos todos autocentrados. &#8220;O amor \u00e9 um produto cultural\u201d, teria dito L\u00eanin. Resulta do desdobramento de nosso ego, o que se obt\u00e9m atrav\u00e9s de pr\u00e1ticas que infundam valores altru\u00edstas, gestos solid\u00e1rios, ideais coletivos pelos quais a vida ganha sentido e a morte deixa de ser encarada como fracasso ou derrota.<\/p>\n<p>Segundo Lyotard, o que caracteriza a p\u00f3s-modernidade \u00e9 n\u00e3o saber responder a quest\u00e3o do sentido da vida. Este o papel do educador: n\u00e3o apenas transmitir conhecimentos, facilitar pedagogicamente o acesso ao patrim\u00f4nio cultural da na\u00e7\u00e3o e da humanidade, mas tamb\u00e9m suscitar no educando o esp\u00edrito cr\u00edtico, a atitude \u00e9tica, a busca do homem e da mulher novos em um mundo verdadeiramente humanizado.<\/p>\n<p>Ora, isso jamais ser\u00e1 poss\u00edvel se n\u00e3o se propicia ao magist\u00e9rio um processo de forma\u00e7\u00e3o permanente. \u00c9 um equivoco julgar que professores s\u00e3o todos imbu\u00eddos de valores nobres. Nenhum de n\u00f3s \u00e9 totalmente invulner\u00e1vel \u00e0s sedu\u00e7\u00f5es capitalistas, aos atrativos do individualismo, \u00e0 tenta\u00e7\u00e3o de acomodamento e indiferen\u00e7a frente ao sofrimento alheio e \u00e0s car\u00eancias coletivas.<\/p>\n<p>Estamos todos permanentemente sujeitos \u00e0s influ\u00eancias nocivas que satisfazem o nosso ego e tendem a nos imobilizar quando se trata de correr riscos e abrir m\u00e3o de prest\u00edgio, poder e dinheiro. A corrup\u00e7\u00e3o \u00e9 uma erva daninha inerente ao capitalismo e ao socialismo. Jamais haver\u00e1 um sistema social no qual a \u00e9tica se destaque como virtude inerente a todos que nele vivem e trabalham.<\/p>\n<p>Se n\u00e3o \u00e9 poss\u00edvel alcan\u00e7ar a utopia de \u00e9tica na pol\u00edtica, \u00e9 preciso conquistar a \u00e9tica da pol\u00edtica. Da\u00ed a import\u00e2ncia de uma profunda reforma pol\u00edtica. Criar uma institucionalidade pol\u00edtica que nos impe\u00e7a &#8220;cair em tenta\u00e7\u00e3o\u201d quanto \u00e0 falta de \u00e9tica.<\/p>\n<p>Isso s\u00f3 ser\u00e1 poss\u00edvel em um sistema no qual inexista a impunidade e o desejo de ser corruptor ou corrompido n\u00e3o seja alcan\u00e7ado. Tal objetivo n\u00e3o se atinge por meio de repress\u00e3o e penalidades, embora elas sejam necess\u00e1rias. O mais importante \u00e9 o trabalho pedag\u00f3gico, a emula\u00e7\u00e3o moral, tarefa na qual os professores desempenham papel preponderante por lidarem com a forma\u00e7\u00e3o da consci\u00eancia das novas gera\u00e7\u00f5es.<\/p>\n<p>O professor deve ter atitudes pautadas pela constru\u00e7\u00e3o de uma identidade humana na qual haja adequa\u00e7\u00e3o entre ess\u00eancia e exist\u00eancia. Saber ministrar sua disciplina escolar contextualizando-a na conjuntura hist\u00f3rica em que se insere.<\/p>\n<p>O papel n\u00famero um do educador n\u00e3o \u00e9 formar m\u00e3o de obra especializada ou qualificada para o mercado de trabalho. \u00c9 formar seres humanos felizes, dignos, dotados de consci\u00eancia cr\u00edtica, participantes ativos no desafio permanente de aprimorar a sociedade e o mundo em que vivemos.<\/p>\n<p><strong>Frei Betto \u00e9 escritor<\/strong><\/p>\n","protected":false},"excerpt":{"rendered":"<p>O bloco socialista se desintegrou antes de completar um s\u00e9culo. A Uni\u00e3o Sovi\u00e9tica se esfacelou e os pa\u00edses que a integravam adotaram o capitalismo como sistema econ\u00f4mico e sin\u00f4nimo de democracia. Tudo aquilo que o socialismo pretendia e que, em certa medida, alcan\u00e7ara \u2013 redu\u00e7\u00e3o da desigualdade social, garantia do pleno emprego, sa\u00fade e educa\u00e7\u00e3o [&hellip;]<\/p>\n","protected":false},"author":2,"featured_media":1935,"comment_status":"open","ping_status":"closed","sticky":false,"template":"","format":"standard","meta":{"_acf_changed":false,"footnotes":""},"categories":[25],"tags":[],"class_list":["post-1932","post","type-post","status-publish","format-standard","has-post-thumbnail","hentry","category-opina-ai"],"acf":[],"yoast_head":"<!-- This site is optimized with the Yoast SEO plugin v27.5 - https:\/\/yoast.com\/product\/yoast-seo-wordpress\/ -->\n<title>Naufr\u00e1gio do socialismo e uma abordagem do neocapitalismo - Notibras<\/title>\n<meta name=\"robots\" content=\"index, follow, max-snippet:-1, max-image-preview:large, max-video-preview:-1\" \/>\n<link rel=\"canonical\" href=\"https:\/\/www.notibras.com\/site\/naufragio-do-socialismo-e-uma-abordagem-do-neocapitalismo\/\" \/>\n<meta property=\"og:locale\" content=\"pt_BR\" \/>\n<meta property=\"og:type\" content=\"article\" \/>\n<meta property=\"og:title\" content=\"Naufr\u00e1gio do socialismo e uma abordagem do neocapitalismo - Notibras\" \/>\n<meta property=\"og:description\" content=\"O bloco socialista se desintegrou antes de completar um s\u00e9culo. A Uni\u00e3o Sovi\u00e9tica se esfacelou e os pa\u00edses que a integravam adotaram o capitalismo como sistema econ\u00f4mico e sin\u00f4nimo de democracia. Tudo aquilo que o socialismo pretendia e que, em certa medida, alcan\u00e7ara \u2013 redu\u00e7\u00e3o da desigualdade social, garantia do pleno emprego, sa\u00fade e educa\u00e7\u00e3o [&hellip;]\" \/>\n<meta property=\"og:url\" content=\"https:\/\/www.notibras.com\/site\/naufragio-do-socialismo-e-uma-abordagem-do-neocapitalismo\/\" \/>\n<meta property=\"og:site_name\" content=\"Notibras\" \/>\n<meta property=\"article:publisher\" content=\"https:\/\/www.facebook.com\/notibras\/\" \/>\n<meta property=\"article:published_time\" content=\"2014-02-17T14:18:13+00:00\" \/>\n<meta property=\"article:modified_time\" content=\"2014-02-17T14:19:21+00:00\" \/>\n<meta property=\"og:image\" content=\"https:\/\/www.notibras.com\/site\/wp-content\/uploads\/2014\/02\/socialism590.jpg\" \/>\n\t<meta property=\"og:image:width\" content=\"590\" \/>\n\t<meta property=\"og:image:height\" content=\"443\" \/>\n\t<meta property=\"og:image:type\" content=\"image\/jpeg\" \/>\n<meta name=\"author\" content=\"Reda\u00e7\u00e3o\" \/>\n<meta name=\"twitter:card\" content=\"summary_large_image\" \/>\n<meta name=\"twitter:creator\" content=\"@Notibras\" \/>\n<meta name=\"twitter:site\" content=\"@Notibras\" \/>\n<meta name=\"twitter:label1\" content=\"Escrito por\" \/>\n\t<meta name=\"twitter:data1\" content=\"Reda\u00e7\u00e3o\" \/>\n\t<meta name=\"twitter:label2\" content=\"Est. tempo de leitura\" \/>\n\t<meta name=\"twitter:data2\" content=\"4 minutos\" \/>\n<script type=\"application\/ld+json\" class=\"yoast-schema-graph\">{\"@context\":\"https:\\\/\\\/schema.org\",\"@graph\":[{\"@type\":\"Article\",\"@id\":\"https:\\\/\\\/www.notibras.com\\\/site\\\/naufragio-do-socialismo-e-uma-abordagem-do-neocapitalismo\\\/#article\",\"isPartOf\":{\"@id\":\"https:\\\/\\\/www.notibras.com\\\/site\\\/naufragio-do-socialismo-e-uma-abordagem-do-neocapitalismo\\\/\"},\"author\":{\"name\":\"Reda\u00e7\u00e3o\",\"@id\":\"https:\\\/\\\/www.notibras.com\\\/site\\\/#\\\/schema\\\/person\\\/36ab0979449956132d3e5b517ea76ac8\"},\"headline\":\"Naufr\u00e1gio do socialismo e uma abordagem do neocapitalismo\",\"datePublished\":\"2014-02-17T14:18:13+00:00\",\"dateModified\":\"2014-02-17T14:19:21+00:00\",\"mainEntityOfPage\":{\"@id\":\"https:\\\/\\\/www.notibras.com\\\/site\\\/naufragio-do-socialismo-e-uma-abordagem-do-neocapitalismo\\\/\"},\"wordCount\":803,\"commentCount\":0,\"publisher\":{\"@id\":\"https:\\\/\\\/www.notibras.com\\\/site\\\/#organization\"},\"image\":{\"@id\":\"https:\\\/\\\/www.notibras.com\\\/site\\\/naufragio-do-socialismo-e-uma-abordagem-do-neocapitalismo\\\/#primaryimage\"},\"thumbnailUrl\":\"https:\\\/\\\/www.notibras.com\\\/site\\\/wp-content\\\/uploads\\\/2014\\\/02\\\/socialism590.jpg\",\"articleSection\":[\"Opina a\u00ed\"],\"inLanguage\":\"pt-BR\",\"potentialAction\":[{\"@type\":\"CommentAction\",\"name\":\"Comment\",\"target\":[\"https:\\\/\\\/www.notibras.com\\\/site\\\/naufragio-do-socialismo-e-uma-abordagem-do-neocapitalismo\\\/#respond\"]}]},{\"@type\":\"WebPage\",\"@id\":\"https:\\\/\\\/www.notibras.com\\\/site\\\/naufragio-do-socialismo-e-uma-abordagem-do-neocapitalismo\\\/\",\"url\":\"https:\\\/\\\/www.notibras.com\\\/site\\\/naufragio-do-socialismo-e-uma-abordagem-do-neocapitalismo\\\/\",\"name\":\"Naufr\u00e1gio do socialismo e uma abordagem do neocapitalismo - Notibras\",\"isPartOf\":{\"@id\":\"https:\\\/\\\/www.notibras.com\\\/site\\\/#website\"},\"primaryImageOfPage\":{\"@id\":\"https:\\\/\\\/www.notibras.com\\\/site\\\/naufragio-do-socialismo-e-uma-abordagem-do-neocapitalismo\\\/#primaryimage\"},\"image\":{\"@id\":\"https:\\\/\\\/www.notibras.com\\\/site\\\/naufragio-do-socialismo-e-uma-abordagem-do-neocapitalismo\\\/#primaryimage\"},\"thumbnailUrl\":\"https:\\\/\\\/www.notibras.com\\\/site\\\/wp-content\\\/uploads\\\/2014\\\/02\\\/socialism590.jpg\",\"datePublished\":\"2014-02-17T14:18:13+00:00\",\"dateModified\":\"2014-02-17T14:19:21+00:00\",\"breadcrumb\":{\"@id\":\"https:\\\/\\\/www.notibras.com\\\/site\\\/naufragio-do-socialismo-e-uma-abordagem-do-neocapitalismo\\\/#breadcrumb\"},\"inLanguage\":\"pt-BR\",\"potentialAction\":[{\"@type\":\"ReadAction\",\"target\":[\"https:\\\/\\\/www.notibras.com\\\/site\\\/naufragio-do-socialismo-e-uma-abordagem-do-neocapitalismo\\\/\"]}]},{\"@type\":\"ImageObject\",\"inLanguage\":\"pt-BR\",\"@id\":\"https:\\\/\\\/www.notibras.com\\\/site\\\/naufragio-do-socialismo-e-uma-abordagem-do-neocapitalismo\\\/#primaryimage\",\"url\":\"https:\\\/\\\/www.notibras.com\\\/site\\\/wp-content\\\/uploads\\\/2014\\\/02\\\/socialism590.jpg\",\"contentUrl\":\"https:\\\/\\\/www.notibras.com\\\/site\\\/wp-content\\\/uploads\\\/2014\\\/02\\\/socialism590.jpg\",\"width\":590,\"height\":443},{\"@type\":\"BreadcrumbList\",\"@id\":\"https:\\\/\\\/www.notibras.com\\\/site\\\/naufragio-do-socialismo-e-uma-abordagem-do-neocapitalismo\\\/#breadcrumb\",\"itemListElement\":[{\"@type\":\"ListItem\",\"position\":1,\"name\":\"In\u00edcio\",\"item\":\"https:\\\/\\\/www.notibras.com\\\/site\\\/\"},{\"@type\":\"ListItem\",\"position\":2,\"name\":\"Naufr\u00e1gio do socialismo e uma abordagem do neocapitalismo\"}]},{\"@type\":\"WebSite\",\"@id\":\"https:\\\/\\\/www.notibras.com\\\/site\\\/#website\",\"url\":\"https:\\\/\\\/www.notibras.com\\\/site\\\/\",\"name\":\"Notibras\",\"description\":\"Not\u00edcias de Bras\u00edlia, do Brasil e do Mundo\",\"publisher\":{\"@id\":\"https:\\\/\\\/www.notibras.com\\\/site\\\/#organization\"},\"potentialAction\":[{\"@type\":\"SearchAction\",\"target\":{\"@type\":\"EntryPoint\",\"urlTemplate\":\"https:\\\/\\\/www.notibras.com\\\/site\\\/?s={search_term_string}\"},\"query-input\":{\"@type\":\"PropertyValueSpecification\",\"valueRequired\":true,\"valueName\":\"search_term_string\"}}],\"inLanguage\":\"pt-BR\"},{\"@type\":\"Organization\",\"@id\":\"https:\\\/\\\/www.notibras.com\\\/site\\\/#organization\",\"name\":\"Grupo Notibras de Comunica\u00e7\u00e3o\",\"url\":\"https:\\\/\\\/www.notibras.com\\\/site\\\/\",\"logo\":{\"@type\":\"ImageObject\",\"inLanguage\":\"pt-BR\",\"@id\":\"https:\\\/\\\/www.notibras.com\\\/site\\\/#\\\/schema\\\/logo\\\/image\\\/\",\"url\":\"https:\\\/\\\/www.notibras.com\\\/site\\\/wp-content\\\/uploads\\\/2023\\\/01\\\/notibras23.png\",\"contentUrl\":\"https:\\\/\\\/www.notibras.com\\\/site\\\/wp-content\\\/uploads\\\/2023\\\/01\\\/notibras23.png\",\"width\":350,\"height\":87,\"caption\":\"Grupo Notibras de Comunica\u00e7\u00e3o\"},\"image\":{\"@id\":\"https:\\\/\\\/www.notibras.com\\\/site\\\/#\\\/schema\\\/logo\\\/image\\\/\"},\"sameAs\":[\"https:\\\/\\\/www.facebook.com\\\/notibras\\\/\",\"https:\\\/\\\/x.com\\\/Notibras\",\"https:\\\/\\\/www.instagram.com\\\/notibras\\\/\"]},{\"@type\":\"Person\",\"@id\":\"https:\\\/\\\/www.notibras.com\\\/site\\\/#\\\/schema\\\/person\\\/36ab0979449956132d3e5b517ea76ac8\",\"name\":\"Reda\u00e7\u00e3o\",\"image\":{\"@type\":\"ImageObject\",\"inLanguage\":\"pt-BR\",\"@id\":\"https:\\\/\\\/secure.gravatar.com\\\/avatar\\\/e0a867bdedb85fd243eadf09663511f96fc81e0720a4a42581f334ad4303aa6b?s=96&d=mm&r=g\",\"url\":\"https:\\\/\\\/secure.gravatar.com\\\/avatar\\\/e0a867bdedb85fd243eadf09663511f96fc81e0720a4a42581f334ad4303aa6b?s=96&d=mm&r=g\",\"contentUrl\":\"https:\\\/\\\/secure.gravatar.com\\\/avatar\\\/e0a867bdedb85fd243eadf09663511f96fc81e0720a4a42581f334ad4303aa6b?s=96&d=mm&r=g\",\"caption\":\"Reda\u00e7\u00e3o\"}}]}<\/script>\n<!-- \/ Yoast SEO plugin. -->","yoast_head_json":{"title":"Naufr\u00e1gio do socialismo e uma abordagem do neocapitalismo - Notibras","robots":{"index":"index","follow":"follow","max-snippet":"max-snippet:-1","max-image-preview":"max-image-preview:large","max-video-preview":"max-video-preview:-1"},"canonical":"https:\/\/www.notibras.com\/site\/naufragio-do-socialismo-e-uma-abordagem-do-neocapitalismo\/","og_locale":"pt_BR","og_type":"article","og_title":"Naufr\u00e1gio do socialismo e uma abordagem do neocapitalismo - Notibras","og_description":"O bloco socialista se desintegrou antes de completar um s\u00e9culo. A Uni\u00e3o Sovi\u00e9tica se esfacelou e os pa\u00edses que a integravam adotaram o capitalismo como sistema econ\u00f4mico e sin\u00f4nimo de democracia. Tudo aquilo que o socialismo pretendia e que, em certa medida, alcan\u00e7ara \u2013 redu\u00e7\u00e3o da desigualdade social, garantia do pleno emprego, sa\u00fade e educa\u00e7\u00e3o [&hellip;]","og_url":"https:\/\/www.notibras.com\/site\/naufragio-do-socialismo-e-uma-abordagem-do-neocapitalismo\/","og_site_name":"Notibras","article_publisher":"https:\/\/www.facebook.com\/notibras\/","article_published_time":"2014-02-17T14:18:13+00:00","article_modified_time":"2014-02-17T14:19:21+00:00","og_image":[{"width":590,"height":443,"url":"https:\/\/www.notibras.com\/site\/wp-content\/uploads\/2014\/02\/socialism590.jpg","type":"image\/jpeg"}],"author":"Reda\u00e7\u00e3o","twitter_card":"summary_large_image","twitter_creator":"@Notibras","twitter_site":"@Notibras","twitter_misc":{"Escrito por":"Reda\u00e7\u00e3o","Est. tempo de leitura":"4 minutos"},"schema":{"@context":"https:\/\/schema.org","@graph":[{"@type":"Article","@id":"https:\/\/www.notibras.com\/site\/naufragio-do-socialismo-e-uma-abordagem-do-neocapitalismo\/#article","isPartOf":{"@id":"https:\/\/www.notibras.com\/site\/naufragio-do-socialismo-e-uma-abordagem-do-neocapitalismo\/"},"author":{"name":"Reda\u00e7\u00e3o","@id":"https:\/\/www.notibras.com\/site\/#\/schema\/person\/36ab0979449956132d3e5b517ea76ac8"},"headline":"Naufr\u00e1gio do socialismo e uma abordagem do neocapitalismo","datePublished":"2014-02-17T14:18:13+00:00","dateModified":"2014-02-17T14:19:21+00:00","mainEntityOfPage":{"@id":"https:\/\/www.notibras.com\/site\/naufragio-do-socialismo-e-uma-abordagem-do-neocapitalismo\/"},"wordCount":803,"commentCount":0,"publisher":{"@id":"https:\/\/www.notibras.com\/site\/#organization"},"image":{"@id":"https:\/\/www.notibras.com\/site\/naufragio-do-socialismo-e-uma-abordagem-do-neocapitalismo\/#primaryimage"},"thumbnailUrl":"https:\/\/www.notibras.com\/site\/wp-content\/uploads\/2014\/02\/socialism590.jpg","articleSection":["Opina a\u00ed"],"inLanguage":"pt-BR","potentialAction":[{"@type":"CommentAction","name":"Comment","target":["https:\/\/www.notibras.com\/site\/naufragio-do-socialismo-e-uma-abordagem-do-neocapitalismo\/#respond"]}]},{"@type":"WebPage","@id":"https:\/\/www.notibras.com\/site\/naufragio-do-socialismo-e-uma-abordagem-do-neocapitalismo\/","url":"https:\/\/www.notibras.com\/site\/naufragio-do-socialismo-e-uma-abordagem-do-neocapitalismo\/","name":"Naufr\u00e1gio do socialismo e uma abordagem do neocapitalismo - Notibras","isPartOf":{"@id":"https:\/\/www.notibras.com\/site\/#website"},"primaryImageOfPage":{"@id":"https:\/\/www.notibras.com\/site\/naufragio-do-socialismo-e-uma-abordagem-do-neocapitalismo\/#primaryimage"},"image":{"@id":"https:\/\/www.notibras.com\/site\/naufragio-do-socialismo-e-uma-abordagem-do-neocapitalismo\/#primaryimage"},"thumbnailUrl":"https:\/\/www.notibras.com\/site\/wp-content\/uploads\/2014\/02\/socialism590.jpg","datePublished":"2014-02-17T14:18:13+00:00","dateModified":"2014-02-17T14:19:21+00:00","breadcrumb":{"@id":"https:\/\/www.notibras.com\/site\/naufragio-do-socialismo-e-uma-abordagem-do-neocapitalismo\/#breadcrumb"},"inLanguage":"pt-BR","potentialAction":[{"@type":"ReadAction","target":["https:\/\/www.notibras.com\/site\/naufragio-do-socialismo-e-uma-abordagem-do-neocapitalismo\/"]}]},{"@type":"ImageObject","inLanguage":"pt-BR","@id":"https:\/\/www.notibras.com\/site\/naufragio-do-socialismo-e-uma-abordagem-do-neocapitalismo\/#primaryimage","url":"https:\/\/www.notibras.com\/site\/wp-content\/uploads\/2014\/02\/socialism590.jpg","contentUrl":"https:\/\/www.notibras.com\/site\/wp-content\/uploads\/2014\/02\/socialism590.jpg","width":590,"height":443},{"@type":"BreadcrumbList","@id":"https:\/\/www.notibras.com\/site\/naufragio-do-socialismo-e-uma-abordagem-do-neocapitalismo\/#breadcrumb","itemListElement":[{"@type":"ListItem","position":1,"name":"In\u00edcio","item":"https:\/\/www.notibras.com\/site\/"},{"@type":"ListItem","position":2,"name":"Naufr\u00e1gio do socialismo e uma abordagem do neocapitalismo"}]},{"@type":"WebSite","@id":"https:\/\/www.notibras.com\/site\/#website","url":"https:\/\/www.notibras.com\/site\/","name":"Notibras","description":"Not\u00edcias de Bras\u00edlia, do Brasil e do Mundo","publisher":{"@id":"https:\/\/www.notibras.com\/site\/#organization"},"potentialAction":[{"@type":"SearchAction","target":{"@type":"EntryPoint","urlTemplate":"https:\/\/www.notibras.com\/site\/?s={search_term_string}"},"query-input":{"@type":"PropertyValueSpecification","valueRequired":true,"valueName":"search_term_string"}}],"inLanguage":"pt-BR"},{"@type":"Organization","@id":"https:\/\/www.notibras.com\/site\/#organization","name":"Grupo Notibras de Comunica\u00e7\u00e3o","url":"https:\/\/www.notibras.com\/site\/","logo":{"@type":"ImageObject","inLanguage":"pt-BR","@id":"https:\/\/www.notibras.com\/site\/#\/schema\/logo\/image\/","url":"https:\/\/www.notibras.com\/site\/wp-content\/uploads\/2023\/01\/notibras23.png","contentUrl":"https:\/\/www.notibras.com\/site\/wp-content\/uploads\/2023\/01\/notibras23.png","width":350,"height":87,"caption":"Grupo Notibras de Comunica\u00e7\u00e3o"},"image":{"@id":"https:\/\/www.notibras.com\/site\/#\/schema\/logo\/image\/"},"sameAs":["https:\/\/www.facebook.com\/notibras\/","https:\/\/x.com\/Notibras","https:\/\/www.instagram.com\/notibras\/"]},{"@type":"Person","@id":"https:\/\/www.notibras.com\/site\/#\/schema\/person\/36ab0979449956132d3e5b517ea76ac8","name":"Reda\u00e7\u00e3o","image":{"@type":"ImageObject","inLanguage":"pt-BR","@id":"https:\/\/secure.gravatar.com\/avatar\/e0a867bdedb85fd243eadf09663511f96fc81e0720a4a42581f334ad4303aa6b?s=96&d=mm&r=g","url":"https:\/\/secure.gravatar.com\/avatar\/e0a867bdedb85fd243eadf09663511f96fc81e0720a4a42581f334ad4303aa6b?s=96&d=mm&r=g","contentUrl":"https:\/\/secure.gravatar.com\/avatar\/e0a867bdedb85fd243eadf09663511f96fc81e0720a4a42581f334ad4303aa6b?s=96&d=mm&r=g","caption":"Reda\u00e7\u00e3o"}}]}},"amp_enabled":true,"_links":{"self":[{"href":"https:\/\/www.notibras.com\/site\/wp-json\/wp\/v2\/posts\/1932","targetHints":{"allow":["GET"]}}],"collection":[{"href":"https:\/\/www.notibras.com\/site\/wp-json\/wp\/v2\/posts"}],"about":[{"href":"https:\/\/www.notibras.com\/site\/wp-json\/wp\/v2\/types\/post"}],"author":[{"embeddable":true,"href":"https:\/\/www.notibras.com\/site\/wp-json\/wp\/v2\/users\/2"}],"replies":[{"embeddable":true,"href":"https:\/\/www.notibras.com\/site\/wp-json\/wp\/v2\/comments?post=1932"}],"version-history":[{"count":0,"href":"https:\/\/www.notibras.com\/site\/wp-json\/wp\/v2\/posts\/1932\/revisions"}],"wp:featuredmedia":[{"embeddable":true,"href":"https:\/\/www.notibras.com\/site\/wp-json\/wp\/v2\/media\/1935"}],"wp:attachment":[{"href":"https:\/\/www.notibras.com\/site\/wp-json\/wp\/v2\/media?parent=1932"}],"wp:term":[{"taxonomy":"category","embeddable":true,"href":"https:\/\/www.notibras.com\/site\/wp-json\/wp\/v2\/categories?post=1932"},{"taxonomy":"post_tag","embeddable":true,"href":"https:\/\/www.notibras.com\/site\/wp-json\/wp\/v2\/tags?post=1932"}],"curies":[{"name":"wp","href":"https:\/\/api.w.org\/{rel}","templated":true}]}}