{"id":19339,"date":"2014-08-12T23:22:00","date_gmt":"2014-08-13T02:22:00","guid":{"rendered":"http:\/\/www.notibras.com\/site\/?p=19339"},"modified":"2014-08-12T23:22:00","modified_gmt":"2014-08-13T02:22:00","slug":"vasco-vence-nautico-na-arena-pernambuco-e-assume-2o-lugar","status":"publish","type":"post","link":"https:\/\/www.notibras.com\/site\/vasco-vence-nautico-na-arena-pernambuco-e-assume-2o-lugar\/","title":{"rendered":"Vasco vence N\u00e1utico na Arena Pernambuco e assume 2\u00ba lugar"},"content":{"rendered":"<p class=\"text\">O Vasco assumiu a segunda coloca\u00e7\u00e3o do Campeonato Brasileiro da S\u00e9rie B, ao derrotar o N\u00e1utico, por 1 a 0, em partida reprogramada da quinta rodada. O jogo foi disputado na noite desta ter\u00e7a-feira, na Arena Pernambuco e o \u00fanico gol foi marcado por Dakson, aos seis minutos do primeiro tempo.<\/p>\n<blockquote>\n<p class=\"text\">O resultado fez a equipe de S\u00e3o Janu\u00e1rio chegar ao terceiro triunfo consecutivo e atingir aos 28 pontos ganhos, tr\u00eas a menos do que o l\u00edder Cear\u00e1. O time da casa segue em situa\u00e7\u00e3o dif\u00edcil na competi\u00e7\u00e3o: soma 18 pontos e ocupa a 15\u00aa posi\u00e7\u00e3o.<\/p>\n<\/blockquote>\n<p class=\"text\">O resultado fez justi\u00e7a ao time carioca. Principalmente pelo futebol exibido no primeiro tempo, quando poderia ter constru\u00eddo um placar mais folgado, o que s\u00f3 n\u00e3o aconteceu por causa da \u00f3tima atua\u00e7\u00e3o do goleiro J\u00falio C\u00e9sar que fez a sua estreia na equipe pernambucana. Antes da partida, a diretoria alvirrubra anunciou a contrata\u00e7\u00e3o do t\u00e9cnico Dado Cavalcanti.<\/p>\n<p class=\"text\">Na pr\u00f3xima rodada, o Vasco receber\u00e1 o Cear\u00e1, em S\u00e3o Janu\u00e1rio. O N\u00e1utico vai encarar o Luverdense na Arena Pantanal.<\/p>\n","protected":false},"excerpt":{"rendered":"<p>O Vasco assumiu a segunda coloca\u00e7\u00e3o do Campeonato Brasileiro da S\u00e9rie B, ao derrotar o N\u00e1utico, por 1 a 0, em partida reprogramada da quinta rodada. O jogo foi disputado na noite desta ter\u00e7a-feira, na Arena Pernambuco e o \u00fanico gol foi marcado por Dakson, aos seis minutos do primeiro tempo. O resultado fez a [&hellip;]<\/p>\n","protected":false},"author":1,"featured_media":19340,"comment_status":"open","ping_status":"closed","sticky":false,"template":"","format":"standard","meta":{"_acf_changed":false,"footnotes":""},"categories":[29],"tags":[],"class_list":["post-19339","post","type-post","status-publish","format-standard","has-post-thumbnail","hentry","category-futebol"],"acf":[],"yoast_head":"<!-- This site is optimized with the Yoast SEO plugin v27.2 - https:\/\/yoast.com\/product\/yoast-seo-wordpress\/ -->\n<title>Vasco vence N\u00e1utico na Arena Pernambuco e assume 2\u00ba lugar - Notibras<\/title>\n<meta name=\"robots\" content=\"index, follow, max-snippet:-1, max-image-preview:large, max-video-preview:-1\" \/>\n<link rel=\"canonical\" href=\"https:\/\/www.notibras.com\/site\/vasco-vence-nautico-na-arena-pernambuco-e-assume-2o-lugar\/\" \/>\n<meta property=\"og:locale\" content=\"pt_BR\" \/>\n<meta property=\"og:type\" content=\"article\" \/>\n<meta property=\"og:title\" content=\"Vasco vence N\u00e1utico na Arena Pernambuco e assume 2\u00ba lugar - Notibras\" \/>\n<meta property=\"og:description\" content=\"O Vasco assumiu a segunda coloca\u00e7\u00e3o do Campeonato Brasileiro da S\u00e9rie B, ao derrotar o N\u00e1utico, por 1 a 0, em partida reprogramada da quinta rodada. O jogo foi disputado na noite desta ter\u00e7a-feira, na Arena Pernambuco e o \u00fanico gol foi marcado por Dakson, aos seis minutos do primeiro tempo. O resultado fez a [&hellip;]\" \/>\n<meta property=\"og:url\" content=\"https:\/\/www.notibras.com\/site\/vasco-vence-nautico-na-arena-pernambuco-e-assume-2o-lugar\/\" \/>\n<meta property=\"og:site_name\" content=\"Notibras\" \/>\n<meta property=\"article:publisher\" content=\"https:\/\/www.facebook.com\/notibras\/\" \/>\n<meta property=\"article:published_time\" content=\"2014-08-13T02:22:00+00:00\" \/>\n<meta property=\"og:image\" content=\"https:\/\/www.notibras.com\/site\/wp-content\/uploads\/2014\/08\/Sem-t\u00edtulo-151.jpg\" \/>\n\t<meta property=\"og:image:width\" content=\"350\" \/>\n\t<meta property=\"og:image:height\" content=\"233\" \/>\n\t<meta property=\"og:image:type\" content=\"image\/jpeg\" \/>\n<meta name=\"author\" content=\"Reda\u00e7\u00e3o\" \/>\n<meta name=\"twitter:card\" content=\"summary_large_image\" \/>\n<meta name=\"twitter:creator\" content=\"@Notibras\" \/>\n<meta name=\"twitter:site\" content=\"@Notibras\" \/>\n<meta name=\"twitter:label1\" content=\"Escrito por\" \/>\n\t<meta name=\"twitter:data1\" content=\"Reda\u00e7\u00e3o\" \/>\n\t<meta name=\"twitter:label2\" content=\"Est. tempo de leitura\" \/>\n\t<meta name=\"twitter:data2\" content=\"1 minuto\" \/>\n<script type=\"application\/ld+json\" class=\"yoast-schema-graph\">{\"@context\":\"https:\/\/schema.org\",\"@graph\":[{\"@type\":\"Article\",\"@id\":\"https:\/\/www.notibras.com\/site\/vasco-vence-nautico-na-arena-pernambuco-e-assume-2o-lugar\/#article\",\"isPartOf\":{\"@id\":\"https:\/\/www.notibras.com\/site\/vasco-vence-nautico-na-arena-pernambuco-e-assume-2o-lugar\/\"},\"author\":{\"name\":\"Reda\u00e7\u00e3o\",\"@id\":\"https:\/\/www.notibras.com\/site\/#\/schema\/person\/00b8e1aa08f9ef6563e878c5159d01cf\"},\"headline\":\"Vasco vence N\u00e1utico na Arena Pernambuco e assume 2\u00ba lugar\",\"datePublished\":\"2014-08-13T02:22:00+00:00\",\"mainEntityOfPage\":{\"@id\":\"https:\/\/www.notibras.com\/site\/vasco-vence-nautico-na-arena-pernambuco-e-assume-2o-lugar\/\"},\"wordCount\":202,\"commentCount\":0,\"publisher\":{\"@id\":\"https:\/\/www.notibras.com\/site\/#organization\"},\"image\":{\"@id\":\"https:\/\/www.notibras.com\/site\/vasco-vence-nautico-na-arena-pernambuco-e-assume-2o-lugar\/#primaryimage\"},\"thumbnailUrl\":\"https:\/\/www.notibras.com\/site\/wp-content\/uploads\/2014\/08\/Sem-t\u00edtulo-151.jpg\",\"articleSection\":[\"Futebol\"],\"inLanguage\":\"pt-BR\",\"potentialAction\":[{\"@type\":\"CommentAction\",\"name\":\"Comment\",\"target\":[\"https:\/\/www.notibras.com\/site\/vasco-vence-nautico-na-arena-pernambuco-e-assume-2o-lugar\/#respond\"]}]},{\"@type\":\"WebPage\",\"@id\":\"https:\/\/www.notibras.com\/site\/vasco-vence-nautico-na-arena-pernambuco-e-assume-2o-lugar\/\",\"url\":\"https:\/\/www.notibras.com\/site\/vasco-vence-nautico-na-arena-pernambuco-e-assume-2o-lugar\/\",\"name\":\"Vasco vence N\u00e1utico na Arena Pernambuco e assume 2\u00ba lugar - Notibras\",\"isPartOf\":{\"@id\":\"https:\/\/www.notibras.com\/site\/#website\"},\"primaryImageOfPage\":{\"@id\":\"https:\/\/www.notibras.com\/site\/vasco-vence-nautico-na-arena-pernambuco-e-assume-2o-lugar\/#primaryimage\"},\"image\":{\"@id\":\"https:\/\/www.notibras.com\/site\/vasco-vence-nautico-na-arena-pernambuco-e-assume-2o-lugar\/#primaryimage\"},\"thumbnailUrl\":\"https:\/\/www.notibras.com\/site\/wp-content\/uploads\/2014\/08\/Sem-t\u00edtulo-151.jpg\",\"datePublished\":\"2014-08-13T02:22:00+00:00\",\"breadcrumb\":{\"@id\":\"https:\/\/www.notibras.com\/site\/vasco-vence-nautico-na-arena-pernambuco-e-assume-2o-lugar\/#breadcrumb\"},\"inLanguage\":\"pt-BR\",\"potentialAction\":[{\"@type\":\"ReadAction\",\"target\":[\"https:\/\/www.notibras.com\/site\/vasco-vence-nautico-na-arena-pernambuco-e-assume-2o-lugar\/\"]}]},{\"@type\":\"ImageObject\",\"inLanguage\":\"pt-BR\",\"@id\":\"https:\/\/www.notibras.com\/site\/vasco-vence-nautico-na-arena-pernambuco-e-assume-2o-lugar\/#primaryimage\",\"url\":\"https:\/\/www.notibras.com\/site\/wp-content\/uploads\/2014\/08\/Sem-t\u00edtulo-151.jpg\",\"contentUrl\":\"https:\/\/www.notibras.com\/site\/wp-content\/uploads\/2014\/08\/Sem-t\u00edtulo-151.jpg\",\"width\":350,\"height\":233},{\"@type\":\"BreadcrumbList\",\"@id\":\"https:\/\/www.notibras.com\/site\/vasco-vence-nautico-na-arena-pernambuco-e-assume-2o-lugar\/#breadcrumb\",\"itemListElement\":[{\"@type\":\"ListItem\",\"position\":1,\"name\":\"In\u00edcio\",\"item\":\"https:\/\/www.notibras.com\/site\/\"},{\"@type\":\"ListItem\",\"position\":2,\"name\":\"Vasco vence N\u00e1utico na Arena Pernambuco e assume 2\u00ba lugar\"}]},{\"@type\":\"WebSite\",\"@id\":\"https:\/\/www.notibras.com\/site\/#website\",\"url\":\"https:\/\/www.notibras.com\/site\/\",\"name\":\"Notibras\",\"description\":\"Not\u00edcias de Bras\u00edlia, do Brasil e do Mundo\",\"publisher\":{\"@id\":\"https:\/\/www.notibras.com\/site\/#organization\"},\"potentialAction\":[{\"@type\":\"SearchAction\",\"target\":{\"@type\":\"EntryPoint\",\"urlTemplate\":\"https:\/\/www.notibras.com\/site\/?s={search_term_string}\"},\"query-input\":{\"@type\":\"PropertyValueSpecification\",\"valueRequired\":true,\"valueName\":\"search_term_string\"}}],\"inLanguage\":\"pt-BR\"},{\"@type\":\"Organization\",\"@id\":\"https:\/\/www.notibras.com\/site\/#organization\",\"name\":\"Grupo Notibras de Comunica\u00e7\u00e3o\",\"url\":\"https:\/\/www.notibras.com\/site\/\",\"logo\":{\"@type\":\"ImageObject\",\"inLanguage\":\"pt-BR\",\"@id\":\"https:\/\/www.notibras.com\/site\/#\/schema\/logo\/image\/\",\"url\":\"https:\/\/www.notibras.com\/site\/wp-content\/uploads\/2023\/01\/notibras23.png\",\"contentUrl\":\"https:\/\/www.notibras.com\/site\/wp-content\/uploads\/2023\/01\/notibras23.png\",\"width\":350,\"height\":87,\"caption\":\"Grupo Notibras de Comunica\u00e7\u00e3o\"},\"image\":{\"@id\":\"https:\/\/www.notibras.com\/site\/#\/schema\/logo\/image\/\"},\"sameAs\":[\"https:\/\/www.facebook.com\/notibras\/\",\"https:\/\/x.com\/Notibras\",\"https:\/\/www.instagram.com\/notibras\/\"]},{\"@type\":\"Person\",\"@id\":\"https:\/\/www.notibras.com\/site\/#\/schema\/person\/00b8e1aa08f9ef6563e878c5159d01cf\",\"name\":\"Reda\u00e7\u00e3o\",\"image\":{\"@type\":\"ImageObject\",\"inLanguage\":\"pt-BR\",\"@id\":\"https:\/\/secure.gravatar.com\/avatar\/ac5a707d5b47784a5ed426c6e213e201423c750890f64e4c379114dade67dfb9?s=96&d=mm&r=g\",\"url\":\"https:\/\/secure.gravatar.com\/avatar\/ac5a707d5b47784a5ed426c6e213e201423c750890f64e4c379114dade67dfb9?s=96&d=mm&r=g\",\"contentUrl\":\"https:\/\/secure.gravatar.com\/avatar\/ac5a707d5b47784a5ed426c6e213e201423c750890f64e4c379114dade67dfb9?s=96&d=mm&r=g\",\"caption\":\"Reda\u00e7\u00e3o\"}}]}<\/script>\n<!-- \/ Yoast SEO plugin. -->","yoast_head_json":{"title":"Vasco vence N\u00e1utico na Arena Pernambuco e assume 2\u00ba lugar - Notibras","robots":{"index":"index","follow":"follow","max-snippet":"max-snippet:-1","max-image-preview":"max-image-preview:large","max-video-preview":"max-video-preview:-1"},"canonical":"https:\/\/www.notibras.com\/site\/vasco-vence-nautico-na-arena-pernambuco-e-assume-2o-lugar\/","og_locale":"pt_BR","og_type":"article","og_title":"Vasco vence N\u00e1utico na Arena Pernambuco e assume 2\u00ba lugar - Notibras","og_description":"O Vasco assumiu a segunda coloca\u00e7\u00e3o do Campeonato Brasileiro da S\u00e9rie B, ao derrotar o N\u00e1utico, por 1 a 0, em partida reprogramada da quinta rodada. O jogo foi disputado na noite desta ter\u00e7a-feira, na Arena Pernambuco e o \u00fanico gol foi marcado por Dakson, aos seis minutos do primeiro tempo. O resultado fez a [&hellip;]","og_url":"https:\/\/www.notibras.com\/site\/vasco-vence-nautico-na-arena-pernambuco-e-assume-2o-lugar\/","og_site_name":"Notibras","article_publisher":"https:\/\/www.facebook.com\/notibras\/","article_published_time":"2014-08-13T02:22:00+00:00","og_image":[{"width":350,"height":233,"url":"https:\/\/www.notibras.com\/site\/wp-content\/uploads\/2014\/08\/Sem-t\u00edtulo-151.jpg","type":"image\/jpeg"}],"author":"Reda\u00e7\u00e3o","twitter_card":"summary_large_image","twitter_creator":"@Notibras","twitter_site":"@Notibras","twitter_misc":{"Escrito por":"Reda\u00e7\u00e3o","Est. tempo de leitura":"1 minuto"},"schema":{"@context":"https:\/\/schema.org","@graph":[{"@type":"Article","@id":"https:\/\/www.notibras.com\/site\/vasco-vence-nautico-na-arena-pernambuco-e-assume-2o-lugar\/#article","isPartOf":{"@id":"https:\/\/www.notibras.com\/site\/vasco-vence-nautico-na-arena-pernambuco-e-assume-2o-lugar\/"},"author":{"name":"Reda\u00e7\u00e3o","@id":"https:\/\/www.notibras.com\/site\/#\/schema\/person\/00b8e1aa08f9ef6563e878c5159d01cf"},"headline":"Vasco vence N\u00e1utico na Arena Pernambuco e assume 2\u00ba lugar","datePublished":"2014-08-13T02:22:00+00:00","mainEntityOfPage":{"@id":"https:\/\/www.notibras.com\/site\/vasco-vence-nautico-na-arena-pernambuco-e-assume-2o-lugar\/"},"wordCount":202,"commentCount":0,"publisher":{"@id":"https:\/\/www.notibras.com\/site\/#organization"},"image":{"@id":"https:\/\/www.notibras.com\/site\/vasco-vence-nautico-na-arena-pernambuco-e-assume-2o-lugar\/#primaryimage"},"thumbnailUrl":"https:\/\/www.notibras.com\/site\/wp-content\/uploads\/2014\/08\/Sem-t\u00edtulo-151.jpg","articleSection":["Futebol"],"inLanguage":"pt-BR","potentialAction":[{"@type":"CommentAction","name":"Comment","target":["https:\/\/www.notibras.com\/site\/vasco-vence-nautico-na-arena-pernambuco-e-assume-2o-lugar\/#respond"]}]},{"@type":"WebPage","@id":"https:\/\/www.notibras.com\/site\/vasco-vence-nautico-na-arena-pernambuco-e-assume-2o-lugar\/","url":"https:\/\/www.notibras.com\/site\/vasco-vence-nautico-na-arena-pernambuco-e-assume-2o-lugar\/","name":"Vasco vence N\u00e1utico na Arena Pernambuco e assume 2\u00ba lugar - Notibras","isPartOf":{"@id":"https:\/\/www.notibras.com\/site\/#website"},"primaryImageOfPage":{"@id":"https:\/\/www.notibras.com\/site\/vasco-vence-nautico-na-arena-pernambuco-e-assume-2o-lugar\/#primaryimage"},"image":{"@id":"https:\/\/www.notibras.com\/site\/vasco-vence-nautico-na-arena-pernambuco-e-assume-2o-lugar\/#primaryimage"},"thumbnailUrl":"https:\/\/www.notibras.com\/site\/wp-content\/uploads\/2014\/08\/Sem-t\u00edtulo-151.jpg","datePublished":"2014-08-13T02:22:00+00:00","breadcrumb":{"@id":"https:\/\/www.notibras.com\/site\/vasco-vence-nautico-na-arena-pernambuco-e-assume-2o-lugar\/#breadcrumb"},"inLanguage":"pt-BR","potentialAction":[{"@type":"ReadAction","target":["https:\/\/www.notibras.com\/site\/vasco-vence-nautico-na-arena-pernambuco-e-assume-2o-lugar\/"]}]},{"@type":"ImageObject","inLanguage":"pt-BR","@id":"https:\/\/www.notibras.com\/site\/vasco-vence-nautico-na-arena-pernambuco-e-assume-2o-lugar\/#primaryimage","url":"https:\/\/www.notibras.com\/site\/wp-content\/uploads\/2014\/08\/Sem-t\u00edtulo-151.jpg","contentUrl":"https:\/\/www.notibras.com\/site\/wp-content\/uploads\/2014\/08\/Sem-t\u00edtulo-151.jpg","width":350,"height":233},{"@type":"BreadcrumbList","@id":"https:\/\/www.notibras.com\/site\/vasco-vence-nautico-na-arena-pernambuco-e-assume-2o-lugar\/#breadcrumb","itemListElement":[{"@type":"ListItem","position":1,"name":"In\u00edcio","item":"https:\/\/www.notibras.com\/site\/"},{"@type":"ListItem","position":2,"name":"Vasco vence N\u00e1utico na Arena Pernambuco e assume 2\u00ba lugar"}]},{"@type":"WebSite","@id":"https:\/\/www.notibras.com\/site\/#website","url":"https:\/\/www.notibras.com\/site\/","name":"Notibras","description":"Not\u00edcias de Bras\u00edlia, do Brasil e do Mundo","publisher":{"@id":"https:\/\/www.notibras.com\/site\/#organization"},"potentialAction":[{"@type":"SearchAction","target":{"@type":"EntryPoint","urlTemplate":"https:\/\/www.notibras.com\/site\/?s={search_term_string}"},"query-input":{"@type":"PropertyValueSpecification","valueRequired":true,"valueName":"search_term_string"}}],"inLanguage":"pt-BR"},{"@type":"Organization","@id":"https:\/\/www.notibras.com\/site\/#organization","name":"Grupo Notibras de Comunica\u00e7\u00e3o","url":"https:\/\/www.notibras.com\/site\/","logo":{"@type":"ImageObject","inLanguage":"pt-BR","@id":"https:\/\/www.notibras.com\/site\/#\/schema\/logo\/image\/","url":"https:\/\/www.notibras.com\/site\/wp-content\/uploads\/2023\/01\/notibras23.png","contentUrl":"https:\/\/www.notibras.com\/site\/wp-content\/uploads\/2023\/01\/notibras23.png","width":350,"height":87,"caption":"Grupo Notibras de Comunica\u00e7\u00e3o"},"image":{"@id":"https:\/\/www.notibras.com\/site\/#\/schema\/logo\/image\/"},"sameAs":["https:\/\/www.facebook.com\/notibras\/","https:\/\/x.com\/Notibras","https:\/\/www.instagram.com\/notibras\/"]},{"@type":"Person","@id":"https:\/\/www.notibras.com\/site\/#\/schema\/person\/00b8e1aa08f9ef6563e878c5159d01cf","name":"Reda\u00e7\u00e3o","image":{"@type":"ImageObject","inLanguage":"pt-BR","@id":"https:\/\/secure.gravatar.com\/avatar\/ac5a707d5b47784a5ed426c6e213e201423c750890f64e4c379114dade67dfb9?s=96&d=mm&r=g","url":"https:\/\/secure.gravatar.com\/avatar\/ac5a707d5b47784a5ed426c6e213e201423c750890f64e4c379114dade67dfb9?s=96&d=mm&r=g","contentUrl":"https:\/\/secure.gravatar.com\/avatar\/ac5a707d5b47784a5ed426c6e213e201423c750890f64e4c379114dade67dfb9?s=96&d=mm&r=g","caption":"Reda\u00e7\u00e3o"}}]}},"amp_enabled":true,"_links":{"self":[{"href":"https:\/\/www.notibras.com\/site\/wp-json\/wp\/v2\/posts\/19339","targetHints":{"allow":["GET"]}}],"collection":[{"href":"https:\/\/www.notibras.com\/site\/wp-json\/wp\/v2\/posts"}],"about":[{"href":"https:\/\/www.notibras.com\/site\/wp-json\/wp\/v2\/types\/post"}],"author":[{"embeddable":true,"href":"https:\/\/www.notibras.com\/site\/wp-json\/wp\/v2\/users\/1"}],"replies":[{"embeddable":true,"href":"https:\/\/www.notibras.com\/site\/wp-json\/wp\/v2\/comments?post=19339"}],"version-history":[{"count":0,"href":"https:\/\/www.notibras.com\/site\/wp-json\/wp\/v2\/posts\/19339\/revisions"}],"wp:featuredmedia":[{"embeddable":true,"href":"https:\/\/www.notibras.com\/site\/wp-json\/wp\/v2\/media\/19340"}],"wp:attachment":[{"href":"https:\/\/www.notibras.com\/site\/wp-json\/wp\/v2\/media?parent=19339"}],"wp:term":[{"taxonomy":"category","embeddable":true,"href":"https:\/\/www.notibras.com\/site\/wp-json\/wp\/v2\/categories?post=19339"},{"taxonomy":"post_tag","embeddable":true,"href":"https:\/\/www.notibras.com\/site\/wp-json\/wp\/v2\/tags?post=19339"}],"curies":[{"name":"wp","href":"https:\/\/api.w.org\/{rel}","templated":true}]}}