{"id":19348,"date":"2014-08-13T00:56:24","date_gmt":"2014-08-13T03:56:24","guid":{"rendered":"http:\/\/www.notibras.com\/site\/?p=19348"},"modified":"2014-08-13T00:56:24","modified_gmt":"2014-08-13T03:56:24","slug":"luiz-estevao-e-roriz-pensam-em-novo-nome-para-enfrentar-agnelo","status":"publish","type":"post","link":"https:\/\/www.notibras.com\/site\/luiz-estevao-e-roriz-pensam-em-novo-nome-para-enfrentar-agnelo\/","title":{"rendered":"Luiz Estev\u00e3o e Roriz pensam em novo nome para enfrentar Agnelo"},"content":{"rendered":"<p>O PRTB de Luiz Estev\u00e3o, que divide o comando do partido com Joaquim Rortiz, tem um plano B bem arquitetado. Com Arruda fora do p\u00e1reo e a prov\u00e1vel decis\u00e3o de um recuo de Jofran Frejat, faz renascer com for\u00e7a o nome de Liliane Roriz, deputada distrital e primeira indicada para vice da coliga\u00e7\u00e3o. No caso de a parlamentar recuar, entraria Gim Argello, que v\u00ea cada vez mais dif\u00edcil seu sonho de permanecer no Senado, dada a avalanche de votos que as pesquisas apontam para pedetista Reguffe.<\/p>\n","protected":false},"excerpt":{"rendered":"<p>O PRTB de Luiz Estev\u00e3o, que divide o comando do partido com Joaquim Rortiz, tem um plano B bem arquitetado. Com Arruda fora do p\u00e1reo e a prov\u00e1vel decis\u00e3o de um recuo de Jofran Frejat, faz renascer com for\u00e7a o nome de Liliane Roriz, deputada distrital e primeira indicada para vice da coliga\u00e7\u00e3o. No caso [&hellip;]<\/p>\n","protected":false},"author":2,"featured_media":19349,"comment_status":"open","ping_status":"closed","sticky":false,"template":"","format":"standard","meta":{"_acf_changed":false,"footnotes":""},"categories":[26],"tags":[],"class_list":["post-19348","post","type-post","status-publish","format-standard","has-post-thumbnail","hentry","category-eleicoes-2022"],"acf":[],"_links":{"self":[{"href":"https:\/\/www.notibras.com\/site\/wp-json\/wp\/v2\/posts\/19348","targetHints":{"allow":["GET"]}}],"collection":[{"href":"https:\/\/www.notibras.com\/site\/wp-json\/wp\/v2\/posts"}],"about":[{"href":"https:\/\/www.notibras.com\/site\/wp-json\/wp\/v2\/types\/post"}],"author":[{"embeddable":true,"href":"https:\/\/www.notibras.com\/site\/wp-json\/wp\/v2\/users\/2"}],"replies":[{"embeddable":true,"href":"https:\/\/www.notibras.com\/site\/wp-json\/wp\/v2\/comments?post=19348"}],"version-history":[{"count":0,"href":"https:\/\/www.notibras.com\/site\/wp-json\/wp\/v2\/posts\/19348\/revisions"}],"wp:featuredmedia":[{"embeddable":true,"href":"https:\/\/www.notibras.com\/site\/wp-json\/wp\/v2\/media\/19349"}],"wp:attachment":[{"href":"https:\/\/www.notibras.com\/site\/wp-json\/wp\/v2\/media?parent=19348"}],"wp:term":[{"taxonomy":"category","embeddable":true,"href":"https:\/\/www.notibras.com\/site\/wp-json\/wp\/v2\/categories?post=19348"},{"taxonomy":"post_tag","embeddable":true,"href":"https:\/\/www.notibras.com\/site\/wp-json\/wp\/v2\/tags?post=19348"}],"curies":[{"name":"wp","href":"https:\/\/api.w.org\/{rel}","templated":true}]}}