{"id":19361,"date":"2014-08-13T08:42:54","date_gmt":"2014-08-13T11:42:54","guid":{"rendered":"http:\/\/www.notibras.com\/site\/?p=19361"},"modified":"2014-08-13T10:06:17","modified_gmt":"2014-08-13T13:06:17","slug":"caminhoneiro-e-preso-no-parana-com-cerca-de-r-750-mil-em-notas-falsas","status":"publish","type":"post","link":"https:\/\/www.notibras.com\/site\/caminhoneiro-e-preso-no-parana-com-cerca-de-r-750-mil-em-notas-falsas\/","title":{"rendered":"Caminhoneiro \u00e9 preso com cerca de R$ 750 mil em notas falsas em Paranagu\u00e1"},"content":{"rendered":"<p style=\"color: #333333;\">Um caminhoneiro foi preso com cerca de R$ 750 mil em notas falsas durante uma abordagem da Pol\u00edcia Militar (PM) e Pol\u00edcia Federal (PF) na noite de ter\u00e7a-feira (12), em Paranagu\u00e1, no litoral do Paran\u00e1. Segundo a PF, o condutor transportava carga de soja de Ponta Por\u00e3, no\u00a0Mato Grosso do Sul, e seguia em dire\u00e7\u00e3o ao Porto de\u00a0Paranagu\u00e1. Ao ser abordado, ele demonstrou nervosismo e acabou confessando sobre as notas falsas, que estavam em uma mala em meio a carga.<\/p>\n<blockquote>\n<p style=\"color: #333333;\">O condutor foi preso em flagrante. Ele disse aos policiais que iria entregar o valor para uma pessoa desconhecida e que iria receber R$ 3 mil pelo transporte. O homem foi encaminhado para a sede da PF em Paranagu\u00e1 junto com o caminh\u00e3o e as notas falsas apreendidas.<\/p>\n<\/blockquote>\n","protected":false},"excerpt":{"rendered":"<p>Um caminhoneiro foi preso com cerca de R$ 750 mil em notas falsas durante uma abordagem da Pol\u00edcia Militar (PM) e Pol\u00edcia Federal (PF) na noite de ter\u00e7a-feira (12), em Paranagu\u00e1, no litoral do Paran\u00e1. Segundo a PF, o condutor transportava carga de soja de Ponta Por\u00e3, no\u00a0Mato Grosso do Sul, e seguia em dire\u00e7\u00e3o [&hellip;]<\/p>\n","protected":false},"author":1,"featured_media":19362,"comment_status":"open","ping_status":"closed","sticky":false,"template":"","format":"standard","meta":{"_acf_changed":false,"footnotes":""},"categories":[16],"tags":[],"class_list":["post-19361","post","type-post","status-publish","format-standard","has-post-thumbnail","hentry","category-brasil"],"acf":[],"_links":{"self":[{"href":"https:\/\/www.notibras.com\/site\/wp-json\/wp\/v2\/posts\/19361","targetHints":{"allow":["GET"]}}],"collection":[{"href":"https:\/\/www.notibras.com\/site\/wp-json\/wp\/v2\/posts"}],"about":[{"href":"https:\/\/www.notibras.com\/site\/wp-json\/wp\/v2\/types\/post"}],"author":[{"embeddable":true,"href":"https:\/\/www.notibras.com\/site\/wp-json\/wp\/v2\/users\/1"}],"replies":[{"embeddable":true,"href":"https:\/\/www.notibras.com\/site\/wp-json\/wp\/v2\/comments?post=19361"}],"version-history":[{"count":0,"href":"https:\/\/www.notibras.com\/site\/wp-json\/wp\/v2\/posts\/19361\/revisions"}],"wp:featuredmedia":[{"embeddable":true,"href":"https:\/\/www.notibras.com\/site\/wp-json\/wp\/v2\/media\/19362"}],"wp:attachment":[{"href":"https:\/\/www.notibras.com\/site\/wp-json\/wp\/v2\/media?parent=19361"}],"wp:term":[{"taxonomy":"category","embeddable":true,"href":"https:\/\/www.notibras.com\/site\/wp-json\/wp\/v2\/categories?post=19361"},{"taxonomy":"post_tag","embeddable":true,"href":"https:\/\/www.notibras.com\/site\/wp-json\/wp\/v2\/tags?post=19361"}],"curies":[{"name":"wp","href":"https:\/\/api.w.org\/{rel}","templated":true}]}}