{"id":19366,"date":"2014-08-13T08:50:03","date_gmt":"2014-08-13T11:50:03","guid":{"rendered":"http:\/\/www.notibras.com\/site\/?p=19366"},"modified":"2014-08-14T16:42:00","modified_gmt":"2014-08-14T19:42:00","slug":"pedagio-no-sistema-anchieta-imigrantes-fica-mais-caro","status":"publish","type":"post","link":"https:\/\/www.notibras.com\/site\/pedagio-no-sistema-anchieta-imigrantes-fica-mais-caro\/","title":{"rendered":"Ped\u00e1gio fica mais caro no Sistema Anchieta-Imigrantes"},"content":{"rendered":"<p style=\"color: #333333;\">O ped\u00e1gio no Sistema Anchieta-Imigrantes fica mais caro a partir desta quarta-feira (13). O aumento foi autorizado em liminar concedida pela Justi\u00e7a, que determinou um reajuste maior do que o praticado desde 1\u00ba de julho. Houve tamb\u00e9m decis\u00e3o judicial que permitiu\u00a0aumento\u00a0na Rodovia Castello Branco.<\/p>\n<blockquote>\n<p style=\"color: #333333;\">Veja abaixo como ficam os valores:<\/p>\n<p style=\"color: #333333;\"><strong>Anchieta\/Imigrantes<br \/>\n<\/strong><span style=\"font-size: 1em; line-height: 1.5;\">Piratininga \u2013 km 32 da Imigrantes &#8211; R$ 22,40<br \/>\n<\/span><span style=\"font-size: 1em; line-height: 1.5;\">Riacho Grande \u2013 km 31 da Anchieta &#8211; R$ 22,40<br \/>\n<\/span><span style=\"font-size: 1em; line-height: 1.5;\">Santos \u2013 km 250 da C\u00f4nego D. Ranogni &#8211; R$ 10,40<br \/>\n<\/span><span style=\"font-size: 1em; line-height: 1.5;\">S\u00e3o Vicente \u2013 km 280 da Padre Manoel da N\u00f3brega &#8211; R$ 6,20<br \/>\n<\/span><span style=\"font-size: 1em; line-height: 1.5;\">Diadema \u2013 bloqueio &#8211; R$ 1,60<br \/>\n<\/span><span style=\"font-size: 1em; line-height: 1.5;\">Eldorado \u2013 bloqueio &#8211; R$ 3,20<br \/>\n<\/span><span style=\"font-size: 1em; line-height: 1.5;\">Batistini \u2013 bloqueio &#8211; R$ 5,20<\/span><\/p>\n<p style=\"color: #333333;\"><strong>Castello Branco<br \/>\n<\/strong><span style=\"font-size: 1em; line-height: 1.5;\">Osasco (km 18, sentido interior) &#8211; R$ 3,60<br \/>\n<\/span><span style=\"font-size: 1em; line-height: 1.5;\">Barueri (km 20, sentido capital) &#8211; R$ 3,60<br \/>\n<\/span><span style=\"font-size: 1em; line-height: 1.5;\">Itapevi (km 33, sentido interior) &#8211; R$ 7,20<br \/>\n<\/span><span style=\"font-size: 1em; line-height: 1.5;\">Itu (km 74, sentido Itu) &#8211; R$ 9,60<\/span><\/p>\n<p style=\"color: #333333;\"><strong>Rodovia Santos Dumont<br \/>\n<\/strong><span style=\"color: #444444; font-size: 1em; line-height: 1.5;\">Sorocaba (km 12,5, sentido Sul) &#8211; R$ 5,40<\/span><\/p>\n<p style=\"color: #333333;\"><strong>Rodovia Raposo Tavares<br \/>\n<\/strong><span style=\"color: #444444; font-size: 1em; line-height: 1.5;\">S\u00e3o Roque (km 46, sentido interior) &#8211; R$ 7,60<br \/>\n<\/span><span style=\"color: #444444; font-size: 1em; line-height: 1.5;\">Alum\u00ednio (km 79, sentido capital) &#8211; R$ 7<br \/>\n<\/span><span style=\"color: #444444; font-size: 1em; line-height: 1.5;\">Ara\u00e7oiaba da Serra (km 111, ambos os sentidos) &#8211; R$ 3,20<\/span><\/p>\n<\/blockquote>\n<p style=\"color: #333333;\">Os aumentos extras concedidos para o Sistema Anchieta-Imigrantes e para\u00a0 Rodovia Castello Branco se somam a que j\u00e1 tinha sido concedido no fim de julho para o Sistema Anhanguera-Bandeirantes. As concession\u00e1rias que administram as estradas n\u00e3o aceitaram o reajuste determinado pela Ag\u00eancia de Transportes do Estado de S\u00e3o Paulo (Artesp). Elas afirmam que o \u00edndice estava abaixo do previsto no contrato de concess\u00e3o.<\/p>\n<p><strong>Aumentos de R$ 0,10, R$ 0,20<\/strong>\u00a0<strong>e R$ 0,40<br \/>\n<\/strong>A decis\u00e3o judicial permitiu o aumento de R$ 0,40 na descida ao litoral. O valor que passou a vigorar em 1\u00ba de julho era de R$ 22. Antes dos reajustes, o ped\u00e1gio custava R$ 21,20.<\/p>\n<p>Nas tr\u00eas pra\u00e7as da Rodovia Castello Branco, administrada pela ViaOeste, os aumentos ser\u00e3o de R$ 0,10 e R$ 0,20, em rela\u00e7\u00e3o ao que j\u00e1 era praticado em 1\u00ba de julho. Em Osasco, no km 18,\u00a0 e Barueri, km 20, o valor vai subir de R$ 3,50 para R$ 3,60. J\u00e1 em Itapevi, no sentido interior, o aumento ser\u00e1 de R$ 7 para R$ 7,20.<\/p>\n<p>Nas demais pra\u00e7as da Castello, da Raposo Tavares e da Rodovia Jos\u00e9 Erm\u00edrio de Moraes, tamb\u00e9m administrada pela Viaoeste, os valores permanecer\u00e3o os mesmos em raz\u00e3o de arredondamentos.<\/p>\n<p><strong>IPCA \u00e9 motivo de pol\u00eamica: 6,13% para 6,37%<br \/>\n<\/strong>A varia\u00e7\u00e3o pelo IPCA prevista em contrato, segundo a Viaoeste, e que foi de 6,37% durante um per\u00edodo de 12 meses at\u00e9 junho, n\u00e3o foi o \u00edndice usado no reajuste praticado a partir de julho. O governo do estado tinha autorizado um aumento de 6,13%. A Justi\u00e7a aceitou os argumentos da concession\u00e1ria e concedeu liminar autorizando o aumento com base no IPCA &#8211; o \u00cdndice de Pre\u00e7os ao Consumidor Amplo \u00e9 calculado pelo IBGE.<\/p>\n<p>A Artesp afirma que n\u00e3o foi notificada pela Justi\u00e7a das decis\u00f5es que favoreceram a Ecovias e a Viaoeste. No entanto, afirma que os usu\u00e1rios dos sistemas dever\u00e3o guardar os comprovantes de pagamento dos ped\u00e1gios para um eventual ressarcimento no futuro, j\u00e1 que a decis\u00e3o \u00e9 liminar e ainda ser\u00e1 julgada novamente para um decis\u00e3o consolidada no Tribunal de Justi\u00e7a.<\/p>\n","protected":false},"excerpt":{"rendered":"<p>O ped\u00e1gio no Sistema Anchieta-Imigrantes fica mais caro a partir desta quarta-feira (13). O aumento foi autorizado em liminar concedida pela Justi\u00e7a, que determinou um reajuste maior do que o praticado desde 1\u00ba de julho. Houve tamb\u00e9m decis\u00e3o judicial que permitiu\u00a0aumento\u00a0na Rodovia Castello Branco. Veja abaixo como ficam os valores: Anchieta\/Imigrantes Piratininga \u2013 km 32 [&hellip;]<\/p>\n","protected":false},"author":1,"featured_media":19367,"comment_status":"open","ping_status":"closed","sticky":false,"template":"","format":"standard","meta":{"_acf_changed":false,"footnotes":""},"categories":[24],"tags":[],"class_list":["post-19366","post","type-post","status-publish","format-standard","has-post-thumbnail","hentry","category-sao-paulo"],"acf":[],"_links":{"self":[{"href":"https:\/\/www.notibras.com\/site\/wp-json\/wp\/v2\/posts\/19366","targetHints":{"allow":["GET"]}}],"collection":[{"href":"https:\/\/www.notibras.com\/site\/wp-json\/wp\/v2\/posts"}],"about":[{"href":"https:\/\/www.notibras.com\/site\/wp-json\/wp\/v2\/types\/post"}],"author":[{"embeddable":true,"href":"https:\/\/www.notibras.com\/site\/wp-json\/wp\/v2\/users\/1"}],"replies":[{"embeddable":true,"href":"https:\/\/www.notibras.com\/site\/wp-json\/wp\/v2\/comments?post=19366"}],"version-history":[{"count":0,"href":"https:\/\/www.notibras.com\/site\/wp-json\/wp\/v2\/posts\/19366\/revisions"}],"wp:featuredmedia":[{"embeddable":true,"href":"https:\/\/www.notibras.com\/site\/wp-json\/wp\/v2\/media\/19367"}],"wp:attachment":[{"href":"https:\/\/www.notibras.com\/site\/wp-json\/wp\/v2\/media?parent=19366"}],"wp:term":[{"taxonomy":"category","embeddable":true,"href":"https:\/\/www.notibras.com\/site\/wp-json\/wp\/v2\/categories?post=19366"},{"taxonomy":"post_tag","embeddable":true,"href":"https:\/\/www.notibras.com\/site\/wp-json\/wp\/v2\/tags?post=19366"}],"curies":[{"name":"wp","href":"https:\/\/api.w.org\/{rel}","templated":true}]}}