{"id":19390,"date":"2014-08-13T10:04:49","date_gmt":"2014-08-13T13:04:49","guid":{"rendered":"http:\/\/www.notibras.com\/site\/?p=19390"},"modified":"2014-08-13T10:04:49","modified_gmt":"2014-08-13T13:04:49","slug":"rei-da-cachaca-e-preso-acusado-de-estupro-e-tentativa-de-homicidio","status":"publish","type":"post","link":"https:\/\/www.notibras.com\/site\/rei-da-cachaca-e-preso-acusado-de-estupro-e-tentativa-de-homicidio\/","title":{"rendered":"Rei da cacha\u00e7a \u00e9 preso acusado de estupro e tentativa de homic\u00eddio"},"content":{"rendered":"<p>O empres\u00e1rio Ant\u00f4nio Eust\u00e1quio Rodrigues, o Toni Rodrigues, 64, maior produtor de cacha\u00e7a artesanal do pa\u00eds, e propriet\u00e1rio das marcas Seleta e Boazinha, foi preso nesta ter\u00e7a-feira (12), em Salinas, Minas Gerais, acusado de tentativa de homic\u00eddio, pedofilia, estupro de vulner\u00e1vel e estupro comum.<\/p>\n<p>De acordo com a Pol\u00edcia Civil de Minas Gerais, Rodrigues est\u00e1 preso na delegacia de Montes Claros.\u00a0Ainda de acordo com a pol\u00edcia, as v\u00edtimas de viol\u00eancia sexual s\u00e3o um menino de 14 anos e uma garota de 15, moradores da periferia de Salinas.<\/p>\n<p>A pol\u00edcia diz acreditar que os abusos contra os adolescentes teriam come\u00e7ado quando ambos tinham 13 anos. A den\u00fancia foi feita pela m\u00e3e do garoto ao Conselho Tutelar de Salinas. &#8220;Resolvi denunciar porque muitas pessoas t\u00eam medo dele aqui [em Salinas] j\u00e1 que ele \u00e9 um homem poderoso. Mas n\u00e3o tenho medo, sinto-me aliviada&#8221;, disse a m\u00e3e \u00e0 pol\u00edcia.<\/p>\n<blockquote><p>&#8220;Era comum ele distribuir celulares e dinheiro para as crian\u00e7as do bairro&#8221;, disse o menino aos conselheiros. Segundo o garoto, atos sexuais eram cometidos na casa do suspeito.<\/p>\n<p>&#8220;Ele me disse que n\u00e3o tinha necessidade de contar para ningu\u00e9m o que tinha acontecido, porque n\u00f3s dois nos dar\u00edamos muito mal&#8221;, afirmou o garoto.<\/p><\/blockquote>\n<p><strong>Tentativa de homic\u00eddio<br \/>\n<\/strong>Ainda de acordo com a pol\u00edcia, a tentativa de homic\u00eddio teria acontecido em 18 de julho deste ano. A v\u00edtima n\u00e3o foi identificada e a pris\u00e3o foi decretada baseada em depoimentos de testemunhas, que disseram que o empres\u00e1rio espancou outro garoto e amea\u00e7ou atirar nele.<\/p>\n","protected":false},"excerpt":{"rendered":"<p>O empres\u00e1rio Ant\u00f4nio Eust\u00e1quio Rodrigues, o Toni Rodrigues, 64, maior produtor de cacha\u00e7a artesanal do pa\u00eds, e propriet\u00e1rio das marcas Seleta e Boazinha, foi preso nesta ter\u00e7a-feira (12), em Salinas, Minas Gerais, acusado de tentativa de homic\u00eddio, pedofilia, estupro de vulner\u00e1vel e estupro comum. De acordo com a Pol\u00edcia Civil de Minas Gerais, Rodrigues est\u00e1 [&hellip;]<\/p>\n","protected":false},"author":1,"featured_media":19391,"comment_status":"open","ping_status":"closed","sticky":false,"template":"","format":"standard","meta":{"_acf_changed":false,"footnotes":""},"categories":[16],"tags":[],"class_list":["post-19390","post","type-post","status-publish","format-standard","has-post-thumbnail","hentry","category-brasil"],"acf":[],"_links":{"self":[{"href":"https:\/\/www.notibras.com\/site\/wp-json\/wp\/v2\/posts\/19390","targetHints":{"allow":["GET"]}}],"collection":[{"href":"https:\/\/www.notibras.com\/site\/wp-json\/wp\/v2\/posts"}],"about":[{"href":"https:\/\/www.notibras.com\/site\/wp-json\/wp\/v2\/types\/post"}],"author":[{"embeddable":true,"href":"https:\/\/www.notibras.com\/site\/wp-json\/wp\/v2\/users\/1"}],"replies":[{"embeddable":true,"href":"https:\/\/www.notibras.com\/site\/wp-json\/wp\/v2\/comments?post=19390"}],"version-history":[{"count":0,"href":"https:\/\/www.notibras.com\/site\/wp-json\/wp\/v2\/posts\/19390\/revisions"}],"wp:featuredmedia":[{"embeddable":true,"href":"https:\/\/www.notibras.com\/site\/wp-json\/wp\/v2\/media\/19391"}],"wp:attachment":[{"href":"https:\/\/www.notibras.com\/site\/wp-json\/wp\/v2\/media?parent=19390"}],"wp:term":[{"taxonomy":"category","embeddable":true,"href":"https:\/\/www.notibras.com\/site\/wp-json\/wp\/v2\/categories?post=19390"},{"taxonomy":"post_tag","embeddable":true,"href":"https:\/\/www.notibras.com\/site\/wp-json\/wp\/v2\/tags?post=19390"}],"curies":[{"name":"wp","href":"https:\/\/api.w.org\/{rel}","templated":true}]}}