{"id":19398,"date":"2014-08-13T12:22:05","date_gmt":"2014-08-13T15:22:05","guid":{"rendered":"http:\/\/www.notibras.com\/site\/?p=19398"},"modified":"2014-08-13T12:22:05","modified_gmt":"2014-08-13T15:22:05","slug":"mais-127-candidatos-impedidos-ficha-limpa-barra-samuquinha","status":"publish","type":"post","link":"https:\/\/www.notibras.com\/site\/mais-127-candidatos-impedidos-ficha-limpa-barra-samuquinha\/","title":{"rendered":"Mais 127 candidatos impedidos. Ficha Limpa barra &#8216;Samuquinha&#8217;"},"content":{"rendered":"<p>O Tribunal Regional Eleitoral do Rio de Janeiro (TRE-RJ) negou em sess\u00e3o extraordin\u00e1ria ontem o registro de 127 candidatos, entre eles os deputados estaduais e candidatos \u00e0 reelei\u00e7\u00e3o Samuquinha (PR), barrado pela Lei da Ficha Limpa &#8211; condenado por crime eleitoral em \u00f3rg\u00e3o colegiado &#8211; e Marcio Panisset (PDT), por n\u00e3o comprovar pagamento de multa eleitoral. O plen\u00e1rio j\u00e1 julgou 3.028 pedidos de registro, restando 216 processos. Cerca de 20% dos pedidos analisados foram negados at\u00e9 o momento.<\/p>\n<p>Samuquinha \u00e9 filho do falecido deputado e policial Samuca, conhecido pelo bord\u00e3o \u201cBandido bom \u00e9 bandido morto\u201d e defensor da pena de morte. J\u00e1 M\u00e1rcio Panisset \u00e9 irm\u00e3o da ex-prefeita de S\u00e3o Gon\u00e7alo Aparecida Panisset, candidata a deputada federal pelo PDT. Aparecida foi declarada ineleg\u00edvel pela Justi\u00e7a por ter tido as contas de 2012 rejeitada pela C\u00e2mara de Vereadores no ano passado, por n\u00e3o ter investido o m\u00ednimo de 25% do or\u00e7amento municipal em educa\u00e7\u00e3o, conforme determina a Constitui\u00e7\u00e3o Federal. Ela entrou com recurso e este aguarda julgamento.<\/p>\n<p>Os candidatos \u00e0 reelei\u00e7\u00e3o para deputado estadual Domingos Braz\u00e3o (PMDB), Gra\u00e7a Pereira (PRTB) e Lucinha (PSDB), assim como a ex-prefeita de S\u00e3o Jo\u00e3o da Barra, Carla Machado (PT), tiveram o registro deferido sob \u201ccondi\u00e7\u00e3o resolutiva\u201d, ou seja, apesar de condenados por \u00f3rg\u00e3o colegiado, obtiveram liminar favor\u00e1vel (decis\u00e3o provis\u00f3ria) no Tribunal Superior Eleitoral, que ainda ser\u00e1 julgada. Se absolvidos, poder\u00e3o concorrer. A chapa do PDT ao Senado tamb\u00e9m est\u00e1 na mesma situa\u00e7\u00e3o: a 1\u00aa suplente Sheila Gama teve o registro deferido, mas depende de decis\u00e3o do TSE.<\/p>\n","protected":false},"excerpt":{"rendered":"<p>O Tribunal Regional Eleitoral do Rio de Janeiro (TRE-RJ) negou em sess\u00e3o extraordin\u00e1ria ontem o registro de 127 candidatos, entre eles os deputados estaduais e candidatos \u00e0 reelei\u00e7\u00e3o Samuquinha (PR), barrado pela Lei da Ficha Limpa &#8211; condenado por crime eleitoral em \u00f3rg\u00e3o colegiado &#8211; e Marcio Panisset (PDT), por n\u00e3o comprovar pagamento de multa [&hellip;]<\/p>\n","protected":false},"author":1,"featured_media":19399,"comment_status":"open","ping_status":"closed","sticky":false,"template":"","format":"standard","meta":{"_acf_changed":false,"footnotes":""},"categories":[33],"tags":[],"class_list":["post-19398","post","type-post","status-publish","format-standard","has-post-thumbnail","hentry","category-eleicoes-2014"],"acf":[],"_links":{"self":[{"href":"https:\/\/www.notibras.com\/site\/wp-json\/wp\/v2\/posts\/19398","targetHints":{"allow":["GET"]}}],"collection":[{"href":"https:\/\/www.notibras.com\/site\/wp-json\/wp\/v2\/posts"}],"about":[{"href":"https:\/\/www.notibras.com\/site\/wp-json\/wp\/v2\/types\/post"}],"author":[{"embeddable":true,"href":"https:\/\/www.notibras.com\/site\/wp-json\/wp\/v2\/users\/1"}],"replies":[{"embeddable":true,"href":"https:\/\/www.notibras.com\/site\/wp-json\/wp\/v2\/comments?post=19398"}],"version-history":[{"count":0,"href":"https:\/\/www.notibras.com\/site\/wp-json\/wp\/v2\/posts\/19398\/revisions"}],"wp:featuredmedia":[{"embeddable":true,"href":"https:\/\/www.notibras.com\/site\/wp-json\/wp\/v2\/media\/19399"}],"wp:attachment":[{"href":"https:\/\/www.notibras.com\/site\/wp-json\/wp\/v2\/media?parent=19398"}],"wp:term":[{"taxonomy":"category","embeddable":true,"href":"https:\/\/www.notibras.com\/site\/wp-json\/wp\/v2\/categories?post=19398"},{"taxonomy":"post_tag","embeddable":true,"href":"https:\/\/www.notibras.com\/site\/wp-json\/wp\/v2\/tags?post=19398"}],"curies":[{"name":"wp","href":"https:\/\/api.w.org\/{rel}","templated":true}]}}