{"id":19436,"date":"2014-08-13T20:05:08","date_gmt":"2014-08-13T23:05:08","guid":{"rendered":"http:\/\/www.notibras.com\/site\/?p=19436"},"modified":"2014-08-16T10:02:03","modified_gmt":"2014-08-16T13:02:03","slug":"empreendedorismo-uma-dificuldade-para-quem-quer-fazer-algo","status":"publish","type":"post","link":"https:\/\/www.notibras.com\/site\/empreendedorismo-uma-dificuldade-para-quem-quer-fazer-algo\/","title":{"rendered":"Empreendedorismo e dificuldade para quem quer fazer algo"},"content":{"rendered":"<p>N\u00e3o h\u00e1 ineditismo, nem causar\u00e1 surpresa ao leitor a afirma\u00e7\u00e3o de que o Brasil \u00e9 um dos pa\u00edses com a maior carga jur\u00eddica-obrigacional aos empres\u00e1rios (tribut\u00e1ria, regulat\u00f3ria, burocr\u00e1tica, trabalhista, entre tantas outras).<\/p>\n<p>Acres\u00e7a-se a isso a forte concorr\u00eancia, em nosso mercado interno, de pa\u00edses estrangeiros que n\u00e3o cont\u00e9m a metade de tais obriga\u00e7\u00f5es jur\u00eddicas e, pronto, o cen\u00e1rio est\u00e1 montado: ser empres\u00e1rio no Brasil hoje, conquanto atrativo, n\u00e3o \u00e9 tarefa f\u00e1cil cujo sucesso ser\u00e1 alcan\u00e7ado por qualquer aventureiro.<\/p>\n<p>Entre tantos efeitos dessa realidade, um merece destaque especial, para o desenvolvimento da reflex\u00e3o a ser feita no presente texto: cresceu, nos \u00faltimos anos, de maneira acentuada, o informalismo na explora\u00e7\u00e3o de atividades econ\u00f4micas de baixa express\u00e3o.<\/p>\n<p>E, sabemos, informalismo \u00e9 algo que desagrada, conspicuamente, o Poder P\u00fablico, pois que significa impossibilidade de regula\u00e7\u00e3o (essa sanha insaci\u00e1vel do Estado de controlar a tudo e a todos) e, principalmente, n\u00e3o recolhimento de tributos.<\/p>\n<p>Foi visando sanar esse \u201cdesconforto\u201d que o Poder P\u00fablico, em 2008, editou a Lei Complementar n\u00ba 128 que, entre outras coisas, alterou a Lei Complementar n\u00ba 123, de 14 de dezembro de 2006, criando a figura do Microempreendedor Individual, o famoso MEI.<\/p>\n<p>A inten\u00e7\u00e3o legislativa n\u00e3o foi outra que n\u00e3o desestimular o informalismo entre os empres\u00e1rios individuais que aufiram receita bruta anual de at\u00e9 R$ 60.000,00 (sessenta mil reais).<\/p>\n<p>Vejamos o que a lei (Lei Complementar n\u00ba 123\/06, alterada pela 128\/08), hoje, considera como MEI:<\/p>\n<blockquote><p>Art. 18-A.\u00a0 O Microempreendedor Individual &#8211; MEI poder\u00e1 optar pelo recolhimento dos impostos e contribui\u00e7\u00f5es abrangidos pelo Simples Nacional em valores fixos mensais, independentemente da receita bruta por ele auferida no m\u00eas, na forma prevista neste artigo.<\/p>\n<p>\u00a7 1o\u00a0 Para os efeitos desta Lei Complementar, considera-se MEI o empres\u00e1rio individual a que se refere o art. 966 da Lei no 10.406, de 10 de janeiro de 2002 (C\u00f3digo Civil), que tenha auferido receita bruta, no ano-calend\u00e1rio anterior, de at\u00e9 R$ 60.000,00 (sessenta mil reais), optante pelo Simples Nacional e que n\u00e3o esteja impedido de optar pela sistem\u00e1tica prevista neste artigo.<\/p>\n<p>O problema, a ser denunciado no presente e breve artigo, est\u00e1 justamente nesses \u201cimpedimentos\u201d indicados na parte final do \u00a71\u00ba acima transcrito. Impedimentos que est\u00e3o previstos no mesmo Estatuto normativo, em seu par\u00e1grafo 4\u00ba:<\/p>\n<p>\u00a7 4o\u00a0 N\u00e3o poder\u00e1 optar pela sistem\u00e1tica de recolhimento prevista no caput deste artigo o MEI:<\/p>\n<p>I \u2013 cuja atividade seja tributada pelos Anexos IV ou V desta Lei Complementar, salvo autoriza\u00e7\u00e3o relativa a exerc\u00edcio de atividade isolada na forma regulamentada pelo Comit\u00ea Gestor;<\/p>\n<p>II \u2013 que possua mais de um estabelecimento;<\/p>\n<p>III \u2013 que participe de outra empresa como titular, s\u00f3cio ou administrador; ou<\/p>\n<p>IV \u2013 que contrate empregado.<\/p><\/blockquote>\n<p>Pelo destaque feito acima, o leitor pode perceber que n\u00e3o pode optar pelo recolhimento privilegiado da lei aquele que \u201cparticipe de outra empresa como titular, s\u00f3cio ou administrador\u201d.<\/p>\n<p>Sequer me preocuparei, aqui, em criticar a reiterada, e quase prim\u00e1ria, imperfei\u00e7\u00e3o legislativa ao utilizar-se do termo \u201cempresa\u201d quando pretendia falar em sociedade empres\u00e1ria.<\/p>\n<p>Limitar-me-ei a tratar do que de fato importa \u00e0 reflex\u00e3o proposta: o impedimento, utilizando-me de regra de hermen\u00eautica b\u00e1sica segundo a qual n\u00e3o se pode interpretar al\u00e9m do que a lei expressamente diz, restringe-se ao s\u00f3cio, titular ou administrador de outra sociedade empres\u00e1ria.<\/p>\n<p>Consequ\u00eancia l\u00f3gica disso: aquele que titularizar, associar-se ou administrar sociedade n\u00e3o empres\u00e1ria pode, sim, enquadrar-se como MEI e auferir as benesses de seu regime jur\u00eddico. Certo?<\/p>\n<p>Bem, pelo menos era assim que suspeitava, at\u00e9 ser surpreendido.<\/p>\n<p>Foi quando, recentemente, um cliente, s\u00f3cio de um escrit\u00f3rio de advocacia, tentou registrar-se como MEI. A resposta, pasme-se: \u201cpara inscrever-se como Microempreendedor Individual n\u00e3o \u00e9 permitido ser respons\u00e1vel por empresa ou ser participante do quadro de s\u00f3cios e administradores.\u201d<\/p>\n<p>Analisemos esse \u201cindeferimento\u201d.<\/p>\n<p>Sociedade de advogados, por for\u00e7a de lei (Estatuto da Advocacia), n\u00e3o \u00e9 considerada empres\u00e1ria:<\/p>\n<p>Art. 15. Os advogados podem reunir-se em sociedade civil de presta\u00e7\u00e3o de servi\u00e7o de advocacia, na forma disciplinada nesta Lei e no regulamento Geral.<\/p>\n<p>\u00a7 1\u00ba. A sociedade de advogados adquire personalidade jur\u00eddica com o registro aprovado dos seus atos constitutivos no Conselho Seccional da OAB em cuja base territorial tiver sede.<\/p>\n<p>Art. 16. N\u00e3o s\u00e3o admitidas a registro, nem podem funcionar, as sociedade de advogados que apresentem forma ou caracter\u00edsticas mercantis, que adotem denomina\u00e7\u00e3o de fantasia, que realizem atividades estranhas \u00e0 advocacia, que incluam s\u00f3cio n\u00e3o inscrito como advogado ou totalmente proibido de advogar.<\/p>\n<p>(&#8230;)<\/p>\n<p>\u00a7 3\u00ba. \u00c9 proibido o registro, nos cart\u00f3rios de registro civil de pessoas jur\u00eddicas e nas juntas comerciais, de sociedade que inclua, entre outras finalidades, a atividades de advocacia.<\/p>\n<p>Ora, se sociedade empres\u00e1ria n\u00e3o \u00e9 (ou \u201cempresa\u201d, como equivocadamente conceitua o legislador), seus s\u00f3cios n\u00e3o se veem legalmente impedidos de exercer uma atividade econ\u00f4mica registrando-se, para tanto, como MEI, caso presentes os requisitos legais.<\/p>\n<p>N\u00e3o h\u00e1 conclus\u00e3o mais cristalina que essa.<\/p>\n<p>Ocorre que o registro (ou formaliza\u00e7\u00e3o, como se diz na pr\u00e1tica) do MEI, atualmente, \u00e9 feito pela internet no site do Portal do Empreendedor. Quando se criou tal site, esqueceu-se de separar, quando do preenchimento do registro, o s\u00f3cio de sociedade empres\u00e1ria daquele s\u00f3cio de sociedade n\u00e3o empres\u00e1ria.<\/p>\n<p>Nesses moldes, quando o potencial empres\u00e1rio (pois, o registro deve ser feito antes da explora\u00e7\u00e3o da atividade, para ser, desde o princ\u00edpio, regular) vai registrar-se, ao indicar seu CPF, o site busca informa\u00e7\u00f5es compartilhadas e identifica a condi\u00e7\u00e3o de s\u00f3cio, n\u00e3o distinguindo s\u00f3cio de sociedade empres\u00e1ria do de n\u00e3o empres\u00e1ria.<\/p>\n<p>O registro \u00e9, portanto, indeferido de plano.<\/p>\n<p>O que cabe ao potencial empres\u00e1rio? Segundo o Manual do Processo Eletr\u00f4nico de Inscri\u00e7\u00e3o do MEI: \u201cCaso seja apontado um impedimento por participa\u00e7\u00e3o em outra empresa (e que n\u00e3o corresponda \u00e0 verdade), o empreendedor dever\u00e1, antes de fazer a inscri\u00e7\u00e3o, corrigir a situa\u00e7\u00e3o cadastral da outra empresa perante a Receita Federal do Brasil e Secretarias de Fazenda Estadual e Municipal.\u201d<\/p>\n<p>\u201cCorrigir a situa\u00e7\u00e3o cadastral da outra empresa\u201d, para o Manual, seria dar baixa no cadastro. O Manual limita-se, portanto, a orientar a solu\u00e7\u00e3o da espec\u00edfica situa\u00e7\u00e3o em que o potencial empres\u00e1rio n\u00e3o \u00e9 s\u00f3cio de sociedade alguma (empres\u00e1ria ou n\u00e3o), caso em que precisaria regularizar a situa\u00e7\u00e3o cadastral para que n\u00e3o conste como tal em tais cadastros fazend\u00e1rios.<\/p>\n<p>Como o s\u00f3cio de sociedade de advogados ir\u00e1 \u201ccorrigir\u201d uma situa\u00e7\u00e3o cadastral que est\u00e1 perfeitamente adequada?<\/p>\n<p>Fica o potencial empres\u00e1rio, assim, ref\u00e9m de um impedimento ilegal, sem meios administrativos h\u00e1beis a solucionar sua celeuma.<\/p>\n<p>Deixo registrada, portanto, uma sugest\u00e3o aos respons\u00e1veis pelo site para que (eles sim) corrijam um s\u00e9rio equ\u00edvoco cadastral, que vem causando transtornos a milhares de potenciais empres\u00e1rios que, \u00e0s vezes sem saber, est\u00e3o sendo privados de um direito legalmente institu\u00eddo (registrar-se como MEI).<\/p>\n<p>At\u00e9 l\u00e1, chover\u00e3o, acredito, a\u00e7\u00f5es judiciais!<\/p>\n<p><strong>Leonardo Honorato Costa, s\u00f3cio do escrit\u00f3rio GMPR \u2013 Gon\u00e7alves, Macedo, Paiva &amp; Rassi Advogados.<\/strong><\/p>\n","protected":false},"excerpt":{"rendered":"<p>N\u00e3o h\u00e1 ineditismo, nem causar\u00e1 surpresa ao leitor a afirma\u00e7\u00e3o de que o Brasil \u00e9 um dos pa\u00edses com a maior carga jur\u00eddica-obrigacional aos empres\u00e1rios (tribut\u00e1ria, regulat\u00f3ria, burocr\u00e1tica, trabalhista, entre tantas outras). Acres\u00e7a-se a isso a forte concorr\u00eancia, em nosso mercado interno, de pa\u00edses estrangeiros que n\u00e3o cont\u00e9m a metade de tais obriga\u00e7\u00f5es jur\u00eddicas e, [&hellip;]<\/p>\n","protected":false},"author":2,"featured_media":19437,"comment_status":"open","ping_status":"closed","sticky":false,"template":"","format":"standard","meta":{"_acf_changed":false,"footnotes":""},"categories":[25],"tags":[],"class_list":["post-19436","post","type-post","status-publish","format-standard","has-post-thumbnail","hentry","category-opina-ai"],"acf":[],"yoast_head":"<!-- This site is optimized with the Yoast SEO plugin v27.5 - https:\/\/yoast.com\/product\/yoast-seo-wordpress\/ -->\n<title>Empreendedorismo e dificuldade para quem quer fazer algo - Notibras<\/title>\n<meta name=\"robots\" content=\"index, follow, max-snippet:-1, max-image-preview:large, max-video-preview:-1\" \/>\n<link rel=\"canonical\" href=\"https:\/\/www.notibras.com\/site\/empreendedorismo-uma-dificuldade-para-quem-quer-fazer-algo\/\" \/>\n<meta property=\"og:locale\" content=\"pt_BR\" \/>\n<meta property=\"og:type\" content=\"article\" \/>\n<meta property=\"og:title\" content=\"Empreendedorismo e dificuldade para quem quer fazer algo - Notibras\" \/>\n<meta property=\"og:description\" content=\"N\u00e3o h\u00e1 ineditismo, nem causar\u00e1 surpresa ao leitor a afirma\u00e7\u00e3o de que o Brasil \u00e9 um dos pa\u00edses com a maior carga jur\u00eddica-obrigacional aos empres\u00e1rios (tribut\u00e1ria, regulat\u00f3ria, burocr\u00e1tica, trabalhista, entre tantas outras). Acres\u00e7a-se a isso a forte concorr\u00eancia, em nosso mercado interno, de pa\u00edses estrangeiros que n\u00e3o cont\u00e9m a metade de tais obriga\u00e7\u00f5es jur\u00eddicas e, [&hellip;]\" \/>\n<meta property=\"og:url\" content=\"https:\/\/www.notibras.com\/site\/empreendedorismo-uma-dificuldade-para-quem-quer-fazer-algo\/\" \/>\n<meta property=\"og:site_name\" content=\"Notibras\" \/>\n<meta property=\"article:publisher\" content=\"https:\/\/www.facebook.com\/notibras\/\" \/>\n<meta property=\"article:published_time\" content=\"2014-08-13T23:05:08+00:00\" \/>\n<meta property=\"article:modified_time\" content=\"2014-08-16T13:02:03+00:00\" \/>\n<meta property=\"og:image\" content=\"https:\/\/www.notibras.com\/site\/wp-content\/uploads\/2014\/08\/6a017ee5e035c4970d019b0114b273970d-800wi.jpg\" \/>\n\t<meta property=\"og:image:width\" content=\"800\" \/>\n\t<meta property=\"og:image:height\" content=\"533\" \/>\n\t<meta property=\"og:image:type\" content=\"image\/jpeg\" \/>\n<meta name=\"author\" content=\"Reda\u00e7\u00e3o\" \/>\n<meta name=\"twitter:card\" content=\"summary_large_image\" \/>\n<meta name=\"twitter:creator\" content=\"@Notibras\" \/>\n<meta name=\"twitter:site\" content=\"@Notibras\" \/>\n<meta name=\"twitter:label1\" content=\"Escrito por\" \/>\n\t<meta name=\"twitter:data1\" content=\"Reda\u00e7\u00e3o\" \/>\n\t<meta name=\"twitter:label2\" content=\"Est. tempo de leitura\" \/>\n\t<meta name=\"twitter:data2\" content=\"6 minutos\" \/>\n<script type=\"application\/ld+json\" class=\"yoast-schema-graph\">{\"@context\":\"https:\\\/\\\/schema.org\",\"@graph\":[{\"@type\":\"Article\",\"@id\":\"https:\\\/\\\/www.notibras.com\\\/site\\\/empreendedorismo-uma-dificuldade-para-quem-quer-fazer-algo\\\/#article\",\"isPartOf\":{\"@id\":\"https:\\\/\\\/www.notibras.com\\\/site\\\/empreendedorismo-uma-dificuldade-para-quem-quer-fazer-algo\\\/\"},\"author\":{\"name\":\"Reda\u00e7\u00e3o\",\"@id\":\"https:\\\/\\\/www.notibras.com\\\/site\\\/#\\\/schema\\\/person\\\/36ab0979449956132d3e5b517ea76ac8\"},\"headline\":\"Empreendedorismo e dificuldade para quem quer fazer algo\",\"datePublished\":\"2014-08-13T23:05:08+00:00\",\"dateModified\":\"2014-08-16T13:02:03+00:00\",\"mainEntityOfPage\":{\"@id\":\"https:\\\/\\\/www.notibras.com\\\/site\\\/empreendedorismo-uma-dificuldade-para-quem-quer-fazer-algo\\\/\"},\"wordCount\":1223,\"commentCount\":0,\"publisher\":{\"@id\":\"https:\\\/\\\/www.notibras.com\\\/site\\\/#organization\"},\"image\":{\"@id\":\"https:\\\/\\\/www.notibras.com\\\/site\\\/empreendedorismo-uma-dificuldade-para-quem-quer-fazer-algo\\\/#primaryimage\"},\"thumbnailUrl\":\"https:\\\/\\\/www.notibras.com\\\/site\\\/wp-content\\\/uploads\\\/2014\\\/08\\\/6a017ee5e035c4970d019b0114b273970d-800wi.jpg\",\"articleSection\":[\"Opina a\u00ed\"],\"inLanguage\":\"pt-BR\",\"potentialAction\":[{\"@type\":\"CommentAction\",\"name\":\"Comment\",\"target\":[\"https:\\\/\\\/www.notibras.com\\\/site\\\/empreendedorismo-uma-dificuldade-para-quem-quer-fazer-algo\\\/#respond\"]}]},{\"@type\":\"WebPage\",\"@id\":\"https:\\\/\\\/www.notibras.com\\\/site\\\/empreendedorismo-uma-dificuldade-para-quem-quer-fazer-algo\\\/\",\"url\":\"https:\\\/\\\/www.notibras.com\\\/site\\\/empreendedorismo-uma-dificuldade-para-quem-quer-fazer-algo\\\/\",\"name\":\"Empreendedorismo e dificuldade para quem quer fazer algo - Notibras\",\"isPartOf\":{\"@id\":\"https:\\\/\\\/www.notibras.com\\\/site\\\/#website\"},\"primaryImageOfPage\":{\"@id\":\"https:\\\/\\\/www.notibras.com\\\/site\\\/empreendedorismo-uma-dificuldade-para-quem-quer-fazer-algo\\\/#primaryimage\"},\"image\":{\"@id\":\"https:\\\/\\\/www.notibras.com\\\/site\\\/empreendedorismo-uma-dificuldade-para-quem-quer-fazer-algo\\\/#primaryimage\"},\"thumbnailUrl\":\"https:\\\/\\\/www.notibras.com\\\/site\\\/wp-content\\\/uploads\\\/2014\\\/08\\\/6a017ee5e035c4970d019b0114b273970d-800wi.jpg\",\"datePublished\":\"2014-08-13T23:05:08+00:00\",\"dateModified\":\"2014-08-16T13:02:03+00:00\",\"breadcrumb\":{\"@id\":\"https:\\\/\\\/www.notibras.com\\\/site\\\/empreendedorismo-uma-dificuldade-para-quem-quer-fazer-algo\\\/#breadcrumb\"},\"inLanguage\":\"pt-BR\",\"potentialAction\":[{\"@type\":\"ReadAction\",\"target\":[\"https:\\\/\\\/www.notibras.com\\\/site\\\/empreendedorismo-uma-dificuldade-para-quem-quer-fazer-algo\\\/\"]}]},{\"@type\":\"ImageObject\",\"inLanguage\":\"pt-BR\",\"@id\":\"https:\\\/\\\/www.notibras.com\\\/site\\\/empreendedorismo-uma-dificuldade-para-quem-quer-fazer-algo\\\/#primaryimage\",\"url\":\"https:\\\/\\\/www.notibras.com\\\/site\\\/wp-content\\\/uploads\\\/2014\\\/08\\\/6a017ee5e035c4970d019b0114b273970d-800wi.jpg\",\"contentUrl\":\"https:\\\/\\\/www.notibras.com\\\/site\\\/wp-content\\\/uploads\\\/2014\\\/08\\\/6a017ee5e035c4970d019b0114b273970d-800wi.jpg\",\"width\":800,\"height\":533},{\"@type\":\"BreadcrumbList\",\"@id\":\"https:\\\/\\\/www.notibras.com\\\/site\\\/empreendedorismo-uma-dificuldade-para-quem-quer-fazer-algo\\\/#breadcrumb\",\"itemListElement\":[{\"@type\":\"ListItem\",\"position\":1,\"name\":\"In\u00edcio\",\"item\":\"https:\\\/\\\/www.notibras.com\\\/site\\\/\"},{\"@type\":\"ListItem\",\"position\":2,\"name\":\"Empreendedorismo e dificuldade para quem quer fazer algo\"}]},{\"@type\":\"WebSite\",\"@id\":\"https:\\\/\\\/www.notibras.com\\\/site\\\/#website\",\"url\":\"https:\\\/\\\/www.notibras.com\\\/site\\\/\",\"name\":\"Notibras\",\"description\":\"Not\u00edcias de Bras\u00edlia, do Brasil e do Mundo\",\"publisher\":{\"@id\":\"https:\\\/\\\/www.notibras.com\\\/site\\\/#organization\"},\"potentialAction\":[{\"@type\":\"SearchAction\",\"target\":{\"@type\":\"EntryPoint\",\"urlTemplate\":\"https:\\\/\\\/www.notibras.com\\\/site\\\/?s={search_term_string}\"},\"query-input\":{\"@type\":\"PropertyValueSpecification\",\"valueRequired\":true,\"valueName\":\"search_term_string\"}}],\"inLanguage\":\"pt-BR\"},{\"@type\":\"Organization\",\"@id\":\"https:\\\/\\\/www.notibras.com\\\/site\\\/#organization\",\"name\":\"Grupo Notibras de Comunica\u00e7\u00e3o\",\"url\":\"https:\\\/\\\/www.notibras.com\\\/site\\\/\",\"logo\":{\"@type\":\"ImageObject\",\"inLanguage\":\"pt-BR\",\"@id\":\"https:\\\/\\\/www.notibras.com\\\/site\\\/#\\\/schema\\\/logo\\\/image\\\/\",\"url\":\"https:\\\/\\\/www.notibras.com\\\/site\\\/wp-content\\\/uploads\\\/2023\\\/01\\\/notibras23.png\",\"contentUrl\":\"https:\\\/\\\/www.notibras.com\\\/site\\\/wp-content\\\/uploads\\\/2023\\\/01\\\/notibras23.png\",\"width\":350,\"height\":87,\"caption\":\"Grupo Notibras de Comunica\u00e7\u00e3o\"},\"image\":{\"@id\":\"https:\\\/\\\/www.notibras.com\\\/site\\\/#\\\/schema\\\/logo\\\/image\\\/\"},\"sameAs\":[\"https:\\\/\\\/www.facebook.com\\\/notibras\\\/\",\"https:\\\/\\\/x.com\\\/Notibras\",\"https:\\\/\\\/www.instagram.com\\\/notibras\\\/\"]},{\"@type\":\"Person\",\"@id\":\"https:\\\/\\\/www.notibras.com\\\/site\\\/#\\\/schema\\\/person\\\/36ab0979449956132d3e5b517ea76ac8\",\"name\":\"Reda\u00e7\u00e3o\",\"image\":{\"@type\":\"ImageObject\",\"inLanguage\":\"pt-BR\",\"@id\":\"https:\\\/\\\/secure.gravatar.com\\\/avatar\\\/e0a867bdedb85fd243eadf09663511f96fc81e0720a4a42581f334ad4303aa6b?s=96&d=mm&r=g\",\"url\":\"https:\\\/\\\/secure.gravatar.com\\\/avatar\\\/e0a867bdedb85fd243eadf09663511f96fc81e0720a4a42581f334ad4303aa6b?s=96&d=mm&r=g\",\"contentUrl\":\"https:\\\/\\\/secure.gravatar.com\\\/avatar\\\/e0a867bdedb85fd243eadf09663511f96fc81e0720a4a42581f334ad4303aa6b?s=96&d=mm&r=g\",\"caption\":\"Reda\u00e7\u00e3o\"}}]}<\/script>\n<!-- \/ Yoast SEO plugin. -->","yoast_head_json":{"title":"Empreendedorismo e dificuldade para quem quer fazer algo - Notibras","robots":{"index":"index","follow":"follow","max-snippet":"max-snippet:-1","max-image-preview":"max-image-preview:large","max-video-preview":"max-video-preview:-1"},"canonical":"https:\/\/www.notibras.com\/site\/empreendedorismo-uma-dificuldade-para-quem-quer-fazer-algo\/","og_locale":"pt_BR","og_type":"article","og_title":"Empreendedorismo e dificuldade para quem quer fazer algo - Notibras","og_description":"N\u00e3o h\u00e1 ineditismo, nem causar\u00e1 surpresa ao leitor a afirma\u00e7\u00e3o de que o Brasil \u00e9 um dos pa\u00edses com a maior carga jur\u00eddica-obrigacional aos empres\u00e1rios (tribut\u00e1ria, regulat\u00f3ria, burocr\u00e1tica, trabalhista, entre tantas outras). Acres\u00e7a-se a isso a forte concorr\u00eancia, em nosso mercado interno, de pa\u00edses estrangeiros que n\u00e3o cont\u00e9m a metade de tais obriga\u00e7\u00f5es jur\u00eddicas e, [&hellip;]","og_url":"https:\/\/www.notibras.com\/site\/empreendedorismo-uma-dificuldade-para-quem-quer-fazer-algo\/","og_site_name":"Notibras","article_publisher":"https:\/\/www.facebook.com\/notibras\/","article_published_time":"2014-08-13T23:05:08+00:00","article_modified_time":"2014-08-16T13:02:03+00:00","og_image":[{"width":800,"height":533,"url":"https:\/\/www.notibras.com\/site\/wp-content\/uploads\/2014\/08\/6a017ee5e035c4970d019b0114b273970d-800wi.jpg","type":"image\/jpeg"}],"author":"Reda\u00e7\u00e3o","twitter_card":"summary_large_image","twitter_creator":"@Notibras","twitter_site":"@Notibras","twitter_misc":{"Escrito por":"Reda\u00e7\u00e3o","Est. tempo de leitura":"6 minutos"},"schema":{"@context":"https:\/\/schema.org","@graph":[{"@type":"Article","@id":"https:\/\/www.notibras.com\/site\/empreendedorismo-uma-dificuldade-para-quem-quer-fazer-algo\/#article","isPartOf":{"@id":"https:\/\/www.notibras.com\/site\/empreendedorismo-uma-dificuldade-para-quem-quer-fazer-algo\/"},"author":{"name":"Reda\u00e7\u00e3o","@id":"https:\/\/www.notibras.com\/site\/#\/schema\/person\/36ab0979449956132d3e5b517ea76ac8"},"headline":"Empreendedorismo e dificuldade para quem quer fazer algo","datePublished":"2014-08-13T23:05:08+00:00","dateModified":"2014-08-16T13:02:03+00:00","mainEntityOfPage":{"@id":"https:\/\/www.notibras.com\/site\/empreendedorismo-uma-dificuldade-para-quem-quer-fazer-algo\/"},"wordCount":1223,"commentCount":0,"publisher":{"@id":"https:\/\/www.notibras.com\/site\/#organization"},"image":{"@id":"https:\/\/www.notibras.com\/site\/empreendedorismo-uma-dificuldade-para-quem-quer-fazer-algo\/#primaryimage"},"thumbnailUrl":"https:\/\/www.notibras.com\/site\/wp-content\/uploads\/2014\/08\/6a017ee5e035c4970d019b0114b273970d-800wi.jpg","articleSection":["Opina a\u00ed"],"inLanguage":"pt-BR","potentialAction":[{"@type":"CommentAction","name":"Comment","target":["https:\/\/www.notibras.com\/site\/empreendedorismo-uma-dificuldade-para-quem-quer-fazer-algo\/#respond"]}]},{"@type":"WebPage","@id":"https:\/\/www.notibras.com\/site\/empreendedorismo-uma-dificuldade-para-quem-quer-fazer-algo\/","url":"https:\/\/www.notibras.com\/site\/empreendedorismo-uma-dificuldade-para-quem-quer-fazer-algo\/","name":"Empreendedorismo e dificuldade para quem quer fazer algo - Notibras","isPartOf":{"@id":"https:\/\/www.notibras.com\/site\/#website"},"primaryImageOfPage":{"@id":"https:\/\/www.notibras.com\/site\/empreendedorismo-uma-dificuldade-para-quem-quer-fazer-algo\/#primaryimage"},"image":{"@id":"https:\/\/www.notibras.com\/site\/empreendedorismo-uma-dificuldade-para-quem-quer-fazer-algo\/#primaryimage"},"thumbnailUrl":"https:\/\/www.notibras.com\/site\/wp-content\/uploads\/2014\/08\/6a017ee5e035c4970d019b0114b273970d-800wi.jpg","datePublished":"2014-08-13T23:05:08+00:00","dateModified":"2014-08-16T13:02:03+00:00","breadcrumb":{"@id":"https:\/\/www.notibras.com\/site\/empreendedorismo-uma-dificuldade-para-quem-quer-fazer-algo\/#breadcrumb"},"inLanguage":"pt-BR","potentialAction":[{"@type":"ReadAction","target":["https:\/\/www.notibras.com\/site\/empreendedorismo-uma-dificuldade-para-quem-quer-fazer-algo\/"]}]},{"@type":"ImageObject","inLanguage":"pt-BR","@id":"https:\/\/www.notibras.com\/site\/empreendedorismo-uma-dificuldade-para-quem-quer-fazer-algo\/#primaryimage","url":"https:\/\/www.notibras.com\/site\/wp-content\/uploads\/2014\/08\/6a017ee5e035c4970d019b0114b273970d-800wi.jpg","contentUrl":"https:\/\/www.notibras.com\/site\/wp-content\/uploads\/2014\/08\/6a017ee5e035c4970d019b0114b273970d-800wi.jpg","width":800,"height":533},{"@type":"BreadcrumbList","@id":"https:\/\/www.notibras.com\/site\/empreendedorismo-uma-dificuldade-para-quem-quer-fazer-algo\/#breadcrumb","itemListElement":[{"@type":"ListItem","position":1,"name":"In\u00edcio","item":"https:\/\/www.notibras.com\/site\/"},{"@type":"ListItem","position":2,"name":"Empreendedorismo e dificuldade para quem quer fazer algo"}]},{"@type":"WebSite","@id":"https:\/\/www.notibras.com\/site\/#website","url":"https:\/\/www.notibras.com\/site\/","name":"Notibras","description":"Not\u00edcias de Bras\u00edlia, do Brasil e do Mundo","publisher":{"@id":"https:\/\/www.notibras.com\/site\/#organization"},"potentialAction":[{"@type":"SearchAction","target":{"@type":"EntryPoint","urlTemplate":"https:\/\/www.notibras.com\/site\/?s={search_term_string}"},"query-input":{"@type":"PropertyValueSpecification","valueRequired":true,"valueName":"search_term_string"}}],"inLanguage":"pt-BR"},{"@type":"Organization","@id":"https:\/\/www.notibras.com\/site\/#organization","name":"Grupo Notibras de Comunica\u00e7\u00e3o","url":"https:\/\/www.notibras.com\/site\/","logo":{"@type":"ImageObject","inLanguage":"pt-BR","@id":"https:\/\/www.notibras.com\/site\/#\/schema\/logo\/image\/","url":"https:\/\/www.notibras.com\/site\/wp-content\/uploads\/2023\/01\/notibras23.png","contentUrl":"https:\/\/www.notibras.com\/site\/wp-content\/uploads\/2023\/01\/notibras23.png","width":350,"height":87,"caption":"Grupo Notibras de Comunica\u00e7\u00e3o"},"image":{"@id":"https:\/\/www.notibras.com\/site\/#\/schema\/logo\/image\/"},"sameAs":["https:\/\/www.facebook.com\/notibras\/","https:\/\/x.com\/Notibras","https:\/\/www.instagram.com\/notibras\/"]},{"@type":"Person","@id":"https:\/\/www.notibras.com\/site\/#\/schema\/person\/36ab0979449956132d3e5b517ea76ac8","name":"Reda\u00e7\u00e3o","image":{"@type":"ImageObject","inLanguage":"pt-BR","@id":"https:\/\/secure.gravatar.com\/avatar\/e0a867bdedb85fd243eadf09663511f96fc81e0720a4a42581f334ad4303aa6b?s=96&d=mm&r=g","url":"https:\/\/secure.gravatar.com\/avatar\/e0a867bdedb85fd243eadf09663511f96fc81e0720a4a42581f334ad4303aa6b?s=96&d=mm&r=g","contentUrl":"https:\/\/secure.gravatar.com\/avatar\/e0a867bdedb85fd243eadf09663511f96fc81e0720a4a42581f334ad4303aa6b?s=96&d=mm&r=g","caption":"Reda\u00e7\u00e3o"}}]}},"amp_enabled":true,"_links":{"self":[{"href":"https:\/\/www.notibras.com\/site\/wp-json\/wp\/v2\/posts\/19436","targetHints":{"allow":["GET"]}}],"collection":[{"href":"https:\/\/www.notibras.com\/site\/wp-json\/wp\/v2\/posts"}],"about":[{"href":"https:\/\/www.notibras.com\/site\/wp-json\/wp\/v2\/types\/post"}],"author":[{"embeddable":true,"href":"https:\/\/www.notibras.com\/site\/wp-json\/wp\/v2\/users\/2"}],"replies":[{"embeddable":true,"href":"https:\/\/www.notibras.com\/site\/wp-json\/wp\/v2\/comments?post=19436"}],"version-history":[{"count":0,"href":"https:\/\/www.notibras.com\/site\/wp-json\/wp\/v2\/posts\/19436\/revisions"}],"wp:featuredmedia":[{"embeddable":true,"href":"https:\/\/www.notibras.com\/site\/wp-json\/wp\/v2\/media\/19437"}],"wp:attachment":[{"href":"https:\/\/www.notibras.com\/site\/wp-json\/wp\/v2\/media?parent=19436"}],"wp:term":[{"taxonomy":"category","embeddable":true,"href":"https:\/\/www.notibras.com\/site\/wp-json\/wp\/v2\/categories?post=19436"},{"taxonomy":"post_tag","embeddable":true,"href":"https:\/\/www.notibras.com\/site\/wp-json\/wp\/v2\/tags?post=19436"}],"curies":[{"name":"wp","href":"https:\/\/api.w.org\/{rel}","templated":true}]}}