{"id":19466,"date":"2014-08-13T23:46:05","date_gmt":"2014-08-14T02:46:05","guid":{"rendered":"http:\/\/www.notibras.com\/site\/?p=19466"},"modified":"2014-08-14T06:49:16","modified_gmt":"2014-08-14T09:49:16","slug":"sao-paulo-da-vexame-em-casa-e-deixa-vaga-para-bragantino","status":"publish","type":"post","link":"https:\/\/www.notibras.com\/site\/sao-paulo-da-vexame-em-casa-e-deixa-vaga-para-bragantino\/","title":{"rendered":"S\u00e3o Paulo d\u00e1 vexame em casa e deixa vaga para Bragantino"},"content":{"rendered":"<p>N\u00e3o ser\u00e1 em 2014 que o S\u00e3o Paulo conseguir\u00e1 o t\u00edtulo da Copa do Brasil, \u00fanico torneio que\u00a0falta em sua vasta galeria\u00a0de conquistas.<\/p>\n<p>Nesta quarta-feira, jogando no Morumbi,\u00a0o time at\u00e9 saiu na frente, mas tomou o empate ainda na etapa inicial\u00a0e, com dois gols no segundo tempo, acabou perdendo por 3 a 1,\u00a0sendo assim eliminado\u00a0pelo modesto Bragantino, que briga para n\u00e3o ser rebaixado para a terceira divis\u00e3o do Campeonato Braisleiro.<\/p>\n<blockquote>\n<p class=\"text\">Com um time misto, o S\u00e3o Paulo podia perder por at\u00e9 um gol de diferen\u00e7a que se classificaria\u00a0para as oitavas do torneio. Por\u00e9m, os lances de bola\u00a0parada voltaram\u00a0a assombrar a\u00a0zaga tricolor.<\/p>\n<\/blockquote>\n<p class=\"text\">Foi assim contra Goi\u00e1s, Crici\u00fama e\u00a0Vit\u00f3ria, que apesar do triunfo, sofreu um gol da mesma maneira no Morumbi. Mesmo sofrendo press\u00e3o, e atr\u00e1s do placar,\u00a0Muricy Ramalho n\u00e3o\u00a0esbo\u00e7ou nenhuma rea\u00e7\u00e3o, manteve o mesmo time em campo e viu sua\u00a0equipe sucumbir dentro da pr\u00f3pria casa.<\/p>\n","protected":false},"excerpt":{"rendered":"<p>N\u00e3o ser\u00e1 em 2014 que o S\u00e3o Paulo conseguir\u00e1 o t\u00edtulo da Copa do Brasil, \u00fanico torneio que\u00a0falta em sua vasta galeria\u00a0de conquistas. Nesta quarta-feira, jogando no Morumbi,\u00a0o time at\u00e9 saiu na frente, mas tomou o empate ainda na etapa inicial\u00a0e, com dois gols no segundo tempo, acabou perdendo por 3 a 1,\u00a0sendo assim eliminado\u00a0pelo [&hellip;]<\/p>\n","protected":false},"author":2,"featured_media":19467,"comment_status":"open","ping_status":"closed","sticky":false,"template":"","format":"standard","meta":{"_acf_changed":false,"footnotes":""},"categories":[19,29],"tags":[],"class_list":["post-19466","post","type-post","status-publish","format-standard","has-post-thumbnail","hentry","category-esportes","category-futebol"],"acf":[],"yoast_head":"<!-- This site is optimized with the Yoast SEO plugin v27.2 - https:\/\/yoast.com\/product\/yoast-seo-wordpress\/ -->\n<title>S\u00e3o Paulo d\u00e1 vexame em casa e deixa vaga para Bragantino - Notibras<\/title>\n<meta name=\"robots\" content=\"index, follow, max-snippet:-1, max-image-preview:large, max-video-preview:-1\" \/>\n<link rel=\"canonical\" href=\"https:\/\/www.notibras.com\/site\/sao-paulo-da-vexame-em-casa-e-deixa-vaga-para-bragantino\/\" \/>\n<meta property=\"og:locale\" content=\"pt_BR\" \/>\n<meta property=\"og:type\" content=\"article\" \/>\n<meta property=\"og:title\" content=\"S\u00e3o Paulo d\u00e1 vexame em casa e deixa vaga para Bragantino - Notibras\" \/>\n<meta property=\"og:description\" content=\"N\u00e3o ser\u00e1 em 2014 que o S\u00e3o Paulo conseguir\u00e1 o t\u00edtulo da Copa do Brasil, \u00fanico torneio que\u00a0falta em sua vasta galeria\u00a0de conquistas. Nesta quarta-feira, jogando no Morumbi,\u00a0o time at\u00e9 saiu na frente, mas tomou o empate ainda na etapa inicial\u00a0e, com dois gols no segundo tempo, acabou perdendo por 3 a 1,\u00a0sendo assim eliminado\u00a0pelo [&hellip;]\" \/>\n<meta property=\"og:url\" content=\"https:\/\/www.notibras.com\/site\/sao-paulo-da-vexame-em-casa-e-deixa-vaga-para-bragantino\/\" \/>\n<meta property=\"og:site_name\" content=\"Notibras\" \/>\n<meta property=\"article:publisher\" content=\"https:\/\/www.facebook.com\/notibras\/\" \/>\n<meta property=\"article:published_time\" content=\"2014-08-14T02:46:05+00:00\" \/>\n<meta property=\"article:modified_time\" content=\"2014-08-14T09:49:16+00:00\" \/>\n<meta property=\"og:image\" content=\"https:\/\/www.notibras.com\/site\/wp-content\/uploads\/2014\/08\/cp2.jpg\" \/>\n\t<meta property=\"og:image:width\" content=\"460\" \/>\n\t<meta property=\"og:image:height\" content=\"340\" \/>\n\t<meta property=\"og:image:type\" content=\"image\/jpeg\" \/>\n<meta name=\"author\" content=\"Reda\u00e7\u00e3o\" \/>\n<meta name=\"twitter:card\" content=\"summary_large_image\" \/>\n<meta name=\"twitter:creator\" content=\"@Notibras\" \/>\n<meta name=\"twitter:site\" content=\"@Notibras\" \/>\n<meta name=\"twitter:label1\" content=\"Escrito por\" \/>\n\t<meta name=\"twitter:data1\" content=\"Reda\u00e7\u00e3o\" \/>\n\t<meta name=\"twitter:label2\" content=\"Est. tempo de leitura\" \/>\n\t<meta name=\"twitter:data2\" content=\"1 minuto\" \/>\n<script type=\"application\/ld+json\" class=\"yoast-schema-graph\">{\"@context\":\"https:\/\/schema.org\",\"@graph\":[{\"@type\":\"Article\",\"@id\":\"https:\/\/www.notibras.com\/site\/sao-paulo-da-vexame-em-casa-e-deixa-vaga-para-bragantino\/#article\",\"isPartOf\":{\"@id\":\"https:\/\/www.notibras.com\/site\/sao-paulo-da-vexame-em-casa-e-deixa-vaga-para-bragantino\/\"},\"author\":{\"name\":\"Reda\u00e7\u00e3o\",\"@id\":\"https:\/\/www.notibras.com\/site\/#\/schema\/person\/36ab0979449956132d3e5b517ea76ac8\"},\"headline\":\"S\u00e3o Paulo d\u00e1 vexame em casa e deixa vaga para Bragantino\",\"datePublished\":\"2014-08-14T02:46:05+00:00\",\"dateModified\":\"2014-08-14T09:49:16+00:00\",\"mainEntityOfPage\":{\"@id\":\"https:\/\/www.notibras.com\/site\/sao-paulo-da-vexame-em-casa-e-deixa-vaga-para-bragantino\/\"},\"wordCount\":184,\"commentCount\":0,\"publisher\":{\"@id\":\"https:\/\/www.notibras.com\/site\/#organization\"},\"image\":{\"@id\":\"https:\/\/www.notibras.com\/site\/sao-paulo-da-vexame-em-casa-e-deixa-vaga-para-bragantino\/#primaryimage\"},\"thumbnailUrl\":\"https:\/\/www.notibras.com\/site\/wp-content\/uploads\/2014\/08\/cp2.jpg\",\"articleSection\":[\"Esportes\",\"Futebol\"],\"inLanguage\":\"pt-BR\",\"potentialAction\":[{\"@type\":\"CommentAction\",\"name\":\"Comment\",\"target\":[\"https:\/\/www.notibras.com\/site\/sao-paulo-da-vexame-em-casa-e-deixa-vaga-para-bragantino\/#respond\"]}]},{\"@type\":\"WebPage\",\"@id\":\"https:\/\/www.notibras.com\/site\/sao-paulo-da-vexame-em-casa-e-deixa-vaga-para-bragantino\/\",\"url\":\"https:\/\/www.notibras.com\/site\/sao-paulo-da-vexame-em-casa-e-deixa-vaga-para-bragantino\/\",\"name\":\"S\u00e3o Paulo d\u00e1 vexame em casa e deixa vaga para Bragantino - Notibras\",\"isPartOf\":{\"@id\":\"https:\/\/www.notibras.com\/site\/#website\"},\"primaryImageOfPage\":{\"@id\":\"https:\/\/www.notibras.com\/site\/sao-paulo-da-vexame-em-casa-e-deixa-vaga-para-bragantino\/#primaryimage\"},\"image\":{\"@id\":\"https:\/\/www.notibras.com\/site\/sao-paulo-da-vexame-em-casa-e-deixa-vaga-para-bragantino\/#primaryimage\"},\"thumbnailUrl\":\"https:\/\/www.notibras.com\/site\/wp-content\/uploads\/2014\/08\/cp2.jpg\",\"datePublished\":\"2014-08-14T02:46:05+00:00\",\"dateModified\":\"2014-08-14T09:49:16+00:00\",\"breadcrumb\":{\"@id\":\"https:\/\/www.notibras.com\/site\/sao-paulo-da-vexame-em-casa-e-deixa-vaga-para-bragantino\/#breadcrumb\"},\"inLanguage\":\"pt-BR\",\"potentialAction\":[{\"@type\":\"ReadAction\",\"target\":[\"https:\/\/www.notibras.com\/site\/sao-paulo-da-vexame-em-casa-e-deixa-vaga-para-bragantino\/\"]}]},{\"@type\":\"ImageObject\",\"inLanguage\":\"pt-BR\",\"@id\":\"https:\/\/www.notibras.com\/site\/sao-paulo-da-vexame-em-casa-e-deixa-vaga-para-bragantino\/#primaryimage\",\"url\":\"https:\/\/www.notibras.com\/site\/wp-content\/uploads\/2014\/08\/cp2.jpg\",\"contentUrl\":\"https:\/\/www.notibras.com\/site\/wp-content\/uploads\/2014\/08\/cp2.jpg\",\"width\":460,\"height\":340},{\"@type\":\"BreadcrumbList\",\"@id\":\"https:\/\/www.notibras.com\/site\/sao-paulo-da-vexame-em-casa-e-deixa-vaga-para-bragantino\/#breadcrumb\",\"itemListElement\":[{\"@type\":\"ListItem\",\"position\":1,\"name\":\"In\u00edcio\",\"item\":\"https:\/\/www.notibras.com\/site\/\"},{\"@type\":\"ListItem\",\"position\":2,\"name\":\"S\u00e3o Paulo d\u00e1 vexame em casa e deixa vaga para Bragantino\"}]},{\"@type\":\"WebSite\",\"@id\":\"https:\/\/www.notibras.com\/site\/#website\",\"url\":\"https:\/\/www.notibras.com\/site\/\",\"name\":\"Notibras\",\"description\":\"Not\u00edcias de Bras\u00edlia, do Brasil e do Mundo\",\"publisher\":{\"@id\":\"https:\/\/www.notibras.com\/site\/#organization\"},\"potentialAction\":[{\"@type\":\"SearchAction\",\"target\":{\"@type\":\"EntryPoint\",\"urlTemplate\":\"https:\/\/www.notibras.com\/site\/?s={search_term_string}\"},\"query-input\":{\"@type\":\"PropertyValueSpecification\",\"valueRequired\":true,\"valueName\":\"search_term_string\"}}],\"inLanguage\":\"pt-BR\"},{\"@type\":\"Organization\",\"@id\":\"https:\/\/www.notibras.com\/site\/#organization\",\"name\":\"Grupo Notibras de Comunica\u00e7\u00e3o\",\"url\":\"https:\/\/www.notibras.com\/site\/\",\"logo\":{\"@type\":\"ImageObject\",\"inLanguage\":\"pt-BR\",\"@id\":\"https:\/\/www.notibras.com\/site\/#\/schema\/logo\/image\/\",\"url\":\"https:\/\/www.notibras.com\/site\/wp-content\/uploads\/2023\/01\/notibras23.png\",\"contentUrl\":\"https:\/\/www.notibras.com\/site\/wp-content\/uploads\/2023\/01\/notibras23.png\",\"width\":350,\"height\":87,\"caption\":\"Grupo Notibras de Comunica\u00e7\u00e3o\"},\"image\":{\"@id\":\"https:\/\/www.notibras.com\/site\/#\/schema\/logo\/image\/\"},\"sameAs\":[\"https:\/\/www.facebook.com\/notibras\/\",\"https:\/\/x.com\/Notibras\",\"https:\/\/www.instagram.com\/notibras\/\"]},{\"@type\":\"Person\",\"@id\":\"https:\/\/www.notibras.com\/site\/#\/schema\/person\/36ab0979449956132d3e5b517ea76ac8\",\"name\":\"Reda\u00e7\u00e3o\",\"image\":{\"@type\":\"ImageObject\",\"inLanguage\":\"pt-BR\",\"@id\":\"https:\/\/secure.gravatar.com\/avatar\/e0a867bdedb85fd243eadf09663511f96fc81e0720a4a42581f334ad4303aa6b?s=96&d=mm&r=g\",\"url\":\"https:\/\/secure.gravatar.com\/avatar\/e0a867bdedb85fd243eadf09663511f96fc81e0720a4a42581f334ad4303aa6b?s=96&d=mm&r=g\",\"contentUrl\":\"https:\/\/secure.gravatar.com\/avatar\/e0a867bdedb85fd243eadf09663511f96fc81e0720a4a42581f334ad4303aa6b?s=96&d=mm&r=g\",\"caption\":\"Reda\u00e7\u00e3o\"}}]}<\/script>\n<!-- \/ Yoast SEO plugin. -->","yoast_head_json":{"title":"S\u00e3o Paulo d\u00e1 vexame em casa e deixa vaga para Bragantino - Notibras","robots":{"index":"index","follow":"follow","max-snippet":"max-snippet:-1","max-image-preview":"max-image-preview:large","max-video-preview":"max-video-preview:-1"},"canonical":"https:\/\/www.notibras.com\/site\/sao-paulo-da-vexame-em-casa-e-deixa-vaga-para-bragantino\/","og_locale":"pt_BR","og_type":"article","og_title":"S\u00e3o Paulo d\u00e1 vexame em casa e deixa vaga para Bragantino - Notibras","og_description":"N\u00e3o ser\u00e1 em 2014 que o S\u00e3o Paulo conseguir\u00e1 o t\u00edtulo da Copa do Brasil, \u00fanico torneio que\u00a0falta em sua vasta galeria\u00a0de conquistas. Nesta quarta-feira, jogando no Morumbi,\u00a0o time at\u00e9 saiu na frente, mas tomou o empate ainda na etapa inicial\u00a0e, com dois gols no segundo tempo, acabou perdendo por 3 a 1,\u00a0sendo assim eliminado\u00a0pelo [&hellip;]","og_url":"https:\/\/www.notibras.com\/site\/sao-paulo-da-vexame-em-casa-e-deixa-vaga-para-bragantino\/","og_site_name":"Notibras","article_publisher":"https:\/\/www.facebook.com\/notibras\/","article_published_time":"2014-08-14T02:46:05+00:00","article_modified_time":"2014-08-14T09:49:16+00:00","og_image":[{"width":460,"height":340,"url":"https:\/\/www.notibras.com\/site\/wp-content\/uploads\/2014\/08\/cp2.jpg","type":"image\/jpeg"}],"author":"Reda\u00e7\u00e3o","twitter_card":"summary_large_image","twitter_creator":"@Notibras","twitter_site":"@Notibras","twitter_misc":{"Escrito por":"Reda\u00e7\u00e3o","Est. tempo de leitura":"1 minuto"},"schema":{"@context":"https:\/\/schema.org","@graph":[{"@type":"Article","@id":"https:\/\/www.notibras.com\/site\/sao-paulo-da-vexame-em-casa-e-deixa-vaga-para-bragantino\/#article","isPartOf":{"@id":"https:\/\/www.notibras.com\/site\/sao-paulo-da-vexame-em-casa-e-deixa-vaga-para-bragantino\/"},"author":{"name":"Reda\u00e7\u00e3o","@id":"https:\/\/www.notibras.com\/site\/#\/schema\/person\/36ab0979449956132d3e5b517ea76ac8"},"headline":"S\u00e3o Paulo d\u00e1 vexame em casa e deixa vaga para Bragantino","datePublished":"2014-08-14T02:46:05+00:00","dateModified":"2014-08-14T09:49:16+00:00","mainEntityOfPage":{"@id":"https:\/\/www.notibras.com\/site\/sao-paulo-da-vexame-em-casa-e-deixa-vaga-para-bragantino\/"},"wordCount":184,"commentCount":0,"publisher":{"@id":"https:\/\/www.notibras.com\/site\/#organization"},"image":{"@id":"https:\/\/www.notibras.com\/site\/sao-paulo-da-vexame-em-casa-e-deixa-vaga-para-bragantino\/#primaryimage"},"thumbnailUrl":"https:\/\/www.notibras.com\/site\/wp-content\/uploads\/2014\/08\/cp2.jpg","articleSection":["Esportes","Futebol"],"inLanguage":"pt-BR","potentialAction":[{"@type":"CommentAction","name":"Comment","target":["https:\/\/www.notibras.com\/site\/sao-paulo-da-vexame-em-casa-e-deixa-vaga-para-bragantino\/#respond"]}]},{"@type":"WebPage","@id":"https:\/\/www.notibras.com\/site\/sao-paulo-da-vexame-em-casa-e-deixa-vaga-para-bragantino\/","url":"https:\/\/www.notibras.com\/site\/sao-paulo-da-vexame-em-casa-e-deixa-vaga-para-bragantino\/","name":"S\u00e3o Paulo d\u00e1 vexame em casa e deixa vaga para Bragantino - Notibras","isPartOf":{"@id":"https:\/\/www.notibras.com\/site\/#website"},"primaryImageOfPage":{"@id":"https:\/\/www.notibras.com\/site\/sao-paulo-da-vexame-em-casa-e-deixa-vaga-para-bragantino\/#primaryimage"},"image":{"@id":"https:\/\/www.notibras.com\/site\/sao-paulo-da-vexame-em-casa-e-deixa-vaga-para-bragantino\/#primaryimage"},"thumbnailUrl":"https:\/\/www.notibras.com\/site\/wp-content\/uploads\/2014\/08\/cp2.jpg","datePublished":"2014-08-14T02:46:05+00:00","dateModified":"2014-08-14T09:49:16+00:00","breadcrumb":{"@id":"https:\/\/www.notibras.com\/site\/sao-paulo-da-vexame-em-casa-e-deixa-vaga-para-bragantino\/#breadcrumb"},"inLanguage":"pt-BR","potentialAction":[{"@type":"ReadAction","target":["https:\/\/www.notibras.com\/site\/sao-paulo-da-vexame-em-casa-e-deixa-vaga-para-bragantino\/"]}]},{"@type":"ImageObject","inLanguage":"pt-BR","@id":"https:\/\/www.notibras.com\/site\/sao-paulo-da-vexame-em-casa-e-deixa-vaga-para-bragantino\/#primaryimage","url":"https:\/\/www.notibras.com\/site\/wp-content\/uploads\/2014\/08\/cp2.jpg","contentUrl":"https:\/\/www.notibras.com\/site\/wp-content\/uploads\/2014\/08\/cp2.jpg","width":460,"height":340},{"@type":"BreadcrumbList","@id":"https:\/\/www.notibras.com\/site\/sao-paulo-da-vexame-em-casa-e-deixa-vaga-para-bragantino\/#breadcrumb","itemListElement":[{"@type":"ListItem","position":1,"name":"In\u00edcio","item":"https:\/\/www.notibras.com\/site\/"},{"@type":"ListItem","position":2,"name":"S\u00e3o Paulo d\u00e1 vexame em casa e deixa vaga para Bragantino"}]},{"@type":"WebSite","@id":"https:\/\/www.notibras.com\/site\/#website","url":"https:\/\/www.notibras.com\/site\/","name":"Notibras","description":"Not\u00edcias de Bras\u00edlia, do Brasil e do Mundo","publisher":{"@id":"https:\/\/www.notibras.com\/site\/#organization"},"potentialAction":[{"@type":"SearchAction","target":{"@type":"EntryPoint","urlTemplate":"https:\/\/www.notibras.com\/site\/?s={search_term_string}"},"query-input":{"@type":"PropertyValueSpecification","valueRequired":true,"valueName":"search_term_string"}}],"inLanguage":"pt-BR"},{"@type":"Organization","@id":"https:\/\/www.notibras.com\/site\/#organization","name":"Grupo Notibras de Comunica\u00e7\u00e3o","url":"https:\/\/www.notibras.com\/site\/","logo":{"@type":"ImageObject","inLanguage":"pt-BR","@id":"https:\/\/www.notibras.com\/site\/#\/schema\/logo\/image\/","url":"https:\/\/www.notibras.com\/site\/wp-content\/uploads\/2023\/01\/notibras23.png","contentUrl":"https:\/\/www.notibras.com\/site\/wp-content\/uploads\/2023\/01\/notibras23.png","width":350,"height":87,"caption":"Grupo Notibras de Comunica\u00e7\u00e3o"},"image":{"@id":"https:\/\/www.notibras.com\/site\/#\/schema\/logo\/image\/"},"sameAs":["https:\/\/www.facebook.com\/notibras\/","https:\/\/x.com\/Notibras","https:\/\/www.instagram.com\/notibras\/"]},{"@type":"Person","@id":"https:\/\/www.notibras.com\/site\/#\/schema\/person\/36ab0979449956132d3e5b517ea76ac8","name":"Reda\u00e7\u00e3o","image":{"@type":"ImageObject","inLanguage":"pt-BR","@id":"https:\/\/secure.gravatar.com\/avatar\/e0a867bdedb85fd243eadf09663511f96fc81e0720a4a42581f334ad4303aa6b?s=96&d=mm&r=g","url":"https:\/\/secure.gravatar.com\/avatar\/e0a867bdedb85fd243eadf09663511f96fc81e0720a4a42581f334ad4303aa6b?s=96&d=mm&r=g","contentUrl":"https:\/\/secure.gravatar.com\/avatar\/e0a867bdedb85fd243eadf09663511f96fc81e0720a4a42581f334ad4303aa6b?s=96&d=mm&r=g","caption":"Reda\u00e7\u00e3o"}}]}},"amp_enabled":true,"_links":{"self":[{"href":"https:\/\/www.notibras.com\/site\/wp-json\/wp\/v2\/posts\/19466","targetHints":{"allow":["GET"]}}],"collection":[{"href":"https:\/\/www.notibras.com\/site\/wp-json\/wp\/v2\/posts"}],"about":[{"href":"https:\/\/www.notibras.com\/site\/wp-json\/wp\/v2\/types\/post"}],"author":[{"embeddable":true,"href":"https:\/\/www.notibras.com\/site\/wp-json\/wp\/v2\/users\/2"}],"replies":[{"embeddable":true,"href":"https:\/\/www.notibras.com\/site\/wp-json\/wp\/v2\/comments?post=19466"}],"version-history":[{"count":0,"href":"https:\/\/www.notibras.com\/site\/wp-json\/wp\/v2\/posts\/19466\/revisions"}],"wp:featuredmedia":[{"embeddable":true,"href":"https:\/\/www.notibras.com\/site\/wp-json\/wp\/v2\/media\/19467"}],"wp:attachment":[{"href":"https:\/\/www.notibras.com\/site\/wp-json\/wp\/v2\/media?parent=19466"}],"wp:term":[{"taxonomy":"category","embeddable":true,"href":"https:\/\/www.notibras.com\/site\/wp-json\/wp\/v2\/categories?post=19466"},{"taxonomy":"post_tag","embeddable":true,"href":"https:\/\/www.notibras.com\/site\/wp-json\/wp\/v2\/tags?post=19466"}],"curies":[{"name":"wp","href":"https:\/\/api.w.org\/{rel}","templated":true}]}}