{"id":19514,"date":"2014-08-14T12:35:21","date_gmt":"2014-08-14T15:35:21","guid":{"rendered":"http:\/\/www.notibras.com\/site\/?p=19514"},"modified":"2014-08-14T18:40:15","modified_gmt":"2014-08-14T21:40:15","slug":"arvores-congelam-em-dia-mais-frio-do-ano-em-sc","status":"publish","type":"post","link":"https:\/\/www.notibras.com\/site\/arvores-congelam-em-dia-mais-frio-do-ano-em-sc\/","title":{"rendered":"\u00c1rvores congelam em dia de frio na serra catarinense"},"content":{"rendered":"<p class=\"text\" style=\"color: #33332f;\">O frio finalmente parece ter chegado com for\u00e7a ao sul do Brasil. Santa Catarina registrou -8\u00baC no in\u00edcio da madrugada desta quinta-feira e pelo menos 26 cidades contaram com temperaturas negativas.<\/p>\n<blockquote>\n<p class=\"text\" style=\"color: #33332f;\">De acordo com o Centro de Recursos Ambientais do estado (Ciram), os term\u00f4metros marcaram -8,3\u00baC na cidade de Urupema, -7,7\u00baC em Bom Jardim da Serra e -5,7\u00baC em S\u00e3o Joaquim.<\/p>\n<\/blockquote>\n<p class=\"text\" style=\"color: #33332f;\">O dia mais frio do ano praticamente \u201ccongelou\u201d a regi\u00e3o serrana. Em S\u00e3o Joaquim, o gelo cobriu carros, telhados e campos. Em algumas localidades a \u00e1gua chegou a congelar nas torneiras das resid\u00eancias.<\/p>\n<p class=\"text\" style=\"color: #33332f;\">Na pra\u00e7a Cez\u00e1rio Amarante, localizada no centro da cidade, as \u00e1rvores foram congeladas ap\u00f3s terem sido regadas durante a noite.<\/p>\n<p class=\"text\" style=\"color: #33332f;\">O frio intenso ainda trouxe temperaturas negativas em praticamente todas as regi\u00f5es. No oeste, as cidades de Ca\u00e7ador e Fraiburgo registraram, respectivamente, -3,1\u00b0C e -4,9\u00b0C. Na regi\u00e3o metropolitana, os term\u00f4metros marcaram 0,5 graus em Alfredo Wagner e 5,9 na capital Florian\u00f3polis.<\/p>\n<p class=\"text\" style=\"color: #33332f;\">Segundo a previs\u00e3o do CIRAM, o frio ainda deve continuar com for\u00e7a nesta quinta e sexta devido \u00e0 presen\u00e7a de uma forte massa de ar polar na regi\u00e3o sul do pa\u00eds. A presen\u00e7a do sol deixa a tarde com temperaturas um pouco mais elevadas. Entretanto, as m\u00e1ximas podem n\u00e3o passar dos 15 graus no litoral.<\/p>\n","protected":false},"excerpt":{"rendered":"<p>O frio finalmente parece ter chegado com for\u00e7a ao sul do Brasil. Santa Catarina registrou -8\u00baC no in\u00edcio da madrugada desta quinta-feira e pelo menos 26 cidades contaram com temperaturas negativas. De acordo com o Centro de Recursos Ambientais do estado (Ciram), os term\u00f4metros marcaram -8,3\u00baC na cidade de Urupema, -7,7\u00baC em Bom Jardim da [&hellip;]<\/p>\n","protected":false},"author":1,"featured_media":19515,"comment_status":"open","ping_status":"closed","sticky":false,"template":"","format":"standard","meta":{"_acf_changed":false,"footnotes":""},"categories":[16],"tags":[],"class_list":["post-19514","post","type-post","status-publish","format-standard","has-post-thumbnail","hentry","category-brasil"],"acf":[],"_links":{"self":[{"href":"https:\/\/www.notibras.com\/site\/wp-json\/wp\/v2\/posts\/19514","targetHints":{"allow":["GET"]}}],"collection":[{"href":"https:\/\/www.notibras.com\/site\/wp-json\/wp\/v2\/posts"}],"about":[{"href":"https:\/\/www.notibras.com\/site\/wp-json\/wp\/v2\/types\/post"}],"author":[{"embeddable":true,"href":"https:\/\/www.notibras.com\/site\/wp-json\/wp\/v2\/users\/1"}],"replies":[{"embeddable":true,"href":"https:\/\/www.notibras.com\/site\/wp-json\/wp\/v2\/comments?post=19514"}],"version-history":[{"count":0,"href":"https:\/\/www.notibras.com\/site\/wp-json\/wp\/v2\/posts\/19514\/revisions"}],"wp:featuredmedia":[{"embeddable":true,"href":"https:\/\/www.notibras.com\/site\/wp-json\/wp\/v2\/media\/19515"}],"wp:attachment":[{"href":"https:\/\/www.notibras.com\/site\/wp-json\/wp\/v2\/media?parent=19514"}],"wp:term":[{"taxonomy":"category","embeddable":true,"href":"https:\/\/www.notibras.com\/site\/wp-json\/wp\/v2\/categories?post=19514"},{"taxonomy":"post_tag","embeddable":true,"href":"https:\/\/www.notibras.com\/site\/wp-json\/wp\/v2\/tags?post=19514"}],"curies":[{"name":"wp","href":"https:\/\/api.w.org\/{rel}","templated":true}]}}