{"id":19547,"date":"2014-08-14T16:34:58","date_gmt":"2014-08-14T19:34:58","guid":{"rendered":"http:\/\/www.notibras.com\/site\/?p=19547"},"modified":"2014-08-15T15:43:23","modified_gmt":"2014-08-15T18:43:23","slug":"juiz-manda-governo-paulista-indenizar-detenta-que-deu-a-luz-algemada","status":"publish","type":"post","link":"https:\/\/www.notibras.com\/site\/juiz-manda-governo-paulista-indenizar-detenta-que-deu-a-luz-algemada\/","title":{"rendered":"Governo paulista indenizar\u00e1 detenta que deu luz algemada"},"content":{"rendered":"<p>A Justi\u00e7a determinou que o Estado de S\u00e3o Paulo deve pagar uma indeniza\u00e7\u00e3o no valor de R$ 50 mil a uma ex-detenta por danos morais. Su\u00e9lem (nome fict\u00edcio) foi obrigada a dar \u00e0 luz algemada, no Hospital Estadual de Caieiras, na regi\u00e3o metropolitana de S\u00e3o Paulo, em setembro de 2011.<\/p>\n<p class=\"text\">Na \u00e9poca, a detenta cumpria pena no Centro de Deten\u00e7\u00e3o Provis\u00f3ria de Franco da Rocha. Ao sentir contra\u00e7\u00f5es, foi levada para o hospital e internada em trabalho de parte com seus p\u00e9s e m\u00e3os algemados.<\/p>\n<blockquote>\n<p class=\"text\">De acordo com os defensores p\u00fablicos respons\u00e1veis pela a\u00e7\u00e3o, Patrick Cacicedo e Bruno Shimizu, \u201cSu\u00e9lem foi lesionada em sua honra e intimidade\u201d. Eles tamb\u00e9m afirmam que \u201cforam ultrapassados todos os limites de respeito \u00e0 dignidade humana\u201d.<\/p>\n<\/blockquote>\n<p class=\"text\">Segundo a norma do governo estadual, \u00a0\u00e9 \u201cvedada, sob pena de responsabilidade, o uso de algemas durante o trabalho de parte da presa e no subsequente per\u00edodo de sua interna\u00e7\u00e3o em estabelecimento de sa\u00fade\u201d.<\/p>\n<p class=\"text\">Na decis\u00e3o, o juiz Fausto Jos\u00e9 Martins Seabra, da 3\u00aa Vara da Fazenda P\u00fablica de S\u00e3o Paulo, acompanhou o entendimento da a\u00e7\u00e3o da Defensoria P\u00fablica. \u201cIneg\u00e1veis as sensa\u00e7\u00f5es negativas de humilha\u00e7\u00e3o, afli\u00e7\u00e3o e desconforto, entre outras, a qual foi submetida\u201d, disse o juiz.<\/p>\n","protected":false},"excerpt":{"rendered":"<p>A Justi\u00e7a determinou que o Estado de S\u00e3o Paulo deve pagar uma indeniza\u00e7\u00e3o no valor de R$ 50 mil a uma ex-detenta por danos morais. Su\u00e9lem (nome fict\u00edcio) foi obrigada a dar \u00e0 luz algemada, no Hospital Estadual de Caieiras, na regi\u00e3o metropolitana de S\u00e3o Paulo, em setembro de 2011. Na \u00e9poca, a detenta cumpria [&hellip;]<\/p>\n","protected":false},"author":2,"featured_media":19548,"comment_status":"open","ping_status":"closed","sticky":false,"template":"","format":"standard","meta":{"_acf_changed":false,"footnotes":""},"categories":[24],"tags":[],"class_list":["post-19547","post","type-post","status-publish","format-standard","has-post-thumbnail","hentry","category-sao-paulo"],"acf":[],"_links":{"self":[{"href":"https:\/\/www.notibras.com\/site\/wp-json\/wp\/v2\/posts\/19547","targetHints":{"allow":["GET"]}}],"collection":[{"href":"https:\/\/www.notibras.com\/site\/wp-json\/wp\/v2\/posts"}],"about":[{"href":"https:\/\/www.notibras.com\/site\/wp-json\/wp\/v2\/types\/post"}],"author":[{"embeddable":true,"href":"https:\/\/www.notibras.com\/site\/wp-json\/wp\/v2\/users\/2"}],"replies":[{"embeddable":true,"href":"https:\/\/www.notibras.com\/site\/wp-json\/wp\/v2\/comments?post=19547"}],"version-history":[{"count":0,"href":"https:\/\/www.notibras.com\/site\/wp-json\/wp\/v2\/posts\/19547\/revisions"}],"wp:featuredmedia":[{"embeddable":true,"href":"https:\/\/www.notibras.com\/site\/wp-json\/wp\/v2\/media\/19548"}],"wp:attachment":[{"href":"https:\/\/www.notibras.com\/site\/wp-json\/wp\/v2\/media?parent=19547"}],"wp:term":[{"taxonomy":"category","embeddable":true,"href":"https:\/\/www.notibras.com\/site\/wp-json\/wp\/v2\/categories?post=19547"},{"taxonomy":"post_tag","embeddable":true,"href":"https:\/\/www.notibras.com\/site\/wp-json\/wp\/v2\/tags?post=19547"}],"curies":[{"name":"wp","href":"https:\/\/api.w.org\/{rel}","templated":true}]}}