{"id":19550,"date":"2014-08-14T16:40:53","date_gmt":"2014-08-14T19:40:53","guid":{"rendered":"http:\/\/www.notibras.com\/site\/?p=19550"},"modified":"2014-08-14T16:40:53","modified_gmt":"2014-08-14T19:40:53","slug":"bandidos-fecham-avenida-para-explodir-caixa-eletronico","status":"publish","type":"post","link":"https:\/\/www.notibras.com\/site\/bandidos-fecham-avenida-para-explodir-caixa-eletronico\/","title":{"rendered":"Bandidos fecham avenida para explodir caixa eletr\u00f4nico"},"content":{"rendered":"<p>Um grupo de criminosos explodiu um caixa eletr\u00f4nico na manh\u00e3 desta quarta-feira, na o Socorro, zona sul de S\u00e3o Paulo.<\/p>\n<p>Segundo informa\u00e7\u00f5es da Pol\u00edcia Militar, o bando obrigou o motorista de um \u00f4nibus a atravessar o coletivo na avenida Rio Bonito antes de explodir a ag\u00eancia.<\/p>\n<blockquote>\n<p class=\"text\">Os criminosos estavam mascarados e fizeram a a\u00e7\u00e3o por volta de 5h30. O bando fugiu minutos depois e ningu\u00e9m ficou ferido, segundo a PM. N\u00e3o h\u00e1 informa\u00e7\u00f5es sobre a quantia levada do banco.<\/p>\n<\/blockquote>\n","protected":false},"excerpt":{"rendered":"<p>Um grupo de criminosos explodiu um caixa eletr\u00f4nico na manh\u00e3 desta quarta-feira, na o Socorro, zona sul de S\u00e3o Paulo. Segundo informa\u00e7\u00f5es da Pol\u00edcia Militar, o bando obrigou o motorista de um \u00f4nibus a atravessar o coletivo na avenida Rio Bonito antes de explodir a ag\u00eancia. Os criminosos estavam mascarados e fizeram a a\u00e7\u00e3o por [&hellip;]<\/p>\n","protected":false},"author":2,"featured_media":19551,"comment_status":"open","ping_status":"closed","sticky":false,"template":"","format":"standard","meta":{"_acf_changed":false,"footnotes":""},"categories":[24],"tags":[],"class_list":["post-19550","post","type-post","status-publish","format-standard","has-post-thumbnail","hentry","category-sao-paulo"],"acf":[],"_links":{"self":[{"href":"https:\/\/www.notibras.com\/site\/wp-json\/wp\/v2\/posts\/19550","targetHints":{"allow":["GET"]}}],"collection":[{"href":"https:\/\/www.notibras.com\/site\/wp-json\/wp\/v2\/posts"}],"about":[{"href":"https:\/\/www.notibras.com\/site\/wp-json\/wp\/v2\/types\/post"}],"author":[{"embeddable":true,"href":"https:\/\/www.notibras.com\/site\/wp-json\/wp\/v2\/users\/2"}],"replies":[{"embeddable":true,"href":"https:\/\/www.notibras.com\/site\/wp-json\/wp\/v2\/comments?post=19550"}],"version-history":[{"count":0,"href":"https:\/\/www.notibras.com\/site\/wp-json\/wp\/v2\/posts\/19550\/revisions"}],"wp:featuredmedia":[{"embeddable":true,"href":"https:\/\/www.notibras.com\/site\/wp-json\/wp\/v2\/media\/19551"}],"wp:attachment":[{"href":"https:\/\/www.notibras.com\/site\/wp-json\/wp\/v2\/media?parent=19550"}],"wp:term":[{"taxonomy":"category","embeddable":true,"href":"https:\/\/www.notibras.com\/site\/wp-json\/wp\/v2\/categories?post=19550"},{"taxonomy":"post_tag","embeddable":true,"href":"https:\/\/www.notibras.com\/site\/wp-json\/wp\/v2\/tags?post=19550"}],"curies":[{"name":"wp","href":"https:\/\/api.w.org\/{rel}","templated":true}]}}