{"id":195581,"date":"2018-11-17T00:53:18","date_gmt":"2018-11-17T02:53:18","guid":{"rendered":"https:\/\/www.notibras.com\/site\/?p=195581"},"modified":"2018-11-17T08:54:46","modified_gmt":"2018-11-17T10:54:46","slug":"neve-chega-de-surpresa-e-provoca-transtornos-em-nova-york","status":"publish","type":"post","link":"https:\/\/www.notibras.com\/site\/neve-chega-de-surpresa-e-provoca-transtornos-em-nova-york\/","title":{"rendered":"Neve chega de surpresa e provoca transtornos em Nova York"},"content":{"rendered":"<p>A primeira tempestade de neve da temporada na cidade de Nova York trouxe v\u00e1rios cent\u00edmetros de neve, depois de contribuir para ao menos sete mortes nos Estados Unidos nos \u00faltimos dias, informou a ag\u00eancia AP.<\/p>\n<p>Ainda nesta sexta-feira (16), os estragos est\u00e3o sendo contabilizados pelo pa\u00eds. Neve, chuva gelada e, em algumas partes, granizo, fizeram com que escolas fossem fechadas de Norte a Sul, voos cancelados e diversas complica\u00e7\u00f5es impediram americanos de chegar ou voltar do trabalho.<\/p>\n<p>De maneira inesperada, a cidade de Nova York foi atingida pela neve, deixando pessoas presas no tr\u00e2nsito e causando diversos transtornos.<\/p>\n<p>Apesar de ser modesta para os padr\u00f5es da cidade, a tempestade paralisou a rede de transporte p\u00fablico que atende Nova York e seus sub\u00farbios e at\u00e9 for\u00e7ou algumas crian\u00e7as de Nova Jersey a pernoitarem em suas escolas.<\/p>\n<p>&#8220;Claramente, poder\u00edamos ter feito melhor e faremos melhor&#8221;, disse o governador de Nova Jersey, Phil Murphy.<\/p>\n<p>O prefeito da cidade de Nova York, Bill de Blasio, prometeu uma &#8220;revis\u00e3o completa&#8221;. &#8220;Estamos todos descontentes com o que aconteceu&#8221;, disse ele.<\/p>\n<p>A tempestade, que antes havia atingido o sul e o meio-oeste, varreu a \u00e1rea metropolitana de Nova York pouco antes da noite da quinta-feira, antes de seguir para o norte em dire\u00e7\u00e3o \u00e0 Nova Inglaterra durante a noite.<\/p>\n<p>Os totais de neve eram modestos na maioria dos lugares &#8211; 15 ou 18 cent\u00edmetros -, mas inesperado para o dia e milhares de colis\u00f5es de carros em baixa velocidade levaram a um impasse que dificultou a passagem dos arados para remover a neve.<\/p>\n","protected":false},"excerpt":{"rendered":"<p>A primeira tempestade de neve da temporada na cidade de Nova York trouxe v\u00e1rios cent\u00edmetros de neve, depois de contribuir para ao menos sete mortes nos Estados Unidos nos \u00faltimos dias, informou a ag\u00eancia AP. Ainda nesta sexta-feira (16), os estragos est\u00e3o sendo contabilizados pelo pa\u00eds. Neve, chuva gelada e, em algumas partes, granizo, fizeram [&hellip;]<\/p>\n","protected":false},"author":2,"featured_media":195582,"comment_status":"closed","ping_status":"closed","sticky":false,"template":"","format":"standard","meta":{"_acf_changed":false,"footnotes":""},"categories":[17],"tags":[],"class_list":["post-195581","post","type-post","status-publish","format-standard","has-post-thumbnail","hentry","category-mundo"],"acf":[],"yoast_head":"<!-- This site is optimized with the Yoast SEO plugin v27.2 - https:\/\/yoast.com\/product\/yoast-seo-wordpress\/ -->\n<title>Neve chega de surpresa e provoca transtornos em Nova York - Notibras<\/title>\n<meta name=\"robots\" content=\"index, follow, max-snippet:-1, max-image-preview:large, max-video-preview:-1\" \/>\n<link rel=\"canonical\" href=\"https:\/\/www.notibras.com\/site\/neve-chega-de-surpresa-e-provoca-transtornos-em-nova-york\/\" \/>\n<meta property=\"og:locale\" content=\"pt_BR\" \/>\n<meta property=\"og:type\" content=\"article\" \/>\n<meta property=\"og:title\" content=\"Neve chega de surpresa e provoca transtornos em Nova York - Notibras\" \/>\n<meta property=\"og:description\" content=\"A primeira tempestade de neve da temporada na cidade de Nova York trouxe v\u00e1rios cent\u00edmetros de neve, depois de contribuir para ao menos sete mortes nos Estados Unidos nos \u00faltimos dias, informou a ag\u00eancia AP. Ainda nesta sexta-feira (16), os estragos est\u00e3o sendo contabilizados pelo pa\u00eds. Neve, chuva gelada e, em algumas partes, granizo, fizeram [&hellip;]\" \/>\n<meta property=\"og:url\" content=\"https:\/\/www.notibras.com\/site\/neve-chega-de-surpresa-e-provoca-transtornos-em-nova-york\/\" \/>\n<meta property=\"og:site_name\" content=\"Notibras\" \/>\n<meta property=\"article:publisher\" content=\"https:\/\/www.facebook.com\/notibras\/\" \/>\n<meta property=\"article:published_time\" content=\"2018-11-17T02:53:18+00:00\" \/>\n<meta property=\"article:modified_time\" content=\"2018-11-17T10:54:46+00:00\" \/>\n<meta property=\"og:image\" content=\"https:\/\/www.notibras.com\/site\/wp-content\/uploads\/2018\/11\/neve-eua.jpg\" \/>\n\t<meta property=\"og:image:width\" content=\"1600\" \/>\n\t<meta property=\"og:image:height\" content=\"974\" \/>\n\t<meta property=\"og:image:type\" content=\"image\/jpeg\" \/>\n<meta name=\"author\" content=\"Reda\u00e7\u00e3o\" \/>\n<meta name=\"twitter:card\" content=\"summary_large_image\" \/>\n<meta name=\"twitter:creator\" content=\"@Notibras\" \/>\n<meta name=\"twitter:site\" content=\"@Notibras\" \/>\n<meta name=\"twitter:label1\" content=\"Escrito por\" \/>\n\t<meta name=\"twitter:data1\" content=\"Reda\u00e7\u00e3o\" \/>\n\t<meta name=\"twitter:label2\" content=\"Est. tempo de leitura\" \/>\n\t<meta name=\"twitter:data2\" content=\"1 minuto\" \/>\n<script type=\"application\/ld+json\" class=\"yoast-schema-graph\">{\"@context\":\"https:\/\/schema.org\",\"@graph\":[{\"@type\":\"Article\",\"@id\":\"https:\/\/www.notibras.com\/site\/neve-chega-de-surpresa-e-provoca-transtornos-em-nova-york\/#article\",\"isPartOf\":{\"@id\":\"https:\/\/www.notibras.com\/site\/neve-chega-de-surpresa-e-provoca-transtornos-em-nova-york\/\"},\"author\":{\"name\":\"Reda\u00e7\u00e3o\",\"@id\":\"https:\/\/www.notibras.com\/site\/#\/schema\/person\/36ab0979449956132d3e5b517ea76ac8\"},\"headline\":\"Neve chega de surpresa e provoca transtornos em Nova York\",\"datePublished\":\"2018-11-17T02:53:18+00:00\",\"dateModified\":\"2018-11-17T10:54:46+00:00\",\"mainEntityOfPage\":{\"@id\":\"https:\/\/www.notibras.com\/site\/neve-chega-de-surpresa-e-provoca-transtornos-em-nova-york\/\"},\"wordCount\":279,\"publisher\":{\"@id\":\"https:\/\/www.notibras.com\/site\/#organization\"},\"image\":{\"@id\":\"https:\/\/www.notibras.com\/site\/neve-chega-de-surpresa-e-provoca-transtornos-em-nova-york\/#primaryimage\"},\"thumbnailUrl\":\"https:\/\/www.notibras.com\/site\/wp-content\/uploads\/2018\/11\/neve-eua.jpg\",\"articleSection\":[\"Mundo\"],\"inLanguage\":\"pt-BR\"},{\"@type\":\"WebPage\",\"@id\":\"https:\/\/www.notibras.com\/site\/neve-chega-de-surpresa-e-provoca-transtornos-em-nova-york\/\",\"url\":\"https:\/\/www.notibras.com\/site\/neve-chega-de-surpresa-e-provoca-transtornos-em-nova-york\/\",\"name\":\"Neve chega de surpresa e provoca transtornos em Nova York - Notibras\",\"isPartOf\":{\"@id\":\"https:\/\/www.notibras.com\/site\/#website\"},\"primaryImageOfPage\":{\"@id\":\"https:\/\/www.notibras.com\/site\/neve-chega-de-surpresa-e-provoca-transtornos-em-nova-york\/#primaryimage\"},\"image\":{\"@id\":\"https:\/\/www.notibras.com\/site\/neve-chega-de-surpresa-e-provoca-transtornos-em-nova-york\/#primaryimage\"},\"thumbnailUrl\":\"https:\/\/www.notibras.com\/site\/wp-content\/uploads\/2018\/11\/neve-eua.jpg\",\"datePublished\":\"2018-11-17T02:53:18+00:00\",\"dateModified\":\"2018-11-17T10:54:46+00:00\",\"breadcrumb\":{\"@id\":\"https:\/\/www.notibras.com\/site\/neve-chega-de-surpresa-e-provoca-transtornos-em-nova-york\/#breadcrumb\"},\"inLanguage\":\"pt-BR\",\"potentialAction\":[{\"@type\":\"ReadAction\",\"target\":[\"https:\/\/www.notibras.com\/site\/neve-chega-de-surpresa-e-provoca-transtornos-em-nova-york\/\"]}]},{\"@type\":\"ImageObject\",\"inLanguage\":\"pt-BR\",\"@id\":\"https:\/\/www.notibras.com\/site\/neve-chega-de-surpresa-e-provoca-transtornos-em-nova-york\/#primaryimage\",\"url\":\"https:\/\/www.notibras.com\/site\/wp-content\/uploads\/2018\/11\/neve-eua.jpg\",\"contentUrl\":\"https:\/\/www.notibras.com\/site\/wp-content\/uploads\/2018\/11\/neve-eua.jpg\",\"width\":1600,\"height\":974,\"caption\":\"Foto\/Reuters - Estad\u00e3oConte\u00fado\"},{\"@type\":\"BreadcrumbList\",\"@id\":\"https:\/\/www.notibras.com\/site\/neve-chega-de-surpresa-e-provoca-transtornos-em-nova-york\/#breadcrumb\",\"itemListElement\":[{\"@type\":\"ListItem\",\"position\":1,\"name\":\"In\u00edcio\",\"item\":\"https:\/\/www.notibras.com\/site\/\"},{\"@type\":\"ListItem\",\"position\":2,\"name\":\"Neve chega de surpresa e provoca transtornos em Nova York\"}]},{\"@type\":\"WebSite\",\"@id\":\"https:\/\/www.notibras.com\/site\/#website\",\"url\":\"https:\/\/www.notibras.com\/site\/\",\"name\":\"Notibras\",\"description\":\"Not\u00edcias de Bras\u00edlia, do Brasil e do Mundo\",\"publisher\":{\"@id\":\"https:\/\/www.notibras.com\/site\/#organization\"},\"potentialAction\":[{\"@type\":\"SearchAction\",\"target\":{\"@type\":\"EntryPoint\",\"urlTemplate\":\"https:\/\/www.notibras.com\/site\/?s={search_term_string}\"},\"query-input\":{\"@type\":\"PropertyValueSpecification\",\"valueRequired\":true,\"valueName\":\"search_term_string\"}}],\"inLanguage\":\"pt-BR\"},{\"@type\":\"Organization\",\"@id\":\"https:\/\/www.notibras.com\/site\/#organization\",\"name\":\"Grupo Notibras de Comunica\u00e7\u00e3o\",\"url\":\"https:\/\/www.notibras.com\/site\/\",\"logo\":{\"@type\":\"ImageObject\",\"inLanguage\":\"pt-BR\",\"@id\":\"https:\/\/www.notibras.com\/site\/#\/schema\/logo\/image\/\",\"url\":\"https:\/\/www.notibras.com\/site\/wp-content\/uploads\/2023\/01\/notibras23.png\",\"contentUrl\":\"https:\/\/www.notibras.com\/site\/wp-content\/uploads\/2023\/01\/notibras23.png\",\"width\":350,\"height\":87,\"caption\":\"Grupo Notibras de Comunica\u00e7\u00e3o\"},\"image\":{\"@id\":\"https:\/\/www.notibras.com\/site\/#\/schema\/logo\/image\/\"},\"sameAs\":[\"https:\/\/www.facebook.com\/notibras\/\",\"https:\/\/x.com\/Notibras\",\"https:\/\/www.instagram.com\/notibras\/\"]},{\"@type\":\"Person\",\"@id\":\"https:\/\/www.notibras.com\/site\/#\/schema\/person\/36ab0979449956132d3e5b517ea76ac8\",\"name\":\"Reda\u00e7\u00e3o\",\"image\":{\"@type\":\"ImageObject\",\"inLanguage\":\"pt-BR\",\"@id\":\"https:\/\/secure.gravatar.com\/avatar\/e0a867bdedb85fd243eadf09663511f96fc81e0720a4a42581f334ad4303aa6b?s=96&d=mm&r=g\",\"url\":\"https:\/\/secure.gravatar.com\/avatar\/e0a867bdedb85fd243eadf09663511f96fc81e0720a4a42581f334ad4303aa6b?s=96&d=mm&r=g\",\"contentUrl\":\"https:\/\/secure.gravatar.com\/avatar\/e0a867bdedb85fd243eadf09663511f96fc81e0720a4a42581f334ad4303aa6b?s=96&d=mm&r=g\",\"caption\":\"Reda\u00e7\u00e3o\"}}]}<\/script>\n<!-- \/ Yoast SEO plugin. -->","yoast_head_json":{"title":"Neve chega de surpresa e provoca transtornos em Nova York - Notibras","robots":{"index":"index","follow":"follow","max-snippet":"max-snippet:-1","max-image-preview":"max-image-preview:large","max-video-preview":"max-video-preview:-1"},"canonical":"https:\/\/www.notibras.com\/site\/neve-chega-de-surpresa-e-provoca-transtornos-em-nova-york\/","og_locale":"pt_BR","og_type":"article","og_title":"Neve chega de surpresa e provoca transtornos em Nova York - Notibras","og_description":"A primeira tempestade de neve da temporada na cidade de Nova York trouxe v\u00e1rios cent\u00edmetros de neve, depois de contribuir para ao menos sete mortes nos Estados Unidos nos \u00faltimos dias, informou a ag\u00eancia AP. Ainda nesta sexta-feira (16), os estragos est\u00e3o sendo contabilizados pelo pa\u00eds. Neve, chuva gelada e, em algumas partes, granizo, fizeram [&hellip;]","og_url":"https:\/\/www.notibras.com\/site\/neve-chega-de-surpresa-e-provoca-transtornos-em-nova-york\/","og_site_name":"Notibras","article_publisher":"https:\/\/www.facebook.com\/notibras\/","article_published_time":"2018-11-17T02:53:18+00:00","article_modified_time":"2018-11-17T10:54:46+00:00","og_image":[{"width":1600,"height":974,"url":"https:\/\/www.notibras.com\/site\/wp-content\/uploads\/2018\/11\/neve-eua.jpg","type":"image\/jpeg"}],"author":"Reda\u00e7\u00e3o","twitter_card":"summary_large_image","twitter_creator":"@Notibras","twitter_site":"@Notibras","twitter_misc":{"Escrito por":"Reda\u00e7\u00e3o","Est. tempo de leitura":"1 minuto"},"schema":{"@context":"https:\/\/schema.org","@graph":[{"@type":"Article","@id":"https:\/\/www.notibras.com\/site\/neve-chega-de-surpresa-e-provoca-transtornos-em-nova-york\/#article","isPartOf":{"@id":"https:\/\/www.notibras.com\/site\/neve-chega-de-surpresa-e-provoca-transtornos-em-nova-york\/"},"author":{"name":"Reda\u00e7\u00e3o","@id":"https:\/\/www.notibras.com\/site\/#\/schema\/person\/36ab0979449956132d3e5b517ea76ac8"},"headline":"Neve chega de surpresa e provoca transtornos em Nova York","datePublished":"2018-11-17T02:53:18+00:00","dateModified":"2018-11-17T10:54:46+00:00","mainEntityOfPage":{"@id":"https:\/\/www.notibras.com\/site\/neve-chega-de-surpresa-e-provoca-transtornos-em-nova-york\/"},"wordCount":279,"publisher":{"@id":"https:\/\/www.notibras.com\/site\/#organization"},"image":{"@id":"https:\/\/www.notibras.com\/site\/neve-chega-de-surpresa-e-provoca-transtornos-em-nova-york\/#primaryimage"},"thumbnailUrl":"https:\/\/www.notibras.com\/site\/wp-content\/uploads\/2018\/11\/neve-eua.jpg","articleSection":["Mundo"],"inLanguage":"pt-BR"},{"@type":"WebPage","@id":"https:\/\/www.notibras.com\/site\/neve-chega-de-surpresa-e-provoca-transtornos-em-nova-york\/","url":"https:\/\/www.notibras.com\/site\/neve-chega-de-surpresa-e-provoca-transtornos-em-nova-york\/","name":"Neve chega de surpresa e provoca transtornos em Nova York - Notibras","isPartOf":{"@id":"https:\/\/www.notibras.com\/site\/#website"},"primaryImageOfPage":{"@id":"https:\/\/www.notibras.com\/site\/neve-chega-de-surpresa-e-provoca-transtornos-em-nova-york\/#primaryimage"},"image":{"@id":"https:\/\/www.notibras.com\/site\/neve-chega-de-surpresa-e-provoca-transtornos-em-nova-york\/#primaryimage"},"thumbnailUrl":"https:\/\/www.notibras.com\/site\/wp-content\/uploads\/2018\/11\/neve-eua.jpg","datePublished":"2018-11-17T02:53:18+00:00","dateModified":"2018-11-17T10:54:46+00:00","breadcrumb":{"@id":"https:\/\/www.notibras.com\/site\/neve-chega-de-surpresa-e-provoca-transtornos-em-nova-york\/#breadcrumb"},"inLanguage":"pt-BR","potentialAction":[{"@type":"ReadAction","target":["https:\/\/www.notibras.com\/site\/neve-chega-de-surpresa-e-provoca-transtornos-em-nova-york\/"]}]},{"@type":"ImageObject","inLanguage":"pt-BR","@id":"https:\/\/www.notibras.com\/site\/neve-chega-de-surpresa-e-provoca-transtornos-em-nova-york\/#primaryimage","url":"https:\/\/www.notibras.com\/site\/wp-content\/uploads\/2018\/11\/neve-eua.jpg","contentUrl":"https:\/\/www.notibras.com\/site\/wp-content\/uploads\/2018\/11\/neve-eua.jpg","width":1600,"height":974,"caption":"Foto\/Reuters - Estad\u00e3oConte\u00fado"},{"@type":"BreadcrumbList","@id":"https:\/\/www.notibras.com\/site\/neve-chega-de-surpresa-e-provoca-transtornos-em-nova-york\/#breadcrumb","itemListElement":[{"@type":"ListItem","position":1,"name":"In\u00edcio","item":"https:\/\/www.notibras.com\/site\/"},{"@type":"ListItem","position":2,"name":"Neve chega de surpresa e provoca transtornos em Nova York"}]},{"@type":"WebSite","@id":"https:\/\/www.notibras.com\/site\/#website","url":"https:\/\/www.notibras.com\/site\/","name":"Notibras","description":"Not\u00edcias de Bras\u00edlia, do Brasil e do Mundo","publisher":{"@id":"https:\/\/www.notibras.com\/site\/#organization"},"potentialAction":[{"@type":"SearchAction","target":{"@type":"EntryPoint","urlTemplate":"https:\/\/www.notibras.com\/site\/?s={search_term_string}"},"query-input":{"@type":"PropertyValueSpecification","valueRequired":true,"valueName":"search_term_string"}}],"inLanguage":"pt-BR"},{"@type":"Organization","@id":"https:\/\/www.notibras.com\/site\/#organization","name":"Grupo Notibras de Comunica\u00e7\u00e3o","url":"https:\/\/www.notibras.com\/site\/","logo":{"@type":"ImageObject","inLanguage":"pt-BR","@id":"https:\/\/www.notibras.com\/site\/#\/schema\/logo\/image\/","url":"https:\/\/www.notibras.com\/site\/wp-content\/uploads\/2023\/01\/notibras23.png","contentUrl":"https:\/\/www.notibras.com\/site\/wp-content\/uploads\/2023\/01\/notibras23.png","width":350,"height":87,"caption":"Grupo Notibras de Comunica\u00e7\u00e3o"},"image":{"@id":"https:\/\/www.notibras.com\/site\/#\/schema\/logo\/image\/"},"sameAs":["https:\/\/www.facebook.com\/notibras\/","https:\/\/x.com\/Notibras","https:\/\/www.instagram.com\/notibras\/"]},{"@type":"Person","@id":"https:\/\/www.notibras.com\/site\/#\/schema\/person\/36ab0979449956132d3e5b517ea76ac8","name":"Reda\u00e7\u00e3o","image":{"@type":"ImageObject","inLanguage":"pt-BR","@id":"https:\/\/secure.gravatar.com\/avatar\/e0a867bdedb85fd243eadf09663511f96fc81e0720a4a42581f334ad4303aa6b?s=96&d=mm&r=g","url":"https:\/\/secure.gravatar.com\/avatar\/e0a867bdedb85fd243eadf09663511f96fc81e0720a4a42581f334ad4303aa6b?s=96&d=mm&r=g","contentUrl":"https:\/\/secure.gravatar.com\/avatar\/e0a867bdedb85fd243eadf09663511f96fc81e0720a4a42581f334ad4303aa6b?s=96&d=mm&r=g","caption":"Reda\u00e7\u00e3o"}}]}},"amp_enabled":true,"_links":{"self":[{"href":"https:\/\/www.notibras.com\/site\/wp-json\/wp\/v2\/posts\/195581","targetHints":{"allow":["GET"]}}],"collection":[{"href":"https:\/\/www.notibras.com\/site\/wp-json\/wp\/v2\/posts"}],"about":[{"href":"https:\/\/www.notibras.com\/site\/wp-json\/wp\/v2\/types\/post"}],"author":[{"embeddable":true,"href":"https:\/\/www.notibras.com\/site\/wp-json\/wp\/v2\/users\/2"}],"replies":[{"embeddable":true,"href":"https:\/\/www.notibras.com\/site\/wp-json\/wp\/v2\/comments?post=195581"}],"version-history":[{"count":1,"href":"https:\/\/www.notibras.com\/site\/wp-json\/wp\/v2\/posts\/195581\/revisions"}],"predecessor-version":[{"id":195583,"href":"https:\/\/www.notibras.com\/site\/wp-json\/wp\/v2\/posts\/195581\/revisions\/195583"}],"wp:featuredmedia":[{"embeddable":true,"href":"https:\/\/www.notibras.com\/site\/wp-json\/wp\/v2\/media\/195582"}],"wp:attachment":[{"href":"https:\/\/www.notibras.com\/site\/wp-json\/wp\/v2\/media?parent=195581"}],"wp:term":[{"taxonomy":"category","embeddable":true,"href":"https:\/\/www.notibras.com\/site\/wp-json\/wp\/v2\/categories?post=195581"},{"taxonomy":"post_tag","embeddable":true,"href":"https:\/\/www.notibras.com\/site\/wp-json\/wp\/v2\/tags?post=195581"}],"curies":[{"name":"wp","href":"https:\/\/api.w.org\/{rel}","templated":true}]}}