{"id":19568,"date":"2014-08-14T18:37:53","date_gmt":"2014-08-14T21:37:53","guid":{"rendered":"http:\/\/www.notibras.com\/site\/?p=19568"},"modified":"2014-08-14T18:38:58","modified_gmt":"2014-08-14T21:38:58","slug":"suspensa-a-venda-de-123-planos-de-saude-grupo-unimed-lidera-lista","status":"publish","type":"post","link":"https:\/\/www.notibras.com\/site\/suspensa-a-venda-de-123-planos-de-saude-grupo-unimed-lidera-lista\/","title":{"rendered":"Suspensa a venda de 123 planos de sa\u00fade; Unimed lidera a lista"},"content":{"rendered":"<p>As vendas de 123 planos de sa\u00fade de 28 operadoras ser\u00e3o suspensas a partir do pr\u00f3ximo s\u00e1bado (16). Isso significa que temporariamente eles n\u00e3o poder\u00e3o ter novos clientes, mas o atendimento aos atuais continua normal.<\/p>\n<p>O an\u00fancio foi feito nesta quinta-feira (14) pela Ag\u00eancia Nacional de Sa\u00fade Suplementar (ANS). A suspens\u00e3o foi determinada porque as empresas n\u00e3o respeitaram os prazos m\u00e1ximos de atendimento aos clientes e negaram, indevidamente, algumas coberturas.<\/p>\n<blockquote><p>O objetivo da medida \u00e9 impedir novas contrata\u00e7\u00f5es e, ao mesmo tempo, garantir o atendimento aos cerca de 1 milh\u00e3o de consumidores que j\u00e1 possuem contratos dos planos suspensos.<\/p><\/blockquote>\n<p>As empresas Unimed Paulistana e a Viva Planos de Sa\u00fade foram as que tiveram as maiores quantidades de planos suspensos. A Unimed Paulistana est\u00e1 proibida de vender 35 planos. No caso da Viva, a comercializa\u00e7\u00e3o de 13 planos est\u00e1 suspensa.<\/p>\n<p>Em nota, a Unimed Paulistana diz que est\u00e1 &#8220;no caminho&#8221; para atender a todas as exig\u00eancias da ag\u00eancia e acredita que, em breve, a comercializa\u00e7\u00e3o de todos os planos ser\u00e1 liberada. &#8220;Estamos em constante processo de readequa\u00e7\u00e3o de procedimentos internos para dar mais agilidade \u00e0s demandas dos clientes&#8221;, diz o comunicado.<\/p>\n<p>A Associa\u00e7\u00e3o Brasileira de Medicina de Grupo (Abramge) diz, tamb\u00e9m por meio de nota, que as reclama\u00e7\u00f5es sobre o setor representam menos de 0,0047% do total de procedimentos e questiona a metodologia usada pela ANS para fazer as suspens\u00f5es.<\/p>\n<p>&#8220;O setor considera importante o estabelecimento de prazos m\u00e1ximos de atendimento, mas entende que a metodologia de avalia\u00e7\u00e3o deve ser aperfei\u00e7oada conforme sugest\u00e3o j\u00e1 apresentada \u00e0 ANS por todas as entidades nacionais representantes das operadoras de planos de sa\u00fade&#8221;, diz a nota.<\/p>\n<p>A lista com todos os planos suspensos pode ser acessada no site da ANS (<strong><a href=\"http:\/\/zip.net\/bdpjnd\" target=\"_blank\">http:\/\/zip.net\/bdpjnd<\/a><\/strong>).<\/p>\n","protected":false},"excerpt":{"rendered":"<p>As vendas de 123 planos de sa\u00fade de 28 operadoras ser\u00e3o suspensas a partir do pr\u00f3ximo s\u00e1bado (16). Isso significa que temporariamente eles n\u00e3o poder\u00e3o ter novos clientes, mas o atendimento aos atuais continua normal. O an\u00fancio foi feito nesta quinta-feira (14) pela Ag\u00eancia Nacional de Sa\u00fade Suplementar (ANS). A suspens\u00e3o foi determinada porque as [&hellip;]<\/p>\n","protected":false},"author":2,"featured_media":19569,"comment_status":"open","ping_status":"closed","sticky":false,"template":"","format":"standard","meta":{"_acf_changed":false,"footnotes":""},"categories":[16],"tags":[],"class_list":["post-19568","post","type-post","status-publish","format-standard","has-post-thumbnail","hentry","category-brasil"],"acf":[],"_links":{"self":[{"href":"https:\/\/www.notibras.com\/site\/wp-json\/wp\/v2\/posts\/19568","targetHints":{"allow":["GET"]}}],"collection":[{"href":"https:\/\/www.notibras.com\/site\/wp-json\/wp\/v2\/posts"}],"about":[{"href":"https:\/\/www.notibras.com\/site\/wp-json\/wp\/v2\/types\/post"}],"author":[{"embeddable":true,"href":"https:\/\/www.notibras.com\/site\/wp-json\/wp\/v2\/users\/2"}],"replies":[{"embeddable":true,"href":"https:\/\/www.notibras.com\/site\/wp-json\/wp\/v2\/comments?post=19568"}],"version-history":[{"count":0,"href":"https:\/\/www.notibras.com\/site\/wp-json\/wp\/v2\/posts\/19568\/revisions"}],"wp:featuredmedia":[{"embeddable":true,"href":"https:\/\/www.notibras.com\/site\/wp-json\/wp\/v2\/media\/19569"}],"wp:attachment":[{"href":"https:\/\/www.notibras.com\/site\/wp-json\/wp\/v2\/media?parent=19568"}],"wp:term":[{"taxonomy":"category","embeddable":true,"href":"https:\/\/www.notibras.com\/site\/wp-json\/wp\/v2\/categories?post=19568"},{"taxonomy":"post_tag","embeddable":true,"href":"https:\/\/www.notibras.com\/site\/wp-json\/wp\/v2\/tags?post=19568"}],"curies":[{"name":"wp","href":"https:\/\/api.w.org\/{rel}","templated":true}]}}