{"id":19627,"date":"2014-08-15T09:19:33","date_gmt":"2014-08-15T12:19:33","guid":{"rendered":"http:\/\/www.notibras.com\/site\/?p=19627"},"modified":"2014-08-15T09:21:01","modified_gmt":"2014-08-15T12:21:01","slug":"na-asia-papa-pede-que-cristaos-combatam-o-materialismo","status":"publish","type":"post","link":"https:\/\/www.notibras.com\/site\/na-asia-papa-pede-que-cristaos-combatam-o-materialismo\/","title":{"rendered":"Na \u00c1sia, Papa pede que crist\u00e3os combatam o materialismo"},"content":{"rendered":"<p style=\"color: #333333;\">O Papa Francisco pediu nesta sexta-feira (15) que os crist\u00e3os &#8220;combatam o encantamento do materialismo e rejeitem os modelos econ\u00f4micos desumanos&#8221; na missa da Assun\u00e7\u00e3o da Virgem Maria, a primeira cerim\u00f4nia p\u00fablica oficial pelo pont\u00edfice na visita \u00e0 Coreia do Sul.<\/p>\n<p style=\"color: #333333;\">Francisco convidou os jovens &#8220;a combater o encantamento de um materialismo que afoga os aut\u00eanticos valores espirituais e culturais, assim como o esp\u00edrito da concorr\u00eancia desenfreada, que gera ego\u00edsmo e luta&#8221;.<\/p>\n<blockquote>\n<p style=\"color: #333333;\">&#8220;Que tamb\u00e9m rejeitem os modelos econ\u00f4micos desumanos que encontram novas formas de pobreza e marginaliza\u00e7\u00e3o dos trabalhadores&#8221;, afirmou Francisco na cerim\u00f4nia assistida por 50 mil pessoas no est\u00e1dio da Copa do Mundo de Daejeon, a cerca de 150 quil\u00f4metros ao sul de Seul.<\/p>\n<\/blockquote>\n<p style=\"color: #333333;\">Na missa de 15 de agosto, dia em que a Coreia comemora o anivers\u00e1rio da independ\u00eancia do Imp\u00e9rio Japon\u00eas, o papa disse ter esperan\u00e7a de que os jovens do pa\u00eds se transformem em &#8220;uma generosa for\u00e7a de renova\u00e7\u00e3o espiritual em todos os n\u00edveis da sociedade&#8221;.<\/p>\n<blockquote>\n<p style=\"color: #333333;\">&#8220;A esperan\u00e7a oferecida pelo Evangelho \u00e9 o ant\u00eddoto para o esp\u00edrito de desesperan\u00e7a que parece crescer como um c\u00e2ncer na sociedade, que no exterior \u00e9 pr\u00f3spera, mas que frequentemente vive a experi\u00eancia da tristeza interior e o vazio&#8221;, disse o pont\u00edfice.<\/p>\n<p style=\"color: #333333;\">&#8220;A quantos de nossos jovens esta desesperan\u00e7a fez pagar um tributo&#8217;, completou.<\/p>\n<\/blockquote>\n<p style=\"color: #333333;\">Participaram da cerim\u00f4nia 30 parentes de v\u00edtimas do naufr\u00e1gio da balsa Sewol, a maior trag\u00e9dia em d\u00e9cadas no pa\u00eds que em abril deixou 304 mortos. Dez deles foram recebidos minutos antes da cerim\u00f4nia por Francisco, que quis falar pessoalmente palavras de consolo e dar seus p\u00easames, informou a organiza\u00e7\u00e3o.<\/p>\n<p style=\"color: #333333;\">Em uma forte cr\u00edtica ao modelo de sociedade competitiva que ganha cada vez mais espa\u00e7o na \u00c1sia, do Jap\u00e3o a Cingapura, de Taiwan at\u00e9 a Coreia, e inclusive a China, o l\u00edder da Igreja Cat\u00f3lica advertiu sobre &#8220;a cultura da morte que desvaloriza a imagem de Deus, o Deus da vida, e viola a dignidade de cada homem, mulher e crian\u00e7a&#8221;, em uma refer\u00eancia ao suic\u00eddio, ao aborto e \u00e0 eutan\u00e1sia.<\/p>\n<p style=\"color: #333333;\">Na tarde desta sexta o pont\u00edfice se reunir\u00e1 com representantes de jovens cat\u00f3licos do continente que participam da Jornada da Juventude Asi\u00e1tica (JJA).<\/p>\n<p style=\"color: #333333;\">No s\u00e1bado (16) o papa participar\u00e1 da beatifica\u00e7\u00e3o de 124 m\u00e1rtires sul-coreanos na emblem\u00e1tica pra\u00e7a de Gwanghwamun da capital, em um evento que pode atrair at\u00e9 um milh\u00e3o de pessoas, estimaram as autoridades.<\/p>\n<p style=\"color: #333333;\">A visita iniciada nesta quinta-feira (13) pelo pont\u00edfice argentino \u00e0 Coreia do Sul, onde vivem 5,4 milh\u00f5es de cat\u00f3licos, \u00e9 considerada hist\u00f3rica por ser a primeira de um papa ao pa\u00eds em 25 anos.<\/p>\n","protected":false},"excerpt":{"rendered":"<p>O Papa Francisco pediu nesta sexta-feira (15) que os crist\u00e3os &#8220;combatam o encantamento do materialismo e rejeitem os modelos econ\u00f4micos desumanos&#8221; na missa da Assun\u00e7\u00e3o da Virgem Maria, a primeira cerim\u00f4nia p\u00fablica oficial pelo pont\u00edfice na visita \u00e0 Coreia do Sul. Francisco convidou os jovens &#8220;a combater o encantamento de um materialismo que afoga os [&hellip;]<\/p>\n","protected":false},"author":1,"featured_media":19628,"comment_status":"open","ping_status":"closed","sticky":false,"template":"","format":"standard","meta":{"_acf_changed":false,"footnotes":""},"categories":[17],"tags":[],"class_list":["post-19627","post","type-post","status-publish","format-standard","has-post-thumbnail","hentry","category-mundo"],"acf":[],"_links":{"self":[{"href":"https:\/\/www.notibras.com\/site\/wp-json\/wp\/v2\/posts\/19627","targetHints":{"allow":["GET"]}}],"collection":[{"href":"https:\/\/www.notibras.com\/site\/wp-json\/wp\/v2\/posts"}],"about":[{"href":"https:\/\/www.notibras.com\/site\/wp-json\/wp\/v2\/types\/post"}],"author":[{"embeddable":true,"href":"https:\/\/www.notibras.com\/site\/wp-json\/wp\/v2\/users\/1"}],"replies":[{"embeddable":true,"href":"https:\/\/www.notibras.com\/site\/wp-json\/wp\/v2\/comments?post=19627"}],"version-history":[{"count":0,"href":"https:\/\/www.notibras.com\/site\/wp-json\/wp\/v2\/posts\/19627\/revisions"}],"wp:featuredmedia":[{"embeddable":true,"href":"https:\/\/www.notibras.com\/site\/wp-json\/wp\/v2\/media\/19628"}],"wp:attachment":[{"href":"https:\/\/www.notibras.com\/site\/wp-json\/wp\/v2\/media?parent=19627"}],"wp:term":[{"taxonomy":"category","embeddable":true,"href":"https:\/\/www.notibras.com\/site\/wp-json\/wp\/v2\/categories?post=19627"},{"taxonomy":"post_tag","embeddable":true,"href":"https:\/\/www.notibras.com\/site\/wp-json\/wp\/v2\/tags?post=19627"}],"curies":[{"name":"wp","href":"https:\/\/api.w.org\/{rel}","templated":true}]}}