{"id":19632,"date":"2014-08-15T11:12:20","date_gmt":"2014-08-15T14:12:20","guid":{"rendered":"http:\/\/www.notibras.com\/site\/?p=19632"},"modified":"2014-08-15T12:46:37","modified_gmt":"2014-08-15T15:46:37","slug":"jornal-jo-soares-estaria-com-cancer-e-teve-para-cardiaca","status":"publish","type":"post","link":"https:\/\/www.notibras.com\/site\/jornal-jo-soares-estaria-com-cancer-e-teve-para-cardiaca\/","title":{"rendered":"Jornal: J\u00f4 Soares estaria com c\u00e2ncer de pulm\u00e3o e teve parada card\u00edaca"},"content":{"rendered":"<p class=\"text\" style=\"color: #33332f;\">De acordo com informa\u00e7\u00f5es do colunista Leo Dias, do jornal <em>O Dia<\/em>, o oncologista Dr\u00e1uzio Varella foi chamado \u00e0s pressas para acompanhar o tratamento de J\u00f4 Soares, 76 anos, no Hospital S\u00edrio-Liban\u00eas, em S\u00e3o Paulo. O apresentador global est\u00e1 internado desde o dia 25 de julho\u00a0devido a\u00a0uma infec\u00e7\u00e3o pulmonar,\u00a0segundo boletim m\u00e9dico (o \u00faltimo foi divulgado no dia\u00a028 do m\u00eas passado).\u00a0No entanto, h\u00e1 uma suspeita de que J\u00f4 esteja com c\u00e2ncer de pulm\u00e3o.<\/p>\n<p class=\"text\" style=\"color: #33332f;\">Ainda de acordo com uma fonte do colunista, ele\u00a0teve uma parada card\u00edaca na noite da \u00faltima quarta-feira.\u00a0Procurada pelo jornal, a assessoria do hospital disse que n\u00e3o h\u00e1 previs\u00e3o de alta de J\u00f4, j\u00e1 a comunica\u00e7\u00e3o da Globo informa que ele apresenta melhora no tratamento\u00a0e deixar\u00e1 o hospital em breve.<\/p>\n","protected":false},"excerpt":{"rendered":"<p>De acordo com informa\u00e7\u00f5es do colunista Leo Dias, do jornal O Dia, o oncologista Dr\u00e1uzio Varella foi chamado \u00e0s pressas para acompanhar o tratamento de J\u00f4 Soares, 76 anos, no Hospital S\u00edrio-Liban\u00eas, em S\u00e3o Paulo. O apresentador global est\u00e1 internado desde o dia 25 de julho\u00a0devido a\u00a0uma infec\u00e7\u00e3o pulmonar,\u00a0segundo boletim m\u00e9dico (o \u00faltimo foi divulgado [&hellip;]<\/p>\n","protected":false},"author":1,"featured_media":19633,"comment_status":"open","ping_status":"closed","sticky":false,"template":"","format":"standard","meta":{"_acf_changed":false,"footnotes":""},"categories":[16],"tags":[],"class_list":["post-19632","post","type-post","status-publish","format-standard","has-post-thumbnail","hentry","category-brasil"],"acf":[],"_links":{"self":[{"href":"https:\/\/www.notibras.com\/site\/wp-json\/wp\/v2\/posts\/19632","targetHints":{"allow":["GET"]}}],"collection":[{"href":"https:\/\/www.notibras.com\/site\/wp-json\/wp\/v2\/posts"}],"about":[{"href":"https:\/\/www.notibras.com\/site\/wp-json\/wp\/v2\/types\/post"}],"author":[{"embeddable":true,"href":"https:\/\/www.notibras.com\/site\/wp-json\/wp\/v2\/users\/1"}],"replies":[{"embeddable":true,"href":"https:\/\/www.notibras.com\/site\/wp-json\/wp\/v2\/comments?post=19632"}],"version-history":[{"count":0,"href":"https:\/\/www.notibras.com\/site\/wp-json\/wp\/v2\/posts\/19632\/revisions"}],"wp:featuredmedia":[{"embeddable":true,"href":"https:\/\/www.notibras.com\/site\/wp-json\/wp\/v2\/media\/19633"}],"wp:attachment":[{"href":"https:\/\/www.notibras.com\/site\/wp-json\/wp\/v2\/media?parent=19632"}],"wp:term":[{"taxonomy":"category","embeddable":true,"href":"https:\/\/www.notibras.com\/site\/wp-json\/wp\/v2\/categories?post=19632"},{"taxonomy":"post_tag","embeddable":true,"href":"https:\/\/www.notibras.com\/site\/wp-json\/wp\/v2\/tags?post=19632"}],"curies":[{"name":"wp","href":"https:\/\/api.w.org\/{rel}","templated":true}]}}