{"id":196387,"date":"2018-11-30T05:21:20","date_gmt":"2018-11-30T07:21:20","guid":{"rendered":"https:\/\/www.notibras.com\/site\/?p=196387"},"modified":"2018-11-30T05:21:20","modified_gmt":"2018-11-30T07:21:20","slug":"pequim-manda-washington-tirar-seus-navios-do-estreito-de-taiwan","status":"publish","type":"post","link":"https:\/\/www.notibras.com\/site\/pequim-manda-washington-tirar-seus-navios-do-estreito-de-taiwan\/","title":{"rendered":"Pequim manda Washington tirar seus navios do estreito de Taiwan"},"content":{"rendered":"<p>A China afirmou nesta quinta-feira que havia expressado sua preocupa\u00e7\u00e3o aos Estados Unidos pela passagem de dois navios de guerra da Marinha americana atrav\u00e9s do Estreito de Taiwan, dias antes de uma reuni\u00e3o planejada no s\u00e1bado entre o presidente dos EUA, Donald Trump, e o da China, Xi Jinping.<\/p>\n<p>Porta-voz do Minist\u00e9rio das Rela\u00e7\u00f5es Exteriores, Geng Shuang disse a rep\u00f3rteres que Taiwan era &#8220;a quest\u00e3o mais importante e sens\u00edvel&#8221; na rela\u00e7\u00e3o bilateral. Segundo ele, isso \u00e9 uma quest\u00e3o de soberania e integridade territorial da China.<\/p>\n<p>O Minist\u00e9rio da Defesa chin\u00eas informou que vem monitorando atentamente a passagem dos navios. Porta-voz da Frota do Pac\u00edfico dos EUA, Nate Christensen disse que as embarca\u00e7\u00f5es faziam um trajeto de rotina. &#8220;A Marinha dos EUA continuar\u00e1 a voar, navegar e operar em qualquer lugar que a lei internacional permita&#8221;, afirmou o porta-voz.<\/p>\n<p>Trump e Xi devem se reunir no s\u00e1bado na Argentina. Para a China, Taiwan \u00e9 parte de seu territ\u00f3rio e pode sofrer interven\u00e7\u00e3o, se necess\u00e1rio. Os dois lados se dividiram em uma guerra civil em 1949 e boa parte dos taiwaneses querem manter o status atual de uma independ\u00eancia pol\u00edtica na pr\u00e1tica, mas com la\u00e7os econ\u00f4micos pr\u00f3ximos com a China.<\/p>\n","protected":false},"excerpt":{"rendered":"<p>A China afirmou nesta quinta-feira que havia expressado sua preocupa\u00e7\u00e3o aos Estados Unidos pela passagem de dois navios de guerra da Marinha americana atrav\u00e9s do Estreito de Taiwan, dias antes de uma reuni\u00e3o planejada no s\u00e1bado entre o presidente dos EUA, Donald Trump, e o da China, Xi Jinping. Porta-voz do Minist\u00e9rio das Rela\u00e7\u00f5es Exteriores, [&hellip;]<\/p>\n","protected":false},"author":2,"featured_media":134511,"comment_status":"closed","ping_status":"closed","sticky":false,"template":"","format":"standard","meta":{"_acf_changed":false,"footnotes":""},"categories":[17],"tags":[],"class_list":["post-196387","post","type-post","status-publish","format-standard","has-post-thumbnail","hentry","category-mundo"],"acf":[],"yoast_head":"<!-- This site is optimized with the Yoast SEO plugin v27.2 - https:\/\/yoast.com\/product\/yoast-seo-wordpress\/ -->\n<title>Pequim manda Washington tirar seus navios do estreito de Taiwan - Notibras<\/title>\n<meta name=\"robots\" content=\"index, follow, max-snippet:-1, max-image-preview:large, max-video-preview:-1\" \/>\n<link rel=\"canonical\" href=\"https:\/\/www.notibras.com\/site\/pequim-manda-washington-tirar-seus-navios-do-estreito-de-taiwan\/\" \/>\n<meta property=\"og:locale\" content=\"pt_BR\" \/>\n<meta property=\"og:type\" content=\"article\" \/>\n<meta property=\"og:title\" content=\"Pequim manda Washington tirar seus navios do estreito de Taiwan - Notibras\" \/>\n<meta property=\"og:description\" content=\"A China afirmou nesta quinta-feira que havia expressado sua preocupa\u00e7\u00e3o aos Estados Unidos pela passagem de dois navios de guerra da Marinha americana atrav\u00e9s do Estreito de Taiwan, dias antes de uma reuni\u00e3o planejada no s\u00e1bado entre o presidente dos EUA, Donald Trump, e o da China, Xi Jinping. Porta-voz do Minist\u00e9rio das Rela\u00e7\u00f5es Exteriores, [&hellip;]\" \/>\n<meta property=\"og:url\" content=\"https:\/\/www.notibras.com\/site\/pequim-manda-washington-tirar-seus-navios-do-estreito-de-taiwan\/\" \/>\n<meta property=\"og:site_name\" content=\"Notibras\" \/>\n<meta property=\"article:publisher\" content=\"https:\/\/www.facebook.com\/notibras\/\" \/>\n<meta property=\"article:published_time\" content=\"2018-11-30T07:21:20+00:00\" \/>\n<meta property=\"og:image\" content=\"https:\/\/www.notibras.com\/site\/wp-content\/uploads\/2017\/04\/missil-ataque-afp-marinha_americana.jpg\" \/>\n\t<meta property=\"og:image:width\" content=\"1150\" \/>\n\t<meta property=\"og:image:height\" content=\"650\" \/>\n\t<meta property=\"og:image:type\" content=\"image\/jpeg\" \/>\n<meta name=\"author\" content=\"Reda\u00e7\u00e3o\" \/>\n<meta name=\"twitter:card\" content=\"summary_large_image\" \/>\n<meta name=\"twitter:creator\" content=\"@Notibras\" \/>\n<meta name=\"twitter:site\" content=\"@Notibras\" \/>\n<meta name=\"twitter:label1\" content=\"Escrito por\" \/>\n\t<meta name=\"twitter:data1\" content=\"Reda\u00e7\u00e3o\" \/>\n\t<meta name=\"twitter:label2\" content=\"Est. tempo de leitura\" \/>\n\t<meta name=\"twitter:data2\" content=\"1 minuto\" \/>\n<script type=\"application\/ld+json\" class=\"yoast-schema-graph\">{\"@context\":\"https:\/\/schema.org\",\"@graph\":[{\"@type\":\"Article\",\"@id\":\"https:\/\/www.notibras.com\/site\/pequim-manda-washington-tirar-seus-navios-do-estreito-de-taiwan\/#article\",\"isPartOf\":{\"@id\":\"https:\/\/www.notibras.com\/site\/pequim-manda-washington-tirar-seus-navios-do-estreito-de-taiwan\/\"},\"author\":{\"name\":\"Reda\u00e7\u00e3o\",\"@id\":\"https:\/\/www.notibras.com\/site\/#\/schema\/person\/36ab0979449956132d3e5b517ea76ac8\"},\"headline\":\"Pequim manda Washington tirar seus navios do estreito de Taiwan\",\"datePublished\":\"2018-11-30T07:21:20+00:00\",\"mainEntityOfPage\":{\"@id\":\"https:\/\/www.notibras.com\/site\/pequim-manda-washington-tirar-seus-navios-do-estreito-de-taiwan\/\"},\"wordCount\":230,\"publisher\":{\"@id\":\"https:\/\/www.notibras.com\/site\/#organization\"},\"image\":{\"@id\":\"https:\/\/www.notibras.com\/site\/pequim-manda-washington-tirar-seus-navios-do-estreito-de-taiwan\/#primaryimage\"},\"thumbnailUrl\":\"https:\/\/www.notibras.com\/site\/wp-content\/uploads\/2017\/04\/missil-ataque-afp-marinha_americana.jpg\",\"articleSection\":[\"Mundo\"],\"inLanguage\":\"pt-BR\"},{\"@type\":\"WebPage\",\"@id\":\"https:\/\/www.notibras.com\/site\/pequim-manda-washington-tirar-seus-navios-do-estreito-de-taiwan\/\",\"url\":\"https:\/\/www.notibras.com\/site\/pequim-manda-washington-tirar-seus-navios-do-estreito-de-taiwan\/\",\"name\":\"Pequim manda Washington tirar seus navios do estreito de Taiwan - Notibras\",\"isPartOf\":{\"@id\":\"https:\/\/www.notibras.com\/site\/#website\"},\"primaryImageOfPage\":{\"@id\":\"https:\/\/www.notibras.com\/site\/pequim-manda-washington-tirar-seus-navios-do-estreito-de-taiwan\/#primaryimage\"},\"image\":{\"@id\":\"https:\/\/www.notibras.com\/site\/pequim-manda-washington-tirar-seus-navios-do-estreito-de-taiwan\/#primaryimage\"},\"thumbnailUrl\":\"https:\/\/www.notibras.com\/site\/wp-content\/uploads\/2017\/04\/missil-ataque-afp-marinha_americana.jpg\",\"datePublished\":\"2018-11-30T07:21:20+00:00\",\"breadcrumb\":{\"@id\":\"https:\/\/www.notibras.com\/site\/pequim-manda-washington-tirar-seus-navios-do-estreito-de-taiwan\/#breadcrumb\"},\"inLanguage\":\"pt-BR\",\"potentialAction\":[{\"@type\":\"ReadAction\",\"target\":[\"https:\/\/www.notibras.com\/site\/pequim-manda-washington-tirar-seus-navios-do-estreito-de-taiwan\/\"]}]},{\"@type\":\"ImageObject\",\"inLanguage\":\"pt-BR\",\"@id\":\"https:\/\/www.notibras.com\/site\/pequim-manda-washington-tirar-seus-navios-do-estreito-de-taiwan\/#primaryimage\",\"url\":\"https:\/\/www.notibras.com\/site\/wp-content\/uploads\/2017\/04\/missil-ataque-afp-marinha_americana.jpg\",\"contentUrl\":\"https:\/\/www.notibras.com\/site\/wp-content\/uploads\/2017\/04\/missil-ataque-afp-marinha_americana.jpg\",\"width\":1150,\"height\":650,\"caption\":\"Foto\/Arquivo Notibras\"},{\"@type\":\"BreadcrumbList\",\"@id\":\"https:\/\/www.notibras.com\/site\/pequim-manda-washington-tirar-seus-navios-do-estreito-de-taiwan\/#breadcrumb\",\"itemListElement\":[{\"@type\":\"ListItem\",\"position\":1,\"name\":\"In\u00edcio\",\"item\":\"https:\/\/www.notibras.com\/site\/\"},{\"@type\":\"ListItem\",\"position\":2,\"name\":\"Pequim manda Washington tirar seus navios do estreito de Taiwan\"}]},{\"@type\":\"WebSite\",\"@id\":\"https:\/\/www.notibras.com\/site\/#website\",\"url\":\"https:\/\/www.notibras.com\/site\/\",\"name\":\"Notibras\",\"description\":\"Not\u00edcias de Bras\u00edlia, do Brasil e do Mundo\",\"publisher\":{\"@id\":\"https:\/\/www.notibras.com\/site\/#organization\"},\"potentialAction\":[{\"@type\":\"SearchAction\",\"target\":{\"@type\":\"EntryPoint\",\"urlTemplate\":\"https:\/\/www.notibras.com\/site\/?s={search_term_string}\"},\"query-input\":{\"@type\":\"PropertyValueSpecification\",\"valueRequired\":true,\"valueName\":\"search_term_string\"}}],\"inLanguage\":\"pt-BR\"},{\"@type\":\"Organization\",\"@id\":\"https:\/\/www.notibras.com\/site\/#organization\",\"name\":\"Grupo Notibras de Comunica\u00e7\u00e3o\",\"url\":\"https:\/\/www.notibras.com\/site\/\",\"logo\":{\"@type\":\"ImageObject\",\"inLanguage\":\"pt-BR\",\"@id\":\"https:\/\/www.notibras.com\/site\/#\/schema\/logo\/image\/\",\"url\":\"https:\/\/www.notibras.com\/site\/wp-content\/uploads\/2023\/01\/notibras23.png\",\"contentUrl\":\"https:\/\/www.notibras.com\/site\/wp-content\/uploads\/2023\/01\/notibras23.png\",\"width\":350,\"height\":87,\"caption\":\"Grupo Notibras de Comunica\u00e7\u00e3o\"},\"image\":{\"@id\":\"https:\/\/www.notibras.com\/site\/#\/schema\/logo\/image\/\"},\"sameAs\":[\"https:\/\/www.facebook.com\/notibras\/\",\"https:\/\/x.com\/Notibras\",\"https:\/\/www.instagram.com\/notibras\/\"]},{\"@type\":\"Person\",\"@id\":\"https:\/\/www.notibras.com\/site\/#\/schema\/person\/36ab0979449956132d3e5b517ea76ac8\",\"name\":\"Reda\u00e7\u00e3o\",\"image\":{\"@type\":\"ImageObject\",\"inLanguage\":\"pt-BR\",\"@id\":\"https:\/\/secure.gravatar.com\/avatar\/e0a867bdedb85fd243eadf09663511f96fc81e0720a4a42581f334ad4303aa6b?s=96&d=mm&r=g\",\"url\":\"https:\/\/secure.gravatar.com\/avatar\/e0a867bdedb85fd243eadf09663511f96fc81e0720a4a42581f334ad4303aa6b?s=96&d=mm&r=g\",\"contentUrl\":\"https:\/\/secure.gravatar.com\/avatar\/e0a867bdedb85fd243eadf09663511f96fc81e0720a4a42581f334ad4303aa6b?s=96&d=mm&r=g\",\"caption\":\"Reda\u00e7\u00e3o\"}}]}<\/script>\n<!-- \/ Yoast SEO plugin. -->","yoast_head_json":{"title":"Pequim manda Washington tirar seus navios do estreito de Taiwan - Notibras","robots":{"index":"index","follow":"follow","max-snippet":"max-snippet:-1","max-image-preview":"max-image-preview:large","max-video-preview":"max-video-preview:-1"},"canonical":"https:\/\/www.notibras.com\/site\/pequim-manda-washington-tirar-seus-navios-do-estreito-de-taiwan\/","og_locale":"pt_BR","og_type":"article","og_title":"Pequim manda Washington tirar seus navios do estreito de Taiwan - Notibras","og_description":"A China afirmou nesta quinta-feira que havia expressado sua preocupa\u00e7\u00e3o aos Estados Unidos pela passagem de dois navios de guerra da Marinha americana atrav\u00e9s do Estreito de Taiwan, dias antes de uma reuni\u00e3o planejada no s\u00e1bado entre o presidente dos EUA, Donald Trump, e o da China, Xi Jinping. Porta-voz do Minist\u00e9rio das Rela\u00e7\u00f5es Exteriores, [&hellip;]","og_url":"https:\/\/www.notibras.com\/site\/pequim-manda-washington-tirar-seus-navios-do-estreito-de-taiwan\/","og_site_name":"Notibras","article_publisher":"https:\/\/www.facebook.com\/notibras\/","article_published_time":"2018-11-30T07:21:20+00:00","og_image":[{"width":1150,"height":650,"url":"https:\/\/www.notibras.com\/site\/wp-content\/uploads\/2017\/04\/missil-ataque-afp-marinha_americana.jpg","type":"image\/jpeg"}],"author":"Reda\u00e7\u00e3o","twitter_card":"summary_large_image","twitter_creator":"@Notibras","twitter_site":"@Notibras","twitter_misc":{"Escrito por":"Reda\u00e7\u00e3o","Est. tempo de leitura":"1 minuto"},"schema":{"@context":"https:\/\/schema.org","@graph":[{"@type":"Article","@id":"https:\/\/www.notibras.com\/site\/pequim-manda-washington-tirar-seus-navios-do-estreito-de-taiwan\/#article","isPartOf":{"@id":"https:\/\/www.notibras.com\/site\/pequim-manda-washington-tirar-seus-navios-do-estreito-de-taiwan\/"},"author":{"name":"Reda\u00e7\u00e3o","@id":"https:\/\/www.notibras.com\/site\/#\/schema\/person\/36ab0979449956132d3e5b517ea76ac8"},"headline":"Pequim manda Washington tirar seus navios do estreito de Taiwan","datePublished":"2018-11-30T07:21:20+00:00","mainEntityOfPage":{"@id":"https:\/\/www.notibras.com\/site\/pequim-manda-washington-tirar-seus-navios-do-estreito-de-taiwan\/"},"wordCount":230,"publisher":{"@id":"https:\/\/www.notibras.com\/site\/#organization"},"image":{"@id":"https:\/\/www.notibras.com\/site\/pequim-manda-washington-tirar-seus-navios-do-estreito-de-taiwan\/#primaryimage"},"thumbnailUrl":"https:\/\/www.notibras.com\/site\/wp-content\/uploads\/2017\/04\/missil-ataque-afp-marinha_americana.jpg","articleSection":["Mundo"],"inLanguage":"pt-BR"},{"@type":"WebPage","@id":"https:\/\/www.notibras.com\/site\/pequim-manda-washington-tirar-seus-navios-do-estreito-de-taiwan\/","url":"https:\/\/www.notibras.com\/site\/pequim-manda-washington-tirar-seus-navios-do-estreito-de-taiwan\/","name":"Pequim manda Washington tirar seus navios do estreito de Taiwan - Notibras","isPartOf":{"@id":"https:\/\/www.notibras.com\/site\/#website"},"primaryImageOfPage":{"@id":"https:\/\/www.notibras.com\/site\/pequim-manda-washington-tirar-seus-navios-do-estreito-de-taiwan\/#primaryimage"},"image":{"@id":"https:\/\/www.notibras.com\/site\/pequim-manda-washington-tirar-seus-navios-do-estreito-de-taiwan\/#primaryimage"},"thumbnailUrl":"https:\/\/www.notibras.com\/site\/wp-content\/uploads\/2017\/04\/missil-ataque-afp-marinha_americana.jpg","datePublished":"2018-11-30T07:21:20+00:00","breadcrumb":{"@id":"https:\/\/www.notibras.com\/site\/pequim-manda-washington-tirar-seus-navios-do-estreito-de-taiwan\/#breadcrumb"},"inLanguage":"pt-BR","potentialAction":[{"@type":"ReadAction","target":["https:\/\/www.notibras.com\/site\/pequim-manda-washington-tirar-seus-navios-do-estreito-de-taiwan\/"]}]},{"@type":"ImageObject","inLanguage":"pt-BR","@id":"https:\/\/www.notibras.com\/site\/pequim-manda-washington-tirar-seus-navios-do-estreito-de-taiwan\/#primaryimage","url":"https:\/\/www.notibras.com\/site\/wp-content\/uploads\/2017\/04\/missil-ataque-afp-marinha_americana.jpg","contentUrl":"https:\/\/www.notibras.com\/site\/wp-content\/uploads\/2017\/04\/missil-ataque-afp-marinha_americana.jpg","width":1150,"height":650,"caption":"Foto\/Arquivo Notibras"},{"@type":"BreadcrumbList","@id":"https:\/\/www.notibras.com\/site\/pequim-manda-washington-tirar-seus-navios-do-estreito-de-taiwan\/#breadcrumb","itemListElement":[{"@type":"ListItem","position":1,"name":"In\u00edcio","item":"https:\/\/www.notibras.com\/site\/"},{"@type":"ListItem","position":2,"name":"Pequim manda Washington tirar seus navios do estreito de Taiwan"}]},{"@type":"WebSite","@id":"https:\/\/www.notibras.com\/site\/#website","url":"https:\/\/www.notibras.com\/site\/","name":"Notibras","description":"Not\u00edcias de Bras\u00edlia, do Brasil e do Mundo","publisher":{"@id":"https:\/\/www.notibras.com\/site\/#organization"},"potentialAction":[{"@type":"SearchAction","target":{"@type":"EntryPoint","urlTemplate":"https:\/\/www.notibras.com\/site\/?s={search_term_string}"},"query-input":{"@type":"PropertyValueSpecification","valueRequired":true,"valueName":"search_term_string"}}],"inLanguage":"pt-BR"},{"@type":"Organization","@id":"https:\/\/www.notibras.com\/site\/#organization","name":"Grupo Notibras de Comunica\u00e7\u00e3o","url":"https:\/\/www.notibras.com\/site\/","logo":{"@type":"ImageObject","inLanguage":"pt-BR","@id":"https:\/\/www.notibras.com\/site\/#\/schema\/logo\/image\/","url":"https:\/\/www.notibras.com\/site\/wp-content\/uploads\/2023\/01\/notibras23.png","contentUrl":"https:\/\/www.notibras.com\/site\/wp-content\/uploads\/2023\/01\/notibras23.png","width":350,"height":87,"caption":"Grupo Notibras de Comunica\u00e7\u00e3o"},"image":{"@id":"https:\/\/www.notibras.com\/site\/#\/schema\/logo\/image\/"},"sameAs":["https:\/\/www.facebook.com\/notibras\/","https:\/\/x.com\/Notibras","https:\/\/www.instagram.com\/notibras\/"]},{"@type":"Person","@id":"https:\/\/www.notibras.com\/site\/#\/schema\/person\/36ab0979449956132d3e5b517ea76ac8","name":"Reda\u00e7\u00e3o","image":{"@type":"ImageObject","inLanguage":"pt-BR","@id":"https:\/\/secure.gravatar.com\/avatar\/e0a867bdedb85fd243eadf09663511f96fc81e0720a4a42581f334ad4303aa6b?s=96&d=mm&r=g","url":"https:\/\/secure.gravatar.com\/avatar\/e0a867bdedb85fd243eadf09663511f96fc81e0720a4a42581f334ad4303aa6b?s=96&d=mm&r=g","contentUrl":"https:\/\/secure.gravatar.com\/avatar\/e0a867bdedb85fd243eadf09663511f96fc81e0720a4a42581f334ad4303aa6b?s=96&d=mm&r=g","caption":"Reda\u00e7\u00e3o"}}]}},"amp_enabled":true,"_links":{"self":[{"href":"https:\/\/www.notibras.com\/site\/wp-json\/wp\/v2\/posts\/196387","targetHints":{"allow":["GET"]}}],"collection":[{"href":"https:\/\/www.notibras.com\/site\/wp-json\/wp\/v2\/posts"}],"about":[{"href":"https:\/\/www.notibras.com\/site\/wp-json\/wp\/v2\/types\/post"}],"author":[{"embeddable":true,"href":"https:\/\/www.notibras.com\/site\/wp-json\/wp\/v2\/users\/2"}],"replies":[{"embeddable":true,"href":"https:\/\/www.notibras.com\/site\/wp-json\/wp\/v2\/comments?post=196387"}],"version-history":[{"count":1,"href":"https:\/\/www.notibras.com\/site\/wp-json\/wp\/v2\/posts\/196387\/revisions"}],"predecessor-version":[{"id":196388,"href":"https:\/\/www.notibras.com\/site\/wp-json\/wp\/v2\/posts\/196387\/revisions\/196388"}],"wp:featuredmedia":[{"embeddable":true,"href":"https:\/\/www.notibras.com\/site\/wp-json\/wp\/v2\/media\/134511"}],"wp:attachment":[{"href":"https:\/\/www.notibras.com\/site\/wp-json\/wp\/v2\/media?parent=196387"}],"wp:term":[{"taxonomy":"category","embeddable":true,"href":"https:\/\/www.notibras.com\/site\/wp-json\/wp\/v2\/categories?post=196387"},{"taxonomy":"post_tag","embeddable":true,"href":"https:\/\/www.notibras.com\/site\/wp-json\/wp\/v2\/tags?post=196387"}],"curies":[{"name":"wp","href":"https:\/\/api.w.org\/{rel}","templated":true}]}}