{"id":196412,"date":"2018-11-30T05:49:35","date_gmt":"2018-11-30T07:49:35","guid":{"rendered":"https:\/\/www.notibras.com\/site\/?p=196412"},"modified":"2018-11-30T06:52:15","modified_gmt":"2018-11-30T08:52:15","slug":"ucrania-pede-que-otan-eleve-tom-de-voz-contra-a-russia","status":"publish","type":"post","link":"https:\/\/www.notibras.com\/site\/ucrania-pede-que-otan-eleve-tom-de-voz-contra-a-russia\/","title":{"rendered":"Ucr\u00e2nia pede que Otan eleve tom de voz contra a R\u00fassia"},"content":{"rendered":"<p>O presidente da Ucr\u00e2nia disse ter esperan\u00e7a de que a Organiza\u00e7\u00e3o do Tratado do Atl\u00e2ntico Norte (Otan) envie embarca\u00e7\u00f5es ao mar de Azov ap\u00f3s o incidente de domingo (25) quando a R\u00fassia capturou tr\u00eas barcos ucranianos e feriu v\u00e1rios tripulantes no estreito de Kerch. O Kremlin criticou a declara\u00e7\u00e3o.<\/p>\n<p>&#8220;A Alemanha \u00e9 um de nossos aliados mais pr\u00f3ximos e esperamos que dentro da Otan tenha agora Estados dispostos a enviar navios militares ao mar de Azov para apoiar a Ucr\u00e2nia e garantir a seguran\u00e7a&#8221;, disse Poroshenko ao jornal alem\u00e3o \u201cBild\u201d.<br \/>\nEntenda a nova escalada de tens\u00e3o entre Ucr\u00e2nia e R\u00fassia<\/p>\n<p>&#8220;N\u00e3o podemos tolerar esta pol\u00edtica agressiva da R\u00fassia. Primeiro foi a Crimeia, depois o leste da Ucr\u00e2nia, agora quer o mar de Azov. A Alemanha tamb\u00e9m deve se perguntar qual a pr\u00f3ximo atitude de Putin se n\u00e3o o frearmos&#8221;, advertiu o presidente ucraniano.<\/p>\n<p>Poroshenko afirmou ainda que o \u00fanico idioma que o presidente Putin entende &#8220;\u00e9 o da unidade do mundo ocidental&#8221;. Por isso, para o chefe de estado ucraniano, &#8220;o mundo deve falar com uma s\u00f3 voz&#8221;, ressaltando a necessidade imediata de san\u00e7\u00f5es adicionais &#8220;tendo em vista a incr\u00edvel agress\u00e3o russa&#8221;.<\/p>\n<p>Poroshenko declarou que tem tentado entrar em contato com Putin por telefone desde domingo para pedir a abertura de negocia\u00e7\u00f5es. &#8220;Mas \u00e9 igual a 2014, 2015 e 2016.<\/p>\n<p>Sempre quando as tropas de Putin atacam a Ucr\u00e2nia, deixa de se comunicar&#8221;, criticou. O chefe de estado disse ter poucas esperan\u00e7as de que a R\u00fassia ponha fim \u00e0s agress\u00f5es.<\/p>\n<p>Poroshenko afirmou que reagiu \u00e0 apreens\u00e3o das embarca\u00e7\u00f5es ucranianas decertando a lei marcial em algumas regi\u00f5es, \u201cporque temos que proteger nosso pa\u00eds\u201d.<\/p>\n<p>Na avalia\u00e7\u00e3o do presidente ucraniano, &#8220;Putin quer o antigo imp\u00e9rio russo outra vez&#8221;. &#8220;Crimeia, Donbass, quer todo o pa\u00eds. Como imperador russo como se v\u00ea, seu imp\u00e9rio n\u00e3o pode funcionar sem a Ucr\u00e2nia, nos v\u00ea como uma col\u00f4nia. J\u00e1 queria isso no in\u00edcio do conflito e continua querendo.\u201d<\/p>\n","protected":false},"excerpt":{"rendered":"<p>O presidente da Ucr\u00e2nia disse ter esperan\u00e7a de que a Organiza\u00e7\u00e3o do Tratado do Atl\u00e2ntico Norte (Otan) envie embarca\u00e7\u00f5es ao mar de Azov ap\u00f3s o incidente de domingo (25) quando a R\u00fassia capturou tr\u00eas barcos ucranianos e feriu v\u00e1rios tripulantes no estreito de Kerch. O Kremlin criticou a declara\u00e7\u00e3o. &#8220;A Alemanha \u00e9 um de nossos [&hellip;]<\/p>\n","protected":false},"author":2,"featured_media":196413,"comment_status":"closed","ping_status":"closed","sticky":false,"template":"","format":"standard","meta":{"_acf_changed":false,"footnotes":""},"categories":[17],"tags":[],"class_list":["post-196412","post","type-post","status-publish","format-standard","has-post-thumbnail","hentry","category-mundo"],"acf":[],"yoast_head":"<!-- This site is optimized with the Yoast SEO plugin v27.2 - https:\/\/yoast.com\/product\/yoast-seo-wordpress\/ -->\n<title>Ucr\u00e2nia pede que Otan eleve tom de voz contra a R\u00fassia - Notibras<\/title>\n<meta name=\"robots\" content=\"index, follow, max-snippet:-1, max-image-preview:large, max-video-preview:-1\" \/>\n<link rel=\"canonical\" href=\"https:\/\/www.notibras.com\/site\/ucrania-pede-que-otan-eleve-tom-de-voz-contra-a-russia\/\" \/>\n<meta property=\"og:locale\" content=\"pt_BR\" \/>\n<meta property=\"og:type\" content=\"article\" \/>\n<meta property=\"og:title\" content=\"Ucr\u00e2nia pede que Otan eleve tom de voz contra a R\u00fassia - Notibras\" \/>\n<meta property=\"og:description\" content=\"O presidente da Ucr\u00e2nia disse ter esperan\u00e7a de que a Organiza\u00e7\u00e3o do Tratado do Atl\u00e2ntico Norte (Otan) envie embarca\u00e7\u00f5es ao mar de Azov ap\u00f3s o incidente de domingo (25) quando a R\u00fassia capturou tr\u00eas barcos ucranianos e feriu v\u00e1rios tripulantes no estreito de Kerch. O Kremlin criticou a declara\u00e7\u00e3o. &#8220;A Alemanha \u00e9 um de nossos [&hellip;]\" \/>\n<meta property=\"og:url\" content=\"https:\/\/www.notibras.com\/site\/ucrania-pede-que-otan-eleve-tom-de-voz-contra-a-russia\/\" \/>\n<meta property=\"og:site_name\" content=\"Notibras\" \/>\n<meta property=\"article:publisher\" content=\"https:\/\/www.facebook.com\/notibras\/\" \/>\n<meta property=\"article:published_time\" content=\"2018-11-30T07:49:35+00:00\" \/>\n<meta property=\"article:modified_time\" content=\"2018-11-30T08:52:15+00:00\" \/>\n<meta property=\"og:image\" content=\"https:\/\/www.notibras.com\/site\/wp-content\/uploads\/2018\/11\/poroshenko.jpg\" \/>\n\t<meta property=\"og:image:width\" content=\"1000\" \/>\n\t<meta property=\"og:image:height\" content=\"805\" \/>\n\t<meta property=\"og:image:type\" content=\"image\/jpeg\" \/>\n<meta name=\"author\" content=\"Reda\u00e7\u00e3o\" \/>\n<meta name=\"twitter:card\" content=\"summary_large_image\" \/>\n<meta name=\"twitter:creator\" content=\"@Notibras\" \/>\n<meta name=\"twitter:site\" content=\"@Notibras\" \/>\n<meta name=\"twitter:label1\" content=\"Escrito por\" \/>\n\t<meta name=\"twitter:data1\" content=\"Reda\u00e7\u00e3o\" \/>\n\t<meta name=\"twitter:label2\" content=\"Est. tempo de leitura\" \/>\n\t<meta name=\"twitter:data2\" content=\"2 minutos\" \/>\n<script type=\"application\/ld+json\" class=\"yoast-schema-graph\">{\"@context\":\"https:\/\/schema.org\",\"@graph\":[{\"@type\":\"Article\",\"@id\":\"https:\/\/www.notibras.com\/site\/ucrania-pede-que-otan-eleve-tom-de-voz-contra-a-russia\/#article\",\"isPartOf\":{\"@id\":\"https:\/\/www.notibras.com\/site\/ucrania-pede-que-otan-eleve-tom-de-voz-contra-a-russia\/\"},\"author\":{\"name\":\"Reda\u00e7\u00e3o\",\"@id\":\"https:\/\/www.notibras.com\/site\/#\/schema\/person\/36ab0979449956132d3e5b517ea76ac8\"},\"headline\":\"Ucr\u00e2nia pede que Otan eleve tom de voz contra a R\u00fassia\",\"datePublished\":\"2018-11-30T07:49:35+00:00\",\"dateModified\":\"2018-11-30T08:52:15+00:00\",\"mainEntityOfPage\":{\"@id\":\"https:\/\/www.notibras.com\/site\/ucrania-pede-que-otan-eleve-tom-de-voz-contra-a-russia\/\"},\"wordCount\":369,\"publisher\":{\"@id\":\"https:\/\/www.notibras.com\/site\/#organization\"},\"image\":{\"@id\":\"https:\/\/www.notibras.com\/site\/ucrania-pede-que-otan-eleve-tom-de-voz-contra-a-russia\/#primaryimage\"},\"thumbnailUrl\":\"https:\/\/www.notibras.com\/site\/wp-content\/uploads\/2018\/11\/poroshenko.jpg\",\"articleSection\":[\"Mundo\"],\"inLanguage\":\"pt-BR\"},{\"@type\":\"WebPage\",\"@id\":\"https:\/\/www.notibras.com\/site\/ucrania-pede-que-otan-eleve-tom-de-voz-contra-a-russia\/\",\"url\":\"https:\/\/www.notibras.com\/site\/ucrania-pede-que-otan-eleve-tom-de-voz-contra-a-russia\/\",\"name\":\"Ucr\u00e2nia pede que Otan eleve tom de voz contra a R\u00fassia - Notibras\",\"isPartOf\":{\"@id\":\"https:\/\/www.notibras.com\/site\/#website\"},\"primaryImageOfPage\":{\"@id\":\"https:\/\/www.notibras.com\/site\/ucrania-pede-que-otan-eleve-tom-de-voz-contra-a-russia\/#primaryimage\"},\"image\":{\"@id\":\"https:\/\/www.notibras.com\/site\/ucrania-pede-que-otan-eleve-tom-de-voz-contra-a-russia\/#primaryimage\"},\"thumbnailUrl\":\"https:\/\/www.notibras.com\/site\/wp-content\/uploads\/2018\/11\/poroshenko.jpg\",\"datePublished\":\"2018-11-30T07:49:35+00:00\",\"dateModified\":\"2018-11-30T08:52:15+00:00\",\"breadcrumb\":{\"@id\":\"https:\/\/www.notibras.com\/site\/ucrania-pede-que-otan-eleve-tom-de-voz-contra-a-russia\/#breadcrumb\"},\"inLanguage\":\"pt-BR\",\"potentialAction\":[{\"@type\":\"ReadAction\",\"target\":[\"https:\/\/www.notibras.com\/site\/ucrania-pede-que-otan-eleve-tom-de-voz-contra-a-russia\/\"]}]},{\"@type\":\"ImageObject\",\"inLanguage\":\"pt-BR\",\"@id\":\"https:\/\/www.notibras.com\/site\/ucrania-pede-que-otan-eleve-tom-de-voz-contra-a-russia\/#primaryimage\",\"url\":\"https:\/\/www.notibras.com\/site\/wp-content\/uploads\/2018\/11\/poroshenko.jpg\",\"contentUrl\":\"https:\/\/www.notibras.com\/site\/wp-content\/uploads\/2018\/11\/poroshenko.jpg\",\"width\":1000,\"height\":805,\"caption\":\"Foto\/Arquivo Notibras\"},{\"@type\":\"BreadcrumbList\",\"@id\":\"https:\/\/www.notibras.com\/site\/ucrania-pede-que-otan-eleve-tom-de-voz-contra-a-russia\/#breadcrumb\",\"itemListElement\":[{\"@type\":\"ListItem\",\"position\":1,\"name\":\"In\u00edcio\",\"item\":\"https:\/\/www.notibras.com\/site\/\"},{\"@type\":\"ListItem\",\"position\":2,\"name\":\"Ucr\u00e2nia pede que Otan eleve tom de voz contra a R\u00fassia\"}]},{\"@type\":\"WebSite\",\"@id\":\"https:\/\/www.notibras.com\/site\/#website\",\"url\":\"https:\/\/www.notibras.com\/site\/\",\"name\":\"Notibras\",\"description\":\"Not\u00edcias de Bras\u00edlia, do Brasil e do Mundo\",\"publisher\":{\"@id\":\"https:\/\/www.notibras.com\/site\/#organization\"},\"potentialAction\":[{\"@type\":\"SearchAction\",\"target\":{\"@type\":\"EntryPoint\",\"urlTemplate\":\"https:\/\/www.notibras.com\/site\/?s={search_term_string}\"},\"query-input\":{\"@type\":\"PropertyValueSpecification\",\"valueRequired\":true,\"valueName\":\"search_term_string\"}}],\"inLanguage\":\"pt-BR\"},{\"@type\":\"Organization\",\"@id\":\"https:\/\/www.notibras.com\/site\/#organization\",\"name\":\"Grupo Notibras de Comunica\u00e7\u00e3o\",\"url\":\"https:\/\/www.notibras.com\/site\/\",\"logo\":{\"@type\":\"ImageObject\",\"inLanguage\":\"pt-BR\",\"@id\":\"https:\/\/www.notibras.com\/site\/#\/schema\/logo\/image\/\",\"url\":\"https:\/\/www.notibras.com\/site\/wp-content\/uploads\/2023\/01\/notibras23.png\",\"contentUrl\":\"https:\/\/www.notibras.com\/site\/wp-content\/uploads\/2023\/01\/notibras23.png\",\"width\":350,\"height\":87,\"caption\":\"Grupo Notibras de Comunica\u00e7\u00e3o\"},\"image\":{\"@id\":\"https:\/\/www.notibras.com\/site\/#\/schema\/logo\/image\/\"},\"sameAs\":[\"https:\/\/www.facebook.com\/notibras\/\",\"https:\/\/x.com\/Notibras\",\"https:\/\/www.instagram.com\/notibras\/\"]},{\"@type\":\"Person\",\"@id\":\"https:\/\/www.notibras.com\/site\/#\/schema\/person\/36ab0979449956132d3e5b517ea76ac8\",\"name\":\"Reda\u00e7\u00e3o\",\"image\":{\"@type\":\"ImageObject\",\"inLanguage\":\"pt-BR\",\"@id\":\"https:\/\/secure.gravatar.com\/avatar\/e0a867bdedb85fd243eadf09663511f96fc81e0720a4a42581f334ad4303aa6b?s=96&d=mm&r=g\",\"url\":\"https:\/\/secure.gravatar.com\/avatar\/e0a867bdedb85fd243eadf09663511f96fc81e0720a4a42581f334ad4303aa6b?s=96&d=mm&r=g\",\"contentUrl\":\"https:\/\/secure.gravatar.com\/avatar\/e0a867bdedb85fd243eadf09663511f96fc81e0720a4a42581f334ad4303aa6b?s=96&d=mm&r=g\",\"caption\":\"Reda\u00e7\u00e3o\"}}]}<\/script>\n<!-- \/ Yoast SEO plugin. -->","yoast_head_json":{"title":"Ucr\u00e2nia pede que Otan eleve tom de voz contra a R\u00fassia - Notibras","robots":{"index":"index","follow":"follow","max-snippet":"max-snippet:-1","max-image-preview":"max-image-preview:large","max-video-preview":"max-video-preview:-1"},"canonical":"https:\/\/www.notibras.com\/site\/ucrania-pede-que-otan-eleve-tom-de-voz-contra-a-russia\/","og_locale":"pt_BR","og_type":"article","og_title":"Ucr\u00e2nia pede que Otan eleve tom de voz contra a R\u00fassia - Notibras","og_description":"O presidente da Ucr\u00e2nia disse ter esperan\u00e7a de que a Organiza\u00e7\u00e3o do Tratado do Atl\u00e2ntico Norte (Otan) envie embarca\u00e7\u00f5es ao mar de Azov ap\u00f3s o incidente de domingo (25) quando a R\u00fassia capturou tr\u00eas barcos ucranianos e feriu v\u00e1rios tripulantes no estreito de Kerch. O Kremlin criticou a declara\u00e7\u00e3o. &#8220;A Alemanha \u00e9 um de nossos [&hellip;]","og_url":"https:\/\/www.notibras.com\/site\/ucrania-pede-que-otan-eleve-tom-de-voz-contra-a-russia\/","og_site_name":"Notibras","article_publisher":"https:\/\/www.facebook.com\/notibras\/","article_published_time":"2018-11-30T07:49:35+00:00","article_modified_time":"2018-11-30T08:52:15+00:00","og_image":[{"width":1000,"height":805,"url":"https:\/\/www.notibras.com\/site\/wp-content\/uploads\/2018\/11\/poroshenko.jpg","type":"image\/jpeg"}],"author":"Reda\u00e7\u00e3o","twitter_card":"summary_large_image","twitter_creator":"@Notibras","twitter_site":"@Notibras","twitter_misc":{"Escrito por":"Reda\u00e7\u00e3o","Est. tempo de leitura":"2 minutos"},"schema":{"@context":"https:\/\/schema.org","@graph":[{"@type":"Article","@id":"https:\/\/www.notibras.com\/site\/ucrania-pede-que-otan-eleve-tom-de-voz-contra-a-russia\/#article","isPartOf":{"@id":"https:\/\/www.notibras.com\/site\/ucrania-pede-que-otan-eleve-tom-de-voz-contra-a-russia\/"},"author":{"name":"Reda\u00e7\u00e3o","@id":"https:\/\/www.notibras.com\/site\/#\/schema\/person\/36ab0979449956132d3e5b517ea76ac8"},"headline":"Ucr\u00e2nia pede que Otan eleve tom de voz contra a R\u00fassia","datePublished":"2018-11-30T07:49:35+00:00","dateModified":"2018-11-30T08:52:15+00:00","mainEntityOfPage":{"@id":"https:\/\/www.notibras.com\/site\/ucrania-pede-que-otan-eleve-tom-de-voz-contra-a-russia\/"},"wordCount":369,"publisher":{"@id":"https:\/\/www.notibras.com\/site\/#organization"},"image":{"@id":"https:\/\/www.notibras.com\/site\/ucrania-pede-que-otan-eleve-tom-de-voz-contra-a-russia\/#primaryimage"},"thumbnailUrl":"https:\/\/www.notibras.com\/site\/wp-content\/uploads\/2018\/11\/poroshenko.jpg","articleSection":["Mundo"],"inLanguage":"pt-BR"},{"@type":"WebPage","@id":"https:\/\/www.notibras.com\/site\/ucrania-pede-que-otan-eleve-tom-de-voz-contra-a-russia\/","url":"https:\/\/www.notibras.com\/site\/ucrania-pede-que-otan-eleve-tom-de-voz-contra-a-russia\/","name":"Ucr\u00e2nia pede que Otan eleve tom de voz contra a R\u00fassia - Notibras","isPartOf":{"@id":"https:\/\/www.notibras.com\/site\/#website"},"primaryImageOfPage":{"@id":"https:\/\/www.notibras.com\/site\/ucrania-pede-que-otan-eleve-tom-de-voz-contra-a-russia\/#primaryimage"},"image":{"@id":"https:\/\/www.notibras.com\/site\/ucrania-pede-que-otan-eleve-tom-de-voz-contra-a-russia\/#primaryimage"},"thumbnailUrl":"https:\/\/www.notibras.com\/site\/wp-content\/uploads\/2018\/11\/poroshenko.jpg","datePublished":"2018-11-30T07:49:35+00:00","dateModified":"2018-11-30T08:52:15+00:00","breadcrumb":{"@id":"https:\/\/www.notibras.com\/site\/ucrania-pede-que-otan-eleve-tom-de-voz-contra-a-russia\/#breadcrumb"},"inLanguage":"pt-BR","potentialAction":[{"@type":"ReadAction","target":["https:\/\/www.notibras.com\/site\/ucrania-pede-que-otan-eleve-tom-de-voz-contra-a-russia\/"]}]},{"@type":"ImageObject","inLanguage":"pt-BR","@id":"https:\/\/www.notibras.com\/site\/ucrania-pede-que-otan-eleve-tom-de-voz-contra-a-russia\/#primaryimage","url":"https:\/\/www.notibras.com\/site\/wp-content\/uploads\/2018\/11\/poroshenko.jpg","contentUrl":"https:\/\/www.notibras.com\/site\/wp-content\/uploads\/2018\/11\/poroshenko.jpg","width":1000,"height":805,"caption":"Foto\/Arquivo Notibras"},{"@type":"BreadcrumbList","@id":"https:\/\/www.notibras.com\/site\/ucrania-pede-que-otan-eleve-tom-de-voz-contra-a-russia\/#breadcrumb","itemListElement":[{"@type":"ListItem","position":1,"name":"In\u00edcio","item":"https:\/\/www.notibras.com\/site\/"},{"@type":"ListItem","position":2,"name":"Ucr\u00e2nia pede que Otan eleve tom de voz contra a R\u00fassia"}]},{"@type":"WebSite","@id":"https:\/\/www.notibras.com\/site\/#website","url":"https:\/\/www.notibras.com\/site\/","name":"Notibras","description":"Not\u00edcias de Bras\u00edlia, do Brasil e do Mundo","publisher":{"@id":"https:\/\/www.notibras.com\/site\/#organization"},"potentialAction":[{"@type":"SearchAction","target":{"@type":"EntryPoint","urlTemplate":"https:\/\/www.notibras.com\/site\/?s={search_term_string}"},"query-input":{"@type":"PropertyValueSpecification","valueRequired":true,"valueName":"search_term_string"}}],"inLanguage":"pt-BR"},{"@type":"Organization","@id":"https:\/\/www.notibras.com\/site\/#organization","name":"Grupo Notibras de Comunica\u00e7\u00e3o","url":"https:\/\/www.notibras.com\/site\/","logo":{"@type":"ImageObject","inLanguage":"pt-BR","@id":"https:\/\/www.notibras.com\/site\/#\/schema\/logo\/image\/","url":"https:\/\/www.notibras.com\/site\/wp-content\/uploads\/2023\/01\/notibras23.png","contentUrl":"https:\/\/www.notibras.com\/site\/wp-content\/uploads\/2023\/01\/notibras23.png","width":350,"height":87,"caption":"Grupo Notibras de Comunica\u00e7\u00e3o"},"image":{"@id":"https:\/\/www.notibras.com\/site\/#\/schema\/logo\/image\/"},"sameAs":["https:\/\/www.facebook.com\/notibras\/","https:\/\/x.com\/Notibras","https:\/\/www.instagram.com\/notibras\/"]},{"@type":"Person","@id":"https:\/\/www.notibras.com\/site\/#\/schema\/person\/36ab0979449956132d3e5b517ea76ac8","name":"Reda\u00e7\u00e3o","image":{"@type":"ImageObject","inLanguage":"pt-BR","@id":"https:\/\/secure.gravatar.com\/avatar\/e0a867bdedb85fd243eadf09663511f96fc81e0720a4a42581f334ad4303aa6b?s=96&d=mm&r=g","url":"https:\/\/secure.gravatar.com\/avatar\/e0a867bdedb85fd243eadf09663511f96fc81e0720a4a42581f334ad4303aa6b?s=96&d=mm&r=g","contentUrl":"https:\/\/secure.gravatar.com\/avatar\/e0a867bdedb85fd243eadf09663511f96fc81e0720a4a42581f334ad4303aa6b?s=96&d=mm&r=g","caption":"Reda\u00e7\u00e3o"}}]}},"amp_enabled":true,"_links":{"self":[{"href":"https:\/\/www.notibras.com\/site\/wp-json\/wp\/v2\/posts\/196412","targetHints":{"allow":["GET"]}}],"collection":[{"href":"https:\/\/www.notibras.com\/site\/wp-json\/wp\/v2\/posts"}],"about":[{"href":"https:\/\/www.notibras.com\/site\/wp-json\/wp\/v2\/types\/post"}],"author":[{"embeddable":true,"href":"https:\/\/www.notibras.com\/site\/wp-json\/wp\/v2\/users\/2"}],"replies":[{"embeddable":true,"href":"https:\/\/www.notibras.com\/site\/wp-json\/wp\/v2\/comments?post=196412"}],"version-history":[{"count":1,"href":"https:\/\/www.notibras.com\/site\/wp-json\/wp\/v2\/posts\/196412\/revisions"}],"predecessor-version":[{"id":196414,"href":"https:\/\/www.notibras.com\/site\/wp-json\/wp\/v2\/posts\/196412\/revisions\/196414"}],"wp:featuredmedia":[{"embeddable":true,"href":"https:\/\/www.notibras.com\/site\/wp-json\/wp\/v2\/media\/196413"}],"wp:attachment":[{"href":"https:\/\/www.notibras.com\/site\/wp-json\/wp\/v2\/media?parent=196412"}],"wp:term":[{"taxonomy":"category","embeddable":true,"href":"https:\/\/www.notibras.com\/site\/wp-json\/wp\/v2\/categories?post=196412"},{"taxonomy":"post_tag","embeddable":true,"href":"https:\/\/www.notibras.com\/site\/wp-json\/wp\/v2\/tags?post=196412"}],"curies":[{"name":"wp","href":"https:\/\/api.w.org\/{rel}","templated":true}]}}