{"id":19655,"date":"2014-08-15T15:39:58","date_gmt":"2014-08-15T18:39:58","guid":{"rendered":"http:\/\/www.notibras.com\/site\/?p=19655"},"modified":"2014-08-16T08:07:33","modified_gmt":"2014-08-16T11:07:33","slug":"industria-vai-parando-e-atividade-economica-tem-queda-de-12","status":"publish","type":"post","link":"https:\/\/www.notibras.com\/site\/industria-vai-parando-e-atividade-economica-tem-queda-de-12\/","title":{"rendered":"Ind\u00fastria vai parando. E atividade econ\u00f4mica registra queda de 1,2%"},"content":{"rendered":"<p>A atividade econ\u00f4mica registrou queda no segundo trimestre deste ano. De acordo com o \u00cdndice de Atividade Econ\u00f4mica do Banco Central (IBC-Br) dessazonalizado (ajustado para o per\u00edodo) houve queda de 1,2%, comparado com o per\u00edodo de janeiro a mar\u00e7o deste ano.<\/p>\n<p>Em rela\u00e7\u00e3o ao segundo trimestre de 2013, a queda ficou em 1,54%, segundo os dados sem ajustes, j\u00e1 que a compara\u00e7\u00e3o \u00e9 feita entre per\u00edodos iguais.<\/p>\n<p>Em junho, o IBC-Br tamb\u00e9m registrou queda, de 1,48%, na compara\u00e7\u00e3o com maio (dado dessazonalizados). Essa foi a maior retra\u00e7\u00e3o desde maio de 2013, quando o \u00edndice caiu 1,68%. No primeiro semestre, houve expans\u00e3o de 0,13% e em 12 meses encerrados em junho, de 1,5%. De acordo com o dado dessazonalizado, a expans\u00e3o em 12 meses ficou em 1,41%.<\/p>\n<p>O IBC-Br \u00e9 uma forma de avaliar a evolu\u00e7\u00e3o da atividade econ\u00f4mica brasileira. O \u00edndice incorpora informa\u00e7\u00f5es sobre o n\u00edvel de atividade dos tr\u00eas setores da economia: ind\u00fastria, com\u00e9rcio e servi\u00e7os e agropecu\u00e1ria.<\/p>\n<p><strong>Kelly Oliveira, ABr <\/strong><\/p>\n","protected":false},"excerpt":{"rendered":"<p>A atividade econ\u00f4mica registrou queda no segundo trimestre deste ano. De acordo com o \u00cdndice de Atividade Econ\u00f4mica do Banco Central (IBC-Br) dessazonalizado (ajustado para o per\u00edodo) houve queda de 1,2%, comparado com o per\u00edodo de janeiro a mar\u00e7o deste ano. Em rela\u00e7\u00e3o ao segundo trimestre de 2013, a queda ficou em 1,54%, segundo os [&hellip;]<\/p>\n","protected":false},"author":2,"featured_media":19656,"comment_status":"open","ping_status":"closed","sticky":false,"template":"","format":"standard","meta":{"_acf_changed":false,"footnotes":""},"categories":[16],"tags":[],"class_list":["post-19655","post","type-post","status-publish","format-standard","has-post-thumbnail","hentry","category-brasil"],"acf":[],"_links":{"self":[{"href":"https:\/\/www.notibras.com\/site\/wp-json\/wp\/v2\/posts\/19655","targetHints":{"allow":["GET"]}}],"collection":[{"href":"https:\/\/www.notibras.com\/site\/wp-json\/wp\/v2\/posts"}],"about":[{"href":"https:\/\/www.notibras.com\/site\/wp-json\/wp\/v2\/types\/post"}],"author":[{"embeddable":true,"href":"https:\/\/www.notibras.com\/site\/wp-json\/wp\/v2\/users\/2"}],"replies":[{"embeddable":true,"href":"https:\/\/www.notibras.com\/site\/wp-json\/wp\/v2\/comments?post=19655"}],"version-history":[{"count":0,"href":"https:\/\/www.notibras.com\/site\/wp-json\/wp\/v2\/posts\/19655\/revisions"}],"wp:featuredmedia":[{"embeddable":true,"href":"https:\/\/www.notibras.com\/site\/wp-json\/wp\/v2\/media\/19656"}],"wp:attachment":[{"href":"https:\/\/www.notibras.com\/site\/wp-json\/wp\/v2\/media?parent=19655"}],"wp:term":[{"taxonomy":"category","embeddable":true,"href":"https:\/\/www.notibras.com\/site\/wp-json\/wp\/v2\/categories?post=19655"},{"taxonomy":"post_tag","embeddable":true,"href":"https:\/\/www.notibras.com\/site\/wp-json\/wp\/v2\/tags?post=19655"}],"curies":[{"name":"wp","href":"https:\/\/api.w.org\/{rel}","templated":true}]}}