{"id":19676,"date":"2014-08-15T19:56:39","date_gmt":"2014-08-15T22:56:39","guid":{"rendered":"http:\/\/www.notibras.com\/site\/?p=19676"},"modified":"2014-08-15T21:13:04","modified_gmt":"2014-08-16T00:13:04","slug":"jo-soares-tem-alta-apos-21-dias-internado-em-sao-paulo","status":"publish","type":"post","link":"https:\/\/www.notibras.com\/site\/jo-soares-tem-alta-apos-21-dias-internado-em-sao-paulo\/","title":{"rendered":"J\u00f4 Soares tem alta ap\u00f3s ficar 21 dias internado em SP"},"content":{"rendered":"<p style=\"color: #000000;\">J\u00f4 Soares recebeu alta do Hospital Sirio Liban\u00eas, em S\u00e3o Paulo, nesta sexta-feira, dia 15, por volta das 18h40. O apresentador de 76 anos estava internado com infec\u00e7\u00e3o pulmonar desde o dia 25 de julho. Ele j\u00e1 est\u00e1 em sua casa no bairro paulistano de Higien\u00f3polis.<\/p>\n<blockquote>\n<p style=\"color: #000000;\">&#8211; J\u00f4 est\u00e1 com a corda toda, querendo trabalhar e marcar reuni\u00e3o &#8211; diz a produtora Anne Porlan, do &#8220;Programa do J\u00f4&#8221;.<\/p>\n<\/blockquote>\n<p style=\"color: #000000;\">Segundo Anne, ele deve passar as duas pr\u00f3ximas semanas em casa de repouso, e s\u00f3 ent\u00e3o volta a gravar programas in\u00e9ditos. Nos \u00faltimos dias de interna\u00e7\u00e3o, J\u00f4 fez fisioterapia e chegou a se exercitar em uma bicicleta ergom\u00e9trica.<\/p>\n","protected":false},"excerpt":{"rendered":"<p>J\u00f4 Soares recebeu alta do Hospital Sirio Liban\u00eas, em S\u00e3o Paulo, nesta sexta-feira, dia 15, por volta das 18h40. O apresentador de 76 anos estava internado com infec\u00e7\u00e3o pulmonar desde o dia 25 de julho. Ele j\u00e1 est\u00e1 em sua casa no bairro paulistano de Higien\u00f3polis. &#8211; J\u00f4 est\u00e1 com a corda toda, querendo trabalhar [&hellip;]<\/p>\n","protected":false},"author":1,"featured_media":19677,"comment_status":"open","ping_status":"closed","sticky":false,"template":"","format":"standard","meta":{"_acf_changed":false,"footnotes":""},"categories":[16],"tags":[],"class_list":["post-19676","post","type-post","status-publish","format-standard","has-post-thumbnail","hentry","category-brasil"],"acf":[],"_links":{"self":[{"href":"https:\/\/www.notibras.com\/site\/wp-json\/wp\/v2\/posts\/19676","targetHints":{"allow":["GET"]}}],"collection":[{"href":"https:\/\/www.notibras.com\/site\/wp-json\/wp\/v2\/posts"}],"about":[{"href":"https:\/\/www.notibras.com\/site\/wp-json\/wp\/v2\/types\/post"}],"author":[{"embeddable":true,"href":"https:\/\/www.notibras.com\/site\/wp-json\/wp\/v2\/users\/1"}],"replies":[{"embeddable":true,"href":"https:\/\/www.notibras.com\/site\/wp-json\/wp\/v2\/comments?post=19676"}],"version-history":[{"count":0,"href":"https:\/\/www.notibras.com\/site\/wp-json\/wp\/v2\/posts\/19676\/revisions"}],"wp:featuredmedia":[{"embeddable":true,"href":"https:\/\/www.notibras.com\/site\/wp-json\/wp\/v2\/media\/19677"}],"wp:attachment":[{"href":"https:\/\/www.notibras.com\/site\/wp-json\/wp\/v2\/media?parent=19676"}],"wp:term":[{"taxonomy":"category","embeddable":true,"href":"https:\/\/www.notibras.com\/site\/wp-json\/wp\/v2\/categories?post=19676"},{"taxonomy":"post_tag","embeddable":true,"href":"https:\/\/www.notibras.com\/site\/wp-json\/wp\/v2\/tags?post=19676"}],"curies":[{"name":"wp","href":"https:\/\/api.w.org\/{rel}","templated":true}]}}