{"id":197250,"date":"2018-12-14T09:40:34","date_gmt":"2018-12-14T11:40:34","guid":{"rendered":"https:\/\/www.notibras.com\/site\/?p=197250"},"modified":"2018-12-14T09:40:34","modified_gmt":"2018-12-14T11:40:34","slug":"jacob-do-bandolim-100-anos-e-naquela-mesa-continua-faltando-ele","status":"publish","type":"post","link":"https:\/\/www.notibras.com\/site\/jacob-do-bandolim-100-anos-e-naquela-mesa-continua-faltando-ele\/","title":{"rendered":"Jacob do Bandolim, 100 anos. E naquela mesa continua faltando ele"},"content":{"rendered":"<p>E Jacob criou Joel, Paulinho, Henrique, Iza\u00edas, seus chor\u00f5es e toda uma linhagem de homens que tiveram filhos banhados em suas \u00e1guas. Vieram Fabio, Hamilton, Henrique, Yamand\u00fa &#8211; e tudo leva a crer que outra gera\u00e7\u00e3o chegar\u00e1 em seu nome, e depois outra. E outra. Seria b\u00edblico se n\u00e3o fosse cient\u00edfico.<\/p>\n<p>H\u00e1 cem anos, o homem que definiu as fronteiras el\u00e1sticas do choro como linguagem nascia simbolicamente no bairro da Lapa, no Rio, filho de um capixaba, Francisco Gomes Bittencourt, e de uma judia polonesa, Raquel Pick. Algu\u00e9m que jamais deixaria de buscar os melhores resultados em discos lan\u00e7ados entre 1947 e 1967, obcecado pelo acabamento, pela qualidade e pela limpeza est\u00e9tica, faria a maior escola em seu instrumento.<\/p>\n<p>O criador que tinha o bandolim como pe\u00e7a que ligava o mundo interior ao exterior com uma riqueza verbal das mais profundas n\u00e3o envelhece. &#8220;Ele deixou a discografia mais perfeita de um solista da m\u00fasica brasileira&#8221;, diz Henrique Cazes.<\/p>\n<p>Cavaquinhista, violonista e pesquisador de m\u00fasica brasileira, Cazes \u00e9 coprodutor do \u00e1lbum Jacob do Bandolim 100 Anos &#8211; Sentimento e Balan\u00e7o ao lado de Carlos Alberto Sion, que o Selo Sesc coloca \u00e0s vistas neste final de ano. Um \u00e1lbum de acabamento sublime, como gostava Jacob, e que promove um grande encontro entre linguagens de duas pontas geracionais do bandolim igualmente influenciadas pelo criador de Vibra\u00e7\u00f5es, Doce de Coco e Noites Cariocas.<\/p>\n<p>De um lado, Joel Nascimento, 81 anos, uma das \u00faltimas refer\u00eancias de sua era no choro. Do outro, Fabio Peron, de pensamento modernizador e desenhos \u00e1geis, vigorosos, envolventes. As duas escolas ali, unidas por um homem que j\u00e1 tocava com uma das m\u00e3os na tradi\u00e7\u00e3o e outra no que um dia seria objeto de desejo dos mais jovens: o virtuosismo. &#8220;Embora tivesse um discurso muito conservador, dizendo que a harmonia deveria ser sempre quadrada, ele mesmo n\u00e3o praticava isso&#8221;, diz Henrique &#8220;Seu discurso, no final, era mais conservador do que a pr\u00e1tica &#8221;<\/p>\n<p>Assim, a pureza de Jacob, pelas m\u00e3os de Joel e Fabio Peron, com o centro criado pelas sete cordas do viol\u00e3o de Jo\u00e3o Camarero (um pr\u00f3ximo \u00e1s que as rodas j\u00e1 conhecem bem, um talento irrefre\u00e1vel), o pandeiro de Beto Cazes (irm\u00e3o de Henrique), e m\u00fasicos convidados, como o Silv\u00e9rio Pontes e Rog\u00e9rio Caetano (outro grande das sete cordas de a\u00e7o), aparece em temas como Vibra\u00e7\u00f5es, Bola Preta, Por Que Sonhar?, Gostosinho, Doce de Coco, Dolente, P\u00e9 de Moleque e Noites Cariocas.<\/p>\n<p>O coprodutor e diretor art\u00edstico Carlos Alberto Sion fala do que percebe ao liderar um projeto como esse: &#8220;Jacob imprimiu, com o bandolim criado por ele, um toque de qualidade na m\u00fasica instrumental brasileira do s\u00e9culo passado tirando a ran\u00e7o de &#8216;coisa de cabar\u00e9&#8217; ou de &#8216;sarau dos elegantes da \u00e9poca&#8217;.&#8221;<\/p>\n<p>Sua identidade se forma, diz Sion, &#8220;por cultura e forma\u00e7\u00e3o musical influenciada pela m\u00e3e europeia, que permitiu que o choro, hoje, fosse considerado, por seus in\u00fameros recursos de improvisa\u00e7\u00e3o, o jazz brasileiro.&#8221;<\/p>\n<p>Se era em discurso um conservador, Jacob n\u00e3o poupava riscos em suas composi\u00e7\u00f5es. Quando uma nova safra de instrumentistas surge, h\u00e1 coisa de 15 anos, isso fica claro. Em nome do m\u00fasico, eles levam as possibilidades do instrumento ao limite m\u00e1ximo.<\/p>\n<p>Hamilton de Holanda aproveitou o ano do centen\u00e1rio de Jacob e lan\u00e7ou logo uma caixa. Hamilton de Holanda toca Jacob do Bandolim traz quatro \u00e1lbuns, Jacob Black, Jacob Bossa, Jacob Jazz e Jacob Baby. Os tradicionalistas que interpretavam os prov\u00e9rbios de Jacob do Bandolim literalmente podem acusar heresias. Os reformistas, jamais.<\/p>\n","protected":false},"excerpt":{"rendered":"<p>E Jacob criou Joel, Paulinho, Henrique, Iza\u00edas, seus chor\u00f5es e toda uma linhagem de homens que tiveram filhos banhados em suas \u00e1guas. Vieram Fabio, Hamilton, Henrique, Yamand\u00fa &#8211; e tudo leva a crer que outra gera\u00e7\u00e3o chegar\u00e1 em seu nome, e depois outra. E outra. Seria b\u00edblico se n\u00e3o fosse cient\u00edfico. H\u00e1 cem anos, o [&hellip;]<\/p>\n","protected":false},"author":2,"featured_media":197251,"comment_status":"closed","ping_status":"closed","sticky":false,"template":"","format":"standard","meta":{"_acf_changed":false,"footnotes":""},"categories":[70],"tags":[],"class_list":["post-197250","post","type-post","status-publish","format-standard","has-post-thumbnail","hentry","category-cultura"],"acf":[],"yoast_head":"<!-- This site is optimized with the Yoast SEO plugin v27.2 - https:\/\/yoast.com\/product\/yoast-seo-wordpress\/ -->\n<title>Jacob do Bandolim, 100 anos. E naquela mesa continua faltando ele - Notibras<\/title>\n<meta name=\"robots\" content=\"index, follow, max-snippet:-1, max-image-preview:large, max-video-preview:-1\" \/>\n<link rel=\"canonical\" href=\"https:\/\/www.notibras.com\/site\/jacob-do-bandolim-100-anos-e-naquela-mesa-continua-faltando-ele\/\" \/>\n<meta property=\"og:locale\" content=\"pt_BR\" \/>\n<meta property=\"og:type\" content=\"article\" \/>\n<meta property=\"og:title\" content=\"Jacob do Bandolim, 100 anos. E naquela mesa continua faltando ele - Notibras\" \/>\n<meta property=\"og:description\" content=\"E Jacob criou Joel, Paulinho, Henrique, Iza\u00edas, seus chor\u00f5es e toda uma linhagem de homens que tiveram filhos banhados em suas \u00e1guas. Vieram Fabio, Hamilton, Henrique, Yamand\u00fa &#8211; e tudo leva a crer que outra gera\u00e7\u00e3o chegar\u00e1 em seu nome, e depois outra. E outra. Seria b\u00edblico se n\u00e3o fosse cient\u00edfico. H\u00e1 cem anos, o [&hellip;]\" \/>\n<meta property=\"og:url\" content=\"https:\/\/www.notibras.com\/site\/jacob-do-bandolim-100-anos-e-naquela-mesa-continua-faltando-ele\/\" \/>\n<meta property=\"og:site_name\" content=\"Notibras\" \/>\n<meta property=\"article:publisher\" content=\"https:\/\/www.facebook.com\/notibras\/\" \/>\n<meta property=\"article:published_time\" content=\"2018-12-14T11:40:34+00:00\" \/>\n<meta property=\"og:image\" content=\"https:\/\/www.notibras.com\/site\/wp-content\/uploads\/2018\/12\/jacob.jpg\" \/>\n\t<meta property=\"og:image:width\" content=\"1280\" \/>\n\t<meta property=\"og:image:height\" content=\"720\" \/>\n\t<meta property=\"og:image:type\" content=\"image\/jpeg\" \/>\n<meta name=\"author\" content=\"Reda\u00e7\u00e3o\" \/>\n<meta name=\"twitter:card\" content=\"summary_large_image\" \/>\n<meta name=\"twitter:creator\" content=\"@Notibras\" \/>\n<meta name=\"twitter:site\" content=\"@Notibras\" \/>\n<meta name=\"twitter:label1\" content=\"Escrito por\" \/>\n\t<meta name=\"twitter:data1\" content=\"Reda\u00e7\u00e3o\" \/>\n\t<meta name=\"twitter:label2\" content=\"Est. tempo de leitura\" \/>\n\t<meta name=\"twitter:data2\" content=\"3 minutos\" \/>\n<script type=\"application\/ld+json\" class=\"yoast-schema-graph\">{\"@context\":\"https:\/\/schema.org\",\"@graph\":[{\"@type\":\"Article\",\"@id\":\"https:\/\/www.notibras.com\/site\/jacob-do-bandolim-100-anos-e-naquela-mesa-continua-faltando-ele\/#article\",\"isPartOf\":{\"@id\":\"https:\/\/www.notibras.com\/site\/jacob-do-bandolim-100-anos-e-naquela-mesa-continua-faltando-ele\/\"},\"author\":{\"name\":\"Reda\u00e7\u00e3o\",\"@id\":\"https:\/\/www.notibras.com\/site\/#\/schema\/person\/36ab0979449956132d3e5b517ea76ac8\"},\"headline\":\"Jacob do Bandolim, 100 anos. E naquela mesa continua faltando ele\",\"datePublished\":\"2018-12-14T11:40:34+00:00\",\"mainEntityOfPage\":{\"@id\":\"https:\/\/www.notibras.com\/site\/jacob-do-bandolim-100-anos-e-naquela-mesa-continua-faltando-ele\/\"},\"wordCount\":631,\"publisher\":{\"@id\":\"https:\/\/www.notibras.com\/site\/#organization\"},\"image\":{\"@id\":\"https:\/\/www.notibras.com\/site\/jacob-do-bandolim-100-anos-e-naquela-mesa-continua-faltando-ele\/#primaryimage\"},\"thumbnailUrl\":\"https:\/\/www.notibras.com\/site\/wp-content\/uploads\/2018\/12\/jacob.jpg\",\"articleSection\":[\"Cultura\"],\"inLanguage\":\"pt-BR\"},{\"@type\":\"WebPage\",\"@id\":\"https:\/\/www.notibras.com\/site\/jacob-do-bandolim-100-anos-e-naquela-mesa-continua-faltando-ele\/\",\"url\":\"https:\/\/www.notibras.com\/site\/jacob-do-bandolim-100-anos-e-naquela-mesa-continua-faltando-ele\/\",\"name\":\"Jacob do Bandolim, 100 anos. E naquela mesa continua faltando ele - Notibras\",\"isPartOf\":{\"@id\":\"https:\/\/www.notibras.com\/site\/#website\"},\"primaryImageOfPage\":{\"@id\":\"https:\/\/www.notibras.com\/site\/jacob-do-bandolim-100-anos-e-naquela-mesa-continua-faltando-ele\/#primaryimage\"},\"image\":{\"@id\":\"https:\/\/www.notibras.com\/site\/jacob-do-bandolim-100-anos-e-naquela-mesa-continua-faltando-ele\/#primaryimage\"},\"thumbnailUrl\":\"https:\/\/www.notibras.com\/site\/wp-content\/uploads\/2018\/12\/jacob.jpg\",\"datePublished\":\"2018-12-14T11:40:34+00:00\",\"breadcrumb\":{\"@id\":\"https:\/\/www.notibras.com\/site\/jacob-do-bandolim-100-anos-e-naquela-mesa-continua-faltando-ele\/#breadcrumb\"},\"inLanguage\":\"pt-BR\",\"potentialAction\":[{\"@type\":\"ReadAction\",\"target\":[\"https:\/\/www.notibras.com\/site\/jacob-do-bandolim-100-anos-e-naquela-mesa-continua-faltando-ele\/\"]}]},{\"@type\":\"ImageObject\",\"inLanguage\":\"pt-BR\",\"@id\":\"https:\/\/www.notibras.com\/site\/jacob-do-bandolim-100-anos-e-naquela-mesa-continua-faltando-ele\/#primaryimage\",\"url\":\"https:\/\/www.notibras.com\/site\/wp-content\/uploads\/2018\/12\/jacob.jpg\",\"contentUrl\":\"https:\/\/www.notibras.com\/site\/wp-content\/uploads\/2018\/12\/jacob.jpg\",\"width\":1280,\"height\":720,\"caption\":\"Foto\/Reprodu\u00e7\u00e3o\"},{\"@type\":\"BreadcrumbList\",\"@id\":\"https:\/\/www.notibras.com\/site\/jacob-do-bandolim-100-anos-e-naquela-mesa-continua-faltando-ele\/#breadcrumb\",\"itemListElement\":[{\"@type\":\"ListItem\",\"position\":1,\"name\":\"In\u00edcio\",\"item\":\"https:\/\/www.notibras.com\/site\/\"},{\"@type\":\"ListItem\",\"position\":2,\"name\":\"Jacob do Bandolim, 100 anos. E naquela mesa continua faltando ele\"}]},{\"@type\":\"WebSite\",\"@id\":\"https:\/\/www.notibras.com\/site\/#website\",\"url\":\"https:\/\/www.notibras.com\/site\/\",\"name\":\"Notibras\",\"description\":\"Not\u00edcias de Bras\u00edlia, do Brasil e do Mundo\",\"publisher\":{\"@id\":\"https:\/\/www.notibras.com\/site\/#organization\"},\"potentialAction\":[{\"@type\":\"SearchAction\",\"target\":{\"@type\":\"EntryPoint\",\"urlTemplate\":\"https:\/\/www.notibras.com\/site\/?s={search_term_string}\"},\"query-input\":{\"@type\":\"PropertyValueSpecification\",\"valueRequired\":true,\"valueName\":\"search_term_string\"}}],\"inLanguage\":\"pt-BR\"},{\"@type\":\"Organization\",\"@id\":\"https:\/\/www.notibras.com\/site\/#organization\",\"name\":\"Grupo Notibras de Comunica\u00e7\u00e3o\",\"url\":\"https:\/\/www.notibras.com\/site\/\",\"logo\":{\"@type\":\"ImageObject\",\"inLanguage\":\"pt-BR\",\"@id\":\"https:\/\/www.notibras.com\/site\/#\/schema\/logo\/image\/\",\"url\":\"https:\/\/www.notibras.com\/site\/wp-content\/uploads\/2023\/01\/notibras23.png\",\"contentUrl\":\"https:\/\/www.notibras.com\/site\/wp-content\/uploads\/2023\/01\/notibras23.png\",\"width\":350,\"height\":87,\"caption\":\"Grupo Notibras de Comunica\u00e7\u00e3o\"},\"image\":{\"@id\":\"https:\/\/www.notibras.com\/site\/#\/schema\/logo\/image\/\"},\"sameAs\":[\"https:\/\/www.facebook.com\/notibras\/\",\"https:\/\/x.com\/Notibras\",\"https:\/\/www.instagram.com\/notibras\/\"]},{\"@type\":\"Person\",\"@id\":\"https:\/\/www.notibras.com\/site\/#\/schema\/person\/36ab0979449956132d3e5b517ea76ac8\",\"name\":\"Reda\u00e7\u00e3o\",\"image\":{\"@type\":\"ImageObject\",\"inLanguage\":\"pt-BR\",\"@id\":\"https:\/\/secure.gravatar.com\/avatar\/e0a867bdedb85fd243eadf09663511f96fc81e0720a4a42581f334ad4303aa6b?s=96&d=mm&r=g\",\"url\":\"https:\/\/secure.gravatar.com\/avatar\/e0a867bdedb85fd243eadf09663511f96fc81e0720a4a42581f334ad4303aa6b?s=96&d=mm&r=g\",\"contentUrl\":\"https:\/\/secure.gravatar.com\/avatar\/e0a867bdedb85fd243eadf09663511f96fc81e0720a4a42581f334ad4303aa6b?s=96&d=mm&r=g\",\"caption\":\"Reda\u00e7\u00e3o\"}}]}<\/script>\n<!-- \/ Yoast SEO plugin. -->","yoast_head_json":{"title":"Jacob do Bandolim, 100 anos. E naquela mesa continua faltando ele - Notibras","robots":{"index":"index","follow":"follow","max-snippet":"max-snippet:-1","max-image-preview":"max-image-preview:large","max-video-preview":"max-video-preview:-1"},"canonical":"https:\/\/www.notibras.com\/site\/jacob-do-bandolim-100-anos-e-naquela-mesa-continua-faltando-ele\/","og_locale":"pt_BR","og_type":"article","og_title":"Jacob do Bandolim, 100 anos. E naquela mesa continua faltando ele - Notibras","og_description":"E Jacob criou Joel, Paulinho, Henrique, Iza\u00edas, seus chor\u00f5es e toda uma linhagem de homens que tiveram filhos banhados em suas \u00e1guas. Vieram Fabio, Hamilton, Henrique, Yamand\u00fa &#8211; e tudo leva a crer que outra gera\u00e7\u00e3o chegar\u00e1 em seu nome, e depois outra. E outra. Seria b\u00edblico se n\u00e3o fosse cient\u00edfico. H\u00e1 cem anos, o [&hellip;]","og_url":"https:\/\/www.notibras.com\/site\/jacob-do-bandolim-100-anos-e-naquela-mesa-continua-faltando-ele\/","og_site_name":"Notibras","article_publisher":"https:\/\/www.facebook.com\/notibras\/","article_published_time":"2018-12-14T11:40:34+00:00","og_image":[{"width":1280,"height":720,"url":"https:\/\/www.notibras.com\/site\/wp-content\/uploads\/2018\/12\/jacob.jpg","type":"image\/jpeg"}],"author":"Reda\u00e7\u00e3o","twitter_card":"summary_large_image","twitter_creator":"@Notibras","twitter_site":"@Notibras","twitter_misc":{"Escrito por":"Reda\u00e7\u00e3o","Est. tempo de leitura":"3 minutos"},"schema":{"@context":"https:\/\/schema.org","@graph":[{"@type":"Article","@id":"https:\/\/www.notibras.com\/site\/jacob-do-bandolim-100-anos-e-naquela-mesa-continua-faltando-ele\/#article","isPartOf":{"@id":"https:\/\/www.notibras.com\/site\/jacob-do-bandolim-100-anos-e-naquela-mesa-continua-faltando-ele\/"},"author":{"name":"Reda\u00e7\u00e3o","@id":"https:\/\/www.notibras.com\/site\/#\/schema\/person\/36ab0979449956132d3e5b517ea76ac8"},"headline":"Jacob do Bandolim, 100 anos. E naquela mesa continua faltando ele","datePublished":"2018-12-14T11:40:34+00:00","mainEntityOfPage":{"@id":"https:\/\/www.notibras.com\/site\/jacob-do-bandolim-100-anos-e-naquela-mesa-continua-faltando-ele\/"},"wordCount":631,"publisher":{"@id":"https:\/\/www.notibras.com\/site\/#organization"},"image":{"@id":"https:\/\/www.notibras.com\/site\/jacob-do-bandolim-100-anos-e-naquela-mesa-continua-faltando-ele\/#primaryimage"},"thumbnailUrl":"https:\/\/www.notibras.com\/site\/wp-content\/uploads\/2018\/12\/jacob.jpg","articleSection":["Cultura"],"inLanguage":"pt-BR"},{"@type":"WebPage","@id":"https:\/\/www.notibras.com\/site\/jacob-do-bandolim-100-anos-e-naquela-mesa-continua-faltando-ele\/","url":"https:\/\/www.notibras.com\/site\/jacob-do-bandolim-100-anos-e-naquela-mesa-continua-faltando-ele\/","name":"Jacob do Bandolim, 100 anos. E naquela mesa continua faltando ele - Notibras","isPartOf":{"@id":"https:\/\/www.notibras.com\/site\/#website"},"primaryImageOfPage":{"@id":"https:\/\/www.notibras.com\/site\/jacob-do-bandolim-100-anos-e-naquela-mesa-continua-faltando-ele\/#primaryimage"},"image":{"@id":"https:\/\/www.notibras.com\/site\/jacob-do-bandolim-100-anos-e-naquela-mesa-continua-faltando-ele\/#primaryimage"},"thumbnailUrl":"https:\/\/www.notibras.com\/site\/wp-content\/uploads\/2018\/12\/jacob.jpg","datePublished":"2018-12-14T11:40:34+00:00","breadcrumb":{"@id":"https:\/\/www.notibras.com\/site\/jacob-do-bandolim-100-anos-e-naquela-mesa-continua-faltando-ele\/#breadcrumb"},"inLanguage":"pt-BR","potentialAction":[{"@type":"ReadAction","target":["https:\/\/www.notibras.com\/site\/jacob-do-bandolim-100-anos-e-naquela-mesa-continua-faltando-ele\/"]}]},{"@type":"ImageObject","inLanguage":"pt-BR","@id":"https:\/\/www.notibras.com\/site\/jacob-do-bandolim-100-anos-e-naquela-mesa-continua-faltando-ele\/#primaryimage","url":"https:\/\/www.notibras.com\/site\/wp-content\/uploads\/2018\/12\/jacob.jpg","contentUrl":"https:\/\/www.notibras.com\/site\/wp-content\/uploads\/2018\/12\/jacob.jpg","width":1280,"height":720,"caption":"Foto\/Reprodu\u00e7\u00e3o"},{"@type":"BreadcrumbList","@id":"https:\/\/www.notibras.com\/site\/jacob-do-bandolim-100-anos-e-naquela-mesa-continua-faltando-ele\/#breadcrumb","itemListElement":[{"@type":"ListItem","position":1,"name":"In\u00edcio","item":"https:\/\/www.notibras.com\/site\/"},{"@type":"ListItem","position":2,"name":"Jacob do Bandolim, 100 anos. E naquela mesa continua faltando ele"}]},{"@type":"WebSite","@id":"https:\/\/www.notibras.com\/site\/#website","url":"https:\/\/www.notibras.com\/site\/","name":"Notibras","description":"Not\u00edcias de Bras\u00edlia, do Brasil e do Mundo","publisher":{"@id":"https:\/\/www.notibras.com\/site\/#organization"},"potentialAction":[{"@type":"SearchAction","target":{"@type":"EntryPoint","urlTemplate":"https:\/\/www.notibras.com\/site\/?s={search_term_string}"},"query-input":{"@type":"PropertyValueSpecification","valueRequired":true,"valueName":"search_term_string"}}],"inLanguage":"pt-BR"},{"@type":"Organization","@id":"https:\/\/www.notibras.com\/site\/#organization","name":"Grupo Notibras de Comunica\u00e7\u00e3o","url":"https:\/\/www.notibras.com\/site\/","logo":{"@type":"ImageObject","inLanguage":"pt-BR","@id":"https:\/\/www.notibras.com\/site\/#\/schema\/logo\/image\/","url":"https:\/\/www.notibras.com\/site\/wp-content\/uploads\/2023\/01\/notibras23.png","contentUrl":"https:\/\/www.notibras.com\/site\/wp-content\/uploads\/2023\/01\/notibras23.png","width":350,"height":87,"caption":"Grupo Notibras de Comunica\u00e7\u00e3o"},"image":{"@id":"https:\/\/www.notibras.com\/site\/#\/schema\/logo\/image\/"},"sameAs":["https:\/\/www.facebook.com\/notibras\/","https:\/\/x.com\/Notibras","https:\/\/www.instagram.com\/notibras\/"]},{"@type":"Person","@id":"https:\/\/www.notibras.com\/site\/#\/schema\/person\/36ab0979449956132d3e5b517ea76ac8","name":"Reda\u00e7\u00e3o","image":{"@type":"ImageObject","inLanguage":"pt-BR","@id":"https:\/\/secure.gravatar.com\/avatar\/e0a867bdedb85fd243eadf09663511f96fc81e0720a4a42581f334ad4303aa6b?s=96&d=mm&r=g","url":"https:\/\/secure.gravatar.com\/avatar\/e0a867bdedb85fd243eadf09663511f96fc81e0720a4a42581f334ad4303aa6b?s=96&d=mm&r=g","contentUrl":"https:\/\/secure.gravatar.com\/avatar\/e0a867bdedb85fd243eadf09663511f96fc81e0720a4a42581f334ad4303aa6b?s=96&d=mm&r=g","caption":"Reda\u00e7\u00e3o"}}]}},"amp_enabled":true,"_links":{"self":[{"href":"https:\/\/www.notibras.com\/site\/wp-json\/wp\/v2\/posts\/197250","targetHints":{"allow":["GET"]}}],"collection":[{"href":"https:\/\/www.notibras.com\/site\/wp-json\/wp\/v2\/posts"}],"about":[{"href":"https:\/\/www.notibras.com\/site\/wp-json\/wp\/v2\/types\/post"}],"author":[{"embeddable":true,"href":"https:\/\/www.notibras.com\/site\/wp-json\/wp\/v2\/users\/2"}],"replies":[{"embeddable":true,"href":"https:\/\/www.notibras.com\/site\/wp-json\/wp\/v2\/comments?post=197250"}],"version-history":[{"count":1,"href":"https:\/\/www.notibras.com\/site\/wp-json\/wp\/v2\/posts\/197250\/revisions"}],"predecessor-version":[{"id":197252,"href":"https:\/\/www.notibras.com\/site\/wp-json\/wp\/v2\/posts\/197250\/revisions\/197252"}],"wp:featuredmedia":[{"embeddable":true,"href":"https:\/\/www.notibras.com\/site\/wp-json\/wp\/v2\/media\/197251"}],"wp:attachment":[{"href":"https:\/\/www.notibras.com\/site\/wp-json\/wp\/v2\/media?parent=197250"}],"wp:term":[{"taxonomy":"category","embeddable":true,"href":"https:\/\/www.notibras.com\/site\/wp-json\/wp\/v2\/categories?post=197250"},{"taxonomy":"post_tag","embeddable":true,"href":"https:\/\/www.notibras.com\/site\/wp-json\/wp\/v2\/tags?post=197250"}],"curies":[{"name":"wp","href":"https:\/\/api.w.org\/{rel}","templated":true}]}}