{"id":19730,"date":"2014-08-16T09:14:46","date_gmt":"2014-08-16T12:14:46","guid":{"rendered":"http:\/\/www.notibras.com\/site\/?p=19730"},"modified":"2014-08-16T09:15:28","modified_gmt":"2014-08-16T12:15:28","slug":"marina-aceita-concorrer-a-presidencia-no-lugar-de-campos","status":"publish","type":"post","link":"https:\/\/www.notibras.com\/site\/marina-aceita-concorrer-a-presidencia-no-lugar-de-campos\/","title":{"rendered":"Marina Silva aceita concorrer \u00e0 Presid\u00eancia no lugar de Campos"},"content":{"rendered":"<p><span style=\"color: #333333;\">A ex-senadora Marina Silva (PSB) aceitou se candidatar \u00e0 Presid\u00eancia no lugar de Eduardo Campos, morto em um acidente de avi\u00e3o na quarta-feira.<\/span><\/p>\n<p><span style=\"color: #333333;\">O coordenador da Rede Sustentabilidade, Balizeu Margarido, disse \u00e0 BBC Brasil que Marina autorizou o PSB a fazer consultar com a sigla e os outros partidos da coliga\u00e7\u00e3o para definir a candidatura.<\/span><\/p>\n<p><span style=\"color: #333333;\">Marina era vice na chapa de Campos e sofria resist\u00eancia de parte da c\u00fapula do PSB, que preferia um nome mais ligado \u00e0 base do partido. A ex-senadora ingressou na legenda no ano passado, ap\u00f3s fracassar sua tentativa de criar a Rede.<\/span><\/p>\n<p><span style=\"color: #333333;\">A candidatura de Marina n\u00e3o deve ser anunciada oficialmente antes do enterro de Campos, que ainda n\u00e3o tem data marcada.<\/span><\/p>\n<blockquote><p>Ao aceitar a candidatura, Marina indica que concordou com as exig\u00eancias do PSB de respeitar os acordos regionais firmados pela sigla e manter o programa de governo j\u00e1 acordado.<\/p><\/blockquote>\n<p>Durante a semana, a fam\u00edlia de Eduardo Campos j\u00e1 havia manifestado a vontade de que a vice concorresse em seu lugar.<\/p>\n","protected":false},"excerpt":{"rendered":"<p>A ex-senadora Marina Silva (PSB) aceitou se candidatar \u00e0 Presid\u00eancia no lugar de Eduardo Campos, morto em um acidente de avi\u00e3o na quarta-feira. O coordenador da Rede Sustentabilidade, Balizeu Margarido, disse \u00e0 BBC Brasil que Marina autorizou o PSB a fazer consultar com a sigla e os outros partidos da coliga\u00e7\u00e3o para definir a candidatura. [&hellip;]<\/p>\n","protected":false},"author":1,"featured_media":19739,"comment_status":"open","ping_status":"closed","sticky":false,"template":"","format":"standard","meta":{"_acf_changed":false,"footnotes":""},"categories":[33],"tags":[],"class_list":["post-19730","post","type-post","status-publish","format-standard","has-post-thumbnail","hentry","category-eleicoes-2014"],"acf":[],"_links":{"self":[{"href":"https:\/\/www.notibras.com\/site\/wp-json\/wp\/v2\/posts\/19730","targetHints":{"allow":["GET"]}}],"collection":[{"href":"https:\/\/www.notibras.com\/site\/wp-json\/wp\/v2\/posts"}],"about":[{"href":"https:\/\/www.notibras.com\/site\/wp-json\/wp\/v2\/types\/post"}],"author":[{"embeddable":true,"href":"https:\/\/www.notibras.com\/site\/wp-json\/wp\/v2\/users\/1"}],"replies":[{"embeddable":true,"href":"https:\/\/www.notibras.com\/site\/wp-json\/wp\/v2\/comments?post=19730"}],"version-history":[{"count":0,"href":"https:\/\/www.notibras.com\/site\/wp-json\/wp\/v2\/posts\/19730\/revisions"}],"wp:featuredmedia":[{"embeddable":true,"href":"https:\/\/www.notibras.com\/site\/wp-json\/wp\/v2\/media\/19739"}],"wp:attachment":[{"href":"https:\/\/www.notibras.com\/site\/wp-json\/wp\/v2\/media?parent=19730"}],"wp:term":[{"taxonomy":"category","embeddable":true,"href":"https:\/\/www.notibras.com\/site\/wp-json\/wp\/v2\/categories?post=19730"},{"taxonomy":"post_tag","embeddable":true,"href":"https:\/\/www.notibras.com\/site\/wp-json\/wp\/v2\/tags?post=19730"}],"curies":[{"name":"wp","href":"https:\/\/api.w.org\/{rel}","templated":true}]}}