{"id":197689,"date":"2018-12-21T04:20:44","date_gmt":"2018-12-21T06:20:44","guid":{"rendered":"https:\/\/www.notibras.com\/site\/?p=197689"},"modified":"2018-12-21T08:04:50","modified_gmt":"2018-12-21T10:04:50","slug":"maduro-desafia-o-brasil-para-a-guerra-venham-estou-esperando","status":"publish","type":"post","link":"https:\/\/www.notibras.com\/site\/maduro-desafia-o-brasil-para-a-guerra-venham-estou-esperando\/","title":{"rendered":"Maduro desafia o Brasil para a guerra. &#8216;Venham. Estou esperando&#8217;"},"content":{"rendered":"<p>O presidente da Venezuela, Nicol\u00e1s Maduro, afirmou que o pa\u00eds &#8220;n\u00e3o vai ter um Bolsonaro&#8221;, em refer\u00eancia ao presidente eleito do Brasil, Jair Bolsonaro. Em discurso nesta quinta-feira (20), o venezuelano disse que o chavismo vai continuar &#8220;por muito tempo&#8221;.<\/p>\n<p>&#8220;A Venezuela n\u00e3o \u00e9 o Brasil. Aqui n\u00e3o vai ter um Bolsonaro. Aqui ser\u00e1 o povo e o chavismo por muito tempo&#8221;, disse. Al\u00e9m disso, Maduro voltou a atacar o vice-presidente eleito do Brasil, General Mour\u00e3o, a quem chamou de &#8220;louco da cabe\u00e7a&#8221; e &#8220;presidente paralelo&#8221;.<\/p>\n<p>&#8220;Aqui lhe espero, com milh\u00f5es de homens e mulheres e com a For\u00e7a Armada (&#8230;). Aqui lhe espero, Mour\u00e3o, venha pessoalmente&#8221;, desafiou Maduro em um inflamado discurso.<\/p>\n<p>Maduro inicia em 10 de janeiro um segundo mandato, de seis anos, ap\u00f3s ser reeleito em outubro em vota\u00e7\u00e3o boicotada por opositores e denunciada por Estados Unidos, Uni\u00e3o Europeia e v\u00e1rios pa\u00edses da Am\u00e9rica Latina.<\/p>\n<p><strong>Compl\u00f4<\/strong> &#8211; O presidente da Venezuela voltou a acusar os Estados Unidos de liderarem um compl\u00f4 com o Brasil e a Col\u00f4mbia. Segundo Maduro, os norte-americanos querem derrub\u00e1-lo e mat\u00e1-lo. &#8220;Eu quero que o povo e as for\u00e7as armadas estejam prontos para qualquer circunst\u00e2ncia&#8221;, discursou Maduro.<\/p>\n<p>Maduro insistiu que o assessor de Seguran\u00e7a Nacional dos EUA, John Bolton, deu instru\u00e7\u00f5es para &#8220;provoca\u00e7\u00f5es militares na fronteira&#8221; entre Venezuela e Brasil em uma reuni\u00e3o com Jair Bolsonaro.<\/p>\n<p>Maduro tem elevado o tom contra Estados Unidos, Col\u00f4mbia e Brasil, pa\u00edses que acusa de colocar em andamento um plano para derrub\u00e1-lo ou assassin\u00e1-lo. O venezuelano se prepara para iniciar um segundo mandato, a partir de 10 de janeiro, cuja legitimidade \u00e9 questiona pela maior parte da comunidade internacional.<\/p>\n<p>Segundo Caracas, o compl\u00f4 inclui o treinamento de tropas nos Estados Unidos para tomar bases militares na Venezuela, e de mercen\u00e1rios na Col\u00f4mbia para simular ataques de tropas venezuelanas aos pa\u00edses vizinhos.<\/p>\n<p>Para repelir qualquer incurs\u00e3o, Maduro ordenou armar &#8220;at\u00e9 os dentes a Mil\u00edcia&#8221; e tornar a Venezuela &#8220;inexpugn\u00e1vel&#8221;. O venezuelano destacou que o corpo civil auxiliar dos militares passou de 500 mil para 1,6 milh\u00e3o de membros desde abril passado.<\/p>\n","protected":false},"excerpt":{"rendered":"<p>O presidente da Venezuela, Nicol\u00e1s Maduro, afirmou que o pa\u00eds &#8220;n\u00e3o vai ter um Bolsonaro&#8221;, em refer\u00eancia ao presidente eleito do Brasil, Jair Bolsonaro. Em discurso nesta quinta-feira (20), o venezuelano disse que o chavismo vai continuar &#8220;por muito tempo&#8221;. &#8220;A Venezuela n\u00e3o \u00e9 o Brasil. Aqui n\u00e3o vai ter um Bolsonaro. Aqui ser\u00e1 o [&hellip;]<\/p>\n","protected":false},"author":2,"featured_media":197690,"comment_status":"closed","ping_status":"closed","sticky":false,"template":"","format":"standard","meta":{"_acf_changed":false,"footnotes":""},"categories":[17],"tags":[],"class_list":["post-197689","post","type-post","status-publish","format-standard","has-post-thumbnail","hentry","category-mundo"],"acf":[],"yoast_head":"<!-- This site is optimized with the Yoast SEO plugin v27.2 - https:\/\/yoast.com\/product\/yoast-seo-wordpress\/ -->\n<title>Maduro desafia o Brasil para a guerra. &#039;Venham. Estou esperando&#039; - Notibras<\/title>\n<meta name=\"robots\" content=\"index, follow, max-snippet:-1, max-image-preview:large, max-video-preview:-1\" \/>\n<link rel=\"canonical\" href=\"https:\/\/www.notibras.com\/site\/maduro-desafia-o-brasil-para-a-guerra-venham-estou-esperando\/\" \/>\n<meta property=\"og:locale\" content=\"pt_BR\" \/>\n<meta property=\"og:type\" content=\"article\" \/>\n<meta property=\"og:title\" content=\"Maduro desafia o Brasil para a guerra. &#039;Venham. Estou esperando&#039; - Notibras\" \/>\n<meta property=\"og:description\" content=\"O presidente da Venezuela, Nicol\u00e1s Maduro, afirmou que o pa\u00eds &#8220;n\u00e3o vai ter um Bolsonaro&#8221;, em refer\u00eancia ao presidente eleito do Brasil, Jair Bolsonaro. Em discurso nesta quinta-feira (20), o venezuelano disse que o chavismo vai continuar &#8220;por muito tempo&#8221;. &#8220;A Venezuela n\u00e3o \u00e9 o Brasil. Aqui n\u00e3o vai ter um Bolsonaro. Aqui ser\u00e1 o [&hellip;]\" \/>\n<meta property=\"og:url\" content=\"https:\/\/www.notibras.com\/site\/maduro-desafia-o-brasil-para-a-guerra-venham-estou-esperando\/\" \/>\n<meta property=\"og:site_name\" content=\"Notibras\" \/>\n<meta property=\"article:publisher\" content=\"https:\/\/www.facebook.com\/notibras\/\" \/>\n<meta property=\"article:published_time\" content=\"2018-12-21T06:20:44+00:00\" \/>\n<meta property=\"article:modified_time\" content=\"2018-12-21T10:04:50+00:00\" \/>\n<meta property=\"og:image\" content=\"https:\/\/www.notibras.com\/site\/wp-content\/uploads\/2018\/12\/maduro1.jpg\" \/>\n\t<meta property=\"og:image:width\" content=\"1600\" \/>\n\t<meta property=\"og:image:height\" content=\"1067\" \/>\n\t<meta property=\"og:image:type\" content=\"image\/jpeg\" \/>\n<meta name=\"author\" content=\"Reda\u00e7\u00e3o\" \/>\n<meta name=\"twitter:card\" content=\"summary_large_image\" \/>\n<meta name=\"twitter:creator\" content=\"@Notibras\" \/>\n<meta name=\"twitter:site\" content=\"@Notibras\" \/>\n<meta name=\"twitter:label1\" content=\"Escrito por\" \/>\n\t<meta name=\"twitter:data1\" content=\"Reda\u00e7\u00e3o\" \/>\n\t<meta name=\"twitter:label2\" content=\"Est. tempo de leitura\" \/>\n\t<meta name=\"twitter:data2\" content=\"2 minutos\" \/>\n<script type=\"application\/ld+json\" class=\"yoast-schema-graph\">{\"@context\":\"https:\/\/schema.org\",\"@graph\":[{\"@type\":\"Article\",\"@id\":\"https:\/\/www.notibras.com\/site\/maduro-desafia-o-brasil-para-a-guerra-venham-estou-esperando\/#article\",\"isPartOf\":{\"@id\":\"https:\/\/www.notibras.com\/site\/maduro-desafia-o-brasil-para-a-guerra-venham-estou-esperando\/\"},\"author\":{\"name\":\"Reda\u00e7\u00e3o\",\"@id\":\"https:\/\/www.notibras.com\/site\/#\/schema\/person\/36ab0979449956132d3e5b517ea76ac8\"},\"headline\":\"Maduro desafia o Brasil para a guerra. &#8216;Venham. Estou esperando&#8217;\",\"datePublished\":\"2018-12-21T06:20:44+00:00\",\"dateModified\":\"2018-12-21T10:04:50+00:00\",\"mainEntityOfPage\":{\"@id\":\"https:\/\/www.notibras.com\/site\/maduro-desafia-o-brasil-para-a-guerra-venham-estou-esperando\/\"},\"wordCount\":383,\"publisher\":{\"@id\":\"https:\/\/www.notibras.com\/site\/#organization\"},\"image\":{\"@id\":\"https:\/\/www.notibras.com\/site\/maduro-desafia-o-brasil-para-a-guerra-venham-estou-esperando\/#primaryimage\"},\"thumbnailUrl\":\"https:\/\/www.notibras.com\/site\/wp-content\/uploads\/2018\/12\/maduro1.jpg\",\"articleSection\":[\"Mundo\"],\"inLanguage\":\"pt-BR\"},{\"@type\":\"WebPage\",\"@id\":\"https:\/\/www.notibras.com\/site\/maduro-desafia-o-brasil-para-a-guerra-venham-estou-esperando\/\",\"url\":\"https:\/\/www.notibras.com\/site\/maduro-desafia-o-brasil-para-a-guerra-venham-estou-esperando\/\",\"name\":\"Maduro desafia o Brasil para a guerra. 'Venham. Estou esperando' - Notibras\",\"isPartOf\":{\"@id\":\"https:\/\/www.notibras.com\/site\/#website\"},\"primaryImageOfPage\":{\"@id\":\"https:\/\/www.notibras.com\/site\/maduro-desafia-o-brasil-para-a-guerra-venham-estou-esperando\/#primaryimage\"},\"image\":{\"@id\":\"https:\/\/www.notibras.com\/site\/maduro-desafia-o-brasil-para-a-guerra-venham-estou-esperando\/#primaryimage\"},\"thumbnailUrl\":\"https:\/\/www.notibras.com\/site\/wp-content\/uploads\/2018\/12\/maduro1.jpg\",\"datePublished\":\"2018-12-21T06:20:44+00:00\",\"dateModified\":\"2018-12-21T10:04:50+00:00\",\"breadcrumb\":{\"@id\":\"https:\/\/www.notibras.com\/site\/maduro-desafia-o-brasil-para-a-guerra-venham-estou-esperando\/#breadcrumb\"},\"inLanguage\":\"pt-BR\",\"potentialAction\":[{\"@type\":\"ReadAction\",\"target\":[\"https:\/\/www.notibras.com\/site\/maduro-desafia-o-brasil-para-a-guerra-venham-estou-esperando\/\"]}]},{\"@type\":\"ImageObject\",\"inLanguage\":\"pt-BR\",\"@id\":\"https:\/\/www.notibras.com\/site\/maduro-desafia-o-brasil-para-a-guerra-venham-estou-esperando\/#primaryimage\",\"url\":\"https:\/\/www.notibras.com\/site\/wp-content\/uploads\/2018\/12\/maduro1.jpg\",\"contentUrl\":\"https:\/\/www.notibras.com\/site\/wp-content\/uploads\/2018\/12\/maduro1.jpg\",\"width\":1600,\"height\":1067,\"caption\":\"Foto\/Reuters - Estad\u00e3oConte\u00fado\"},{\"@type\":\"BreadcrumbList\",\"@id\":\"https:\/\/www.notibras.com\/site\/maduro-desafia-o-brasil-para-a-guerra-venham-estou-esperando\/#breadcrumb\",\"itemListElement\":[{\"@type\":\"ListItem\",\"position\":1,\"name\":\"In\u00edcio\",\"item\":\"https:\/\/www.notibras.com\/site\/\"},{\"@type\":\"ListItem\",\"position\":2,\"name\":\"Maduro desafia o Brasil para a guerra. &#8216;Venham. Estou esperando&#8217;\"}]},{\"@type\":\"WebSite\",\"@id\":\"https:\/\/www.notibras.com\/site\/#website\",\"url\":\"https:\/\/www.notibras.com\/site\/\",\"name\":\"Notibras\",\"description\":\"Not\u00edcias de Bras\u00edlia, do Brasil e do Mundo\",\"publisher\":{\"@id\":\"https:\/\/www.notibras.com\/site\/#organization\"},\"potentialAction\":[{\"@type\":\"SearchAction\",\"target\":{\"@type\":\"EntryPoint\",\"urlTemplate\":\"https:\/\/www.notibras.com\/site\/?s={search_term_string}\"},\"query-input\":{\"@type\":\"PropertyValueSpecification\",\"valueRequired\":true,\"valueName\":\"search_term_string\"}}],\"inLanguage\":\"pt-BR\"},{\"@type\":\"Organization\",\"@id\":\"https:\/\/www.notibras.com\/site\/#organization\",\"name\":\"Grupo Notibras de Comunica\u00e7\u00e3o\",\"url\":\"https:\/\/www.notibras.com\/site\/\",\"logo\":{\"@type\":\"ImageObject\",\"inLanguage\":\"pt-BR\",\"@id\":\"https:\/\/www.notibras.com\/site\/#\/schema\/logo\/image\/\",\"url\":\"https:\/\/www.notibras.com\/site\/wp-content\/uploads\/2023\/01\/notibras23.png\",\"contentUrl\":\"https:\/\/www.notibras.com\/site\/wp-content\/uploads\/2023\/01\/notibras23.png\",\"width\":350,\"height\":87,\"caption\":\"Grupo Notibras de Comunica\u00e7\u00e3o\"},\"image\":{\"@id\":\"https:\/\/www.notibras.com\/site\/#\/schema\/logo\/image\/\"},\"sameAs\":[\"https:\/\/www.facebook.com\/notibras\/\",\"https:\/\/x.com\/Notibras\",\"https:\/\/www.instagram.com\/notibras\/\"]},{\"@type\":\"Person\",\"@id\":\"https:\/\/www.notibras.com\/site\/#\/schema\/person\/36ab0979449956132d3e5b517ea76ac8\",\"name\":\"Reda\u00e7\u00e3o\",\"image\":{\"@type\":\"ImageObject\",\"inLanguage\":\"pt-BR\",\"@id\":\"https:\/\/secure.gravatar.com\/avatar\/e0a867bdedb85fd243eadf09663511f96fc81e0720a4a42581f334ad4303aa6b?s=96&d=mm&r=g\",\"url\":\"https:\/\/secure.gravatar.com\/avatar\/e0a867bdedb85fd243eadf09663511f96fc81e0720a4a42581f334ad4303aa6b?s=96&d=mm&r=g\",\"contentUrl\":\"https:\/\/secure.gravatar.com\/avatar\/e0a867bdedb85fd243eadf09663511f96fc81e0720a4a42581f334ad4303aa6b?s=96&d=mm&r=g\",\"caption\":\"Reda\u00e7\u00e3o\"}}]}<\/script>\n<!-- \/ Yoast SEO plugin. -->","yoast_head_json":{"title":"Maduro desafia o Brasil para a guerra. 'Venham. Estou esperando' - Notibras","robots":{"index":"index","follow":"follow","max-snippet":"max-snippet:-1","max-image-preview":"max-image-preview:large","max-video-preview":"max-video-preview:-1"},"canonical":"https:\/\/www.notibras.com\/site\/maduro-desafia-o-brasil-para-a-guerra-venham-estou-esperando\/","og_locale":"pt_BR","og_type":"article","og_title":"Maduro desafia o Brasil para a guerra. 'Venham. Estou esperando' - Notibras","og_description":"O presidente da Venezuela, Nicol\u00e1s Maduro, afirmou que o pa\u00eds &#8220;n\u00e3o vai ter um Bolsonaro&#8221;, em refer\u00eancia ao presidente eleito do Brasil, Jair Bolsonaro. Em discurso nesta quinta-feira (20), o venezuelano disse que o chavismo vai continuar &#8220;por muito tempo&#8221;. &#8220;A Venezuela n\u00e3o \u00e9 o Brasil. Aqui n\u00e3o vai ter um Bolsonaro. Aqui ser\u00e1 o [&hellip;]","og_url":"https:\/\/www.notibras.com\/site\/maduro-desafia-o-brasil-para-a-guerra-venham-estou-esperando\/","og_site_name":"Notibras","article_publisher":"https:\/\/www.facebook.com\/notibras\/","article_published_time":"2018-12-21T06:20:44+00:00","article_modified_time":"2018-12-21T10:04:50+00:00","og_image":[{"width":1600,"height":1067,"url":"https:\/\/www.notibras.com\/site\/wp-content\/uploads\/2018\/12\/maduro1.jpg","type":"image\/jpeg"}],"author":"Reda\u00e7\u00e3o","twitter_card":"summary_large_image","twitter_creator":"@Notibras","twitter_site":"@Notibras","twitter_misc":{"Escrito por":"Reda\u00e7\u00e3o","Est. tempo de leitura":"2 minutos"},"schema":{"@context":"https:\/\/schema.org","@graph":[{"@type":"Article","@id":"https:\/\/www.notibras.com\/site\/maduro-desafia-o-brasil-para-a-guerra-venham-estou-esperando\/#article","isPartOf":{"@id":"https:\/\/www.notibras.com\/site\/maduro-desafia-o-brasil-para-a-guerra-venham-estou-esperando\/"},"author":{"name":"Reda\u00e7\u00e3o","@id":"https:\/\/www.notibras.com\/site\/#\/schema\/person\/36ab0979449956132d3e5b517ea76ac8"},"headline":"Maduro desafia o Brasil para a guerra. &#8216;Venham. Estou esperando&#8217;","datePublished":"2018-12-21T06:20:44+00:00","dateModified":"2018-12-21T10:04:50+00:00","mainEntityOfPage":{"@id":"https:\/\/www.notibras.com\/site\/maduro-desafia-o-brasil-para-a-guerra-venham-estou-esperando\/"},"wordCount":383,"publisher":{"@id":"https:\/\/www.notibras.com\/site\/#organization"},"image":{"@id":"https:\/\/www.notibras.com\/site\/maduro-desafia-o-brasil-para-a-guerra-venham-estou-esperando\/#primaryimage"},"thumbnailUrl":"https:\/\/www.notibras.com\/site\/wp-content\/uploads\/2018\/12\/maduro1.jpg","articleSection":["Mundo"],"inLanguage":"pt-BR"},{"@type":"WebPage","@id":"https:\/\/www.notibras.com\/site\/maduro-desafia-o-brasil-para-a-guerra-venham-estou-esperando\/","url":"https:\/\/www.notibras.com\/site\/maduro-desafia-o-brasil-para-a-guerra-venham-estou-esperando\/","name":"Maduro desafia o Brasil para a guerra. 'Venham. Estou esperando' - Notibras","isPartOf":{"@id":"https:\/\/www.notibras.com\/site\/#website"},"primaryImageOfPage":{"@id":"https:\/\/www.notibras.com\/site\/maduro-desafia-o-brasil-para-a-guerra-venham-estou-esperando\/#primaryimage"},"image":{"@id":"https:\/\/www.notibras.com\/site\/maduro-desafia-o-brasil-para-a-guerra-venham-estou-esperando\/#primaryimage"},"thumbnailUrl":"https:\/\/www.notibras.com\/site\/wp-content\/uploads\/2018\/12\/maduro1.jpg","datePublished":"2018-12-21T06:20:44+00:00","dateModified":"2018-12-21T10:04:50+00:00","breadcrumb":{"@id":"https:\/\/www.notibras.com\/site\/maduro-desafia-o-brasil-para-a-guerra-venham-estou-esperando\/#breadcrumb"},"inLanguage":"pt-BR","potentialAction":[{"@type":"ReadAction","target":["https:\/\/www.notibras.com\/site\/maduro-desafia-o-brasil-para-a-guerra-venham-estou-esperando\/"]}]},{"@type":"ImageObject","inLanguage":"pt-BR","@id":"https:\/\/www.notibras.com\/site\/maduro-desafia-o-brasil-para-a-guerra-venham-estou-esperando\/#primaryimage","url":"https:\/\/www.notibras.com\/site\/wp-content\/uploads\/2018\/12\/maduro1.jpg","contentUrl":"https:\/\/www.notibras.com\/site\/wp-content\/uploads\/2018\/12\/maduro1.jpg","width":1600,"height":1067,"caption":"Foto\/Reuters - Estad\u00e3oConte\u00fado"},{"@type":"BreadcrumbList","@id":"https:\/\/www.notibras.com\/site\/maduro-desafia-o-brasil-para-a-guerra-venham-estou-esperando\/#breadcrumb","itemListElement":[{"@type":"ListItem","position":1,"name":"In\u00edcio","item":"https:\/\/www.notibras.com\/site\/"},{"@type":"ListItem","position":2,"name":"Maduro desafia o Brasil para a guerra. &#8216;Venham. Estou esperando&#8217;"}]},{"@type":"WebSite","@id":"https:\/\/www.notibras.com\/site\/#website","url":"https:\/\/www.notibras.com\/site\/","name":"Notibras","description":"Not\u00edcias de Bras\u00edlia, do Brasil e do Mundo","publisher":{"@id":"https:\/\/www.notibras.com\/site\/#organization"},"potentialAction":[{"@type":"SearchAction","target":{"@type":"EntryPoint","urlTemplate":"https:\/\/www.notibras.com\/site\/?s={search_term_string}"},"query-input":{"@type":"PropertyValueSpecification","valueRequired":true,"valueName":"search_term_string"}}],"inLanguage":"pt-BR"},{"@type":"Organization","@id":"https:\/\/www.notibras.com\/site\/#organization","name":"Grupo Notibras de Comunica\u00e7\u00e3o","url":"https:\/\/www.notibras.com\/site\/","logo":{"@type":"ImageObject","inLanguage":"pt-BR","@id":"https:\/\/www.notibras.com\/site\/#\/schema\/logo\/image\/","url":"https:\/\/www.notibras.com\/site\/wp-content\/uploads\/2023\/01\/notibras23.png","contentUrl":"https:\/\/www.notibras.com\/site\/wp-content\/uploads\/2023\/01\/notibras23.png","width":350,"height":87,"caption":"Grupo Notibras de Comunica\u00e7\u00e3o"},"image":{"@id":"https:\/\/www.notibras.com\/site\/#\/schema\/logo\/image\/"},"sameAs":["https:\/\/www.facebook.com\/notibras\/","https:\/\/x.com\/Notibras","https:\/\/www.instagram.com\/notibras\/"]},{"@type":"Person","@id":"https:\/\/www.notibras.com\/site\/#\/schema\/person\/36ab0979449956132d3e5b517ea76ac8","name":"Reda\u00e7\u00e3o","image":{"@type":"ImageObject","inLanguage":"pt-BR","@id":"https:\/\/secure.gravatar.com\/avatar\/e0a867bdedb85fd243eadf09663511f96fc81e0720a4a42581f334ad4303aa6b?s=96&d=mm&r=g","url":"https:\/\/secure.gravatar.com\/avatar\/e0a867bdedb85fd243eadf09663511f96fc81e0720a4a42581f334ad4303aa6b?s=96&d=mm&r=g","contentUrl":"https:\/\/secure.gravatar.com\/avatar\/e0a867bdedb85fd243eadf09663511f96fc81e0720a4a42581f334ad4303aa6b?s=96&d=mm&r=g","caption":"Reda\u00e7\u00e3o"}}]}},"amp_enabled":true,"_links":{"self":[{"href":"https:\/\/www.notibras.com\/site\/wp-json\/wp\/v2\/posts\/197689","targetHints":{"allow":["GET"]}}],"collection":[{"href":"https:\/\/www.notibras.com\/site\/wp-json\/wp\/v2\/posts"}],"about":[{"href":"https:\/\/www.notibras.com\/site\/wp-json\/wp\/v2\/types\/post"}],"author":[{"embeddable":true,"href":"https:\/\/www.notibras.com\/site\/wp-json\/wp\/v2\/users\/2"}],"replies":[{"embeddable":true,"href":"https:\/\/www.notibras.com\/site\/wp-json\/wp\/v2\/comments?post=197689"}],"version-history":[{"count":2,"href":"https:\/\/www.notibras.com\/site\/wp-json\/wp\/v2\/posts\/197689\/revisions"}],"predecessor-version":[{"id":197692,"href":"https:\/\/www.notibras.com\/site\/wp-json\/wp\/v2\/posts\/197689\/revisions\/197692"}],"wp:featuredmedia":[{"embeddable":true,"href":"https:\/\/www.notibras.com\/site\/wp-json\/wp\/v2\/media\/197690"}],"wp:attachment":[{"href":"https:\/\/www.notibras.com\/site\/wp-json\/wp\/v2\/media?parent=197689"}],"wp:term":[{"taxonomy":"category","embeddable":true,"href":"https:\/\/www.notibras.com\/site\/wp-json\/wp\/v2\/categories?post=197689"},{"taxonomy":"post_tag","embeddable":true,"href":"https:\/\/www.notibras.com\/site\/wp-json\/wp\/v2\/tags?post=197689"}],"curies":[{"name":"wp","href":"https:\/\/api.w.org\/{rel}","templated":true}]}}