{"id":198174,"date":"2018-12-29T07:16:58","date_gmt":"2018-12-29T09:16:58","guid":{"rendered":"https:\/\/www.notibras.com\/site\/?p=198174"},"modified":"2018-12-29T08:18:52","modified_gmt":"2018-12-29T10:18:52","slug":"curdos-e-sirios-formam-alianca-para-se-defenderem-de-ataque-turco","status":"publish","type":"post","link":"https:\/\/www.notibras.com\/site\/curdos-e-sirios-formam-alianca-para-se-defenderem-de-ataque-turco\/","title":{"rendered":"Curdos e s\u00edrios formam alian\u00e7a para se defenderem de ataque turco"},"content":{"rendered":"<p>As mil\u00edcias curdo-s\u00edrias Unidades de Prote\u00e7\u00e3o Popular (YPG, na sigla em curdo), as mais poderosas da S\u00edria, pediram ao governo de Bashar Assad que envie for\u00e7as para proteg\u00ea-las de um ataque da Turquia. O pedido foi o primeiro sinal de uma mudan\u00e7a das alian\u00e7as pol\u00edticas na S\u00edria desde o an\u00fancio do presidente americano, Donald Trump, de retirada das tropas dos EUA e ocorre seis anos depois de os curdos romperem com Damasco.<\/p>\n<p>O que est\u00e1 em jogo \u00e9 uma grande parte do territ\u00f3rio norte e leste s\u00edrio que os EUA, em parceria com mil\u00edcias curdas locais, retomaram do Estado Isl\u00e2mico. Hoje, cerca de um quarto do territ\u00f3rio da S\u00edria, incluindo terras agr\u00edcolas e reservas de petr\u00f3leo, est\u00e1 sob o controle das mil\u00edcias apoiadas pelos EUA e seus 2 mil soldados.<\/p>\n<p>Mas a crescente influ\u00eancia dos combatentes s\u00edrios-curdos enfureceu a Turquia, que prometeu um ataque em breve. Ancara tem receios sobre a possibilidade de que eles consigam algum tipo de autonomia que tenha impacto nas reivindica\u00e7\u00f5es dos cerca de 15 milh\u00f5es de turcos de etnia curda.<\/p>\n<p>O controle curdo dessa regi\u00e3o tamb\u00e9m n\u00e3o \u00e9 bem visto pelo governo Assad e seus aliados russos e iranianos, que querem todo o territ\u00f3rio sob o controle total de Damasco novamente.<\/p>\n<p>At\u00e9 agora, as diferentes for\u00e7as envolvidas no conflito s\u00edrio vinham evitando atacar a regi\u00e3o por temer provocar os EUA. Mas o an\u00fancio surpreendente de Trump na semana passada liberou a \u00e1rea para a disputa de poder diante do v\u00e1cuo a ser deixado pelos americanos, que devem concluir a retirada at\u00e9 abril.<\/p>\n<p>Os curdos consideraram a decis\u00e3o do presidente americano uma trai\u00e7\u00e3o e come\u00e7aram a conversar com Damasco sobre a possibilidade de uma reconcilia\u00e7\u00e3o.<\/p>\n<p>As YPG pediram ajuda hoje para proteger o norte e informaram que retiraram suas tropas da regi\u00e3o de Manbij, uma das \u00e1reas contra as quais a Turquia prepara a ofensiva. Minutos depois, o Ex\u00e9rcito da S\u00edria anunciou sua entrada na cidade.<\/p>\n<p>Mas a situa\u00e7\u00e3o estava ainda incerta para os s\u00edrios que vivem na regi\u00e3o, uma vez que mil\u00edcia e governo descreveram de maneiras diferentes a situa\u00e7\u00e3o. Apesar de Damasco afirmar que suas tropas haviam entrado totalmente em Manbij e hasteado uma bandeira s\u00edria, os curdos afirmaram que os soldados apenas ficariam no limite da cidade e a protegeria contra um ataque turco, sem entrar.<\/p>\n","protected":false},"excerpt":{"rendered":"<p>As mil\u00edcias curdo-s\u00edrias Unidades de Prote\u00e7\u00e3o Popular (YPG, na sigla em curdo), as mais poderosas da S\u00edria, pediram ao governo de Bashar Assad que envie for\u00e7as para proteg\u00ea-las de um ataque da Turquia. O pedido foi o primeiro sinal de uma mudan\u00e7a das alian\u00e7as pol\u00edticas na S\u00edria desde o an\u00fancio do presidente americano, Donald Trump, [&hellip;]<\/p>\n","protected":false},"author":2,"featured_media":198175,"comment_status":"closed","ping_status":"closed","sticky":false,"template":"","format":"standard","meta":{"_acf_changed":false,"footnotes":""},"categories":[17],"tags":[],"class_list":["post-198174","post","type-post","status-publish","format-standard","has-post-thumbnail","hentry","category-mundo"],"acf":[],"yoast_head":"<!-- This site is optimized with the Yoast SEO plugin v27.2 - https:\/\/yoast.com\/product\/yoast-seo-wordpress\/ -->\n<title>Curdos e s\u00edrios formam alian\u00e7a para se defenderem de ataque turco - Notibras<\/title>\n<meta name=\"robots\" content=\"index, follow, max-snippet:-1, max-image-preview:large, max-video-preview:-1\" \/>\n<link rel=\"canonical\" href=\"https:\/\/www.notibras.com\/site\/curdos-e-sirios-formam-alianca-para-se-defenderem-de-ataque-turco\/\" \/>\n<meta property=\"og:locale\" content=\"pt_BR\" \/>\n<meta property=\"og:type\" content=\"article\" \/>\n<meta property=\"og:title\" content=\"Curdos e s\u00edrios formam alian\u00e7a para se defenderem de ataque turco - Notibras\" \/>\n<meta property=\"og:description\" content=\"As mil\u00edcias curdo-s\u00edrias Unidades de Prote\u00e7\u00e3o Popular (YPG, na sigla em curdo), as mais poderosas da S\u00edria, pediram ao governo de Bashar Assad que envie for\u00e7as para proteg\u00ea-las de um ataque da Turquia. O pedido foi o primeiro sinal de uma mudan\u00e7a das alian\u00e7as pol\u00edticas na S\u00edria desde o an\u00fancio do presidente americano, Donald Trump, [&hellip;]\" \/>\n<meta property=\"og:url\" content=\"https:\/\/www.notibras.com\/site\/curdos-e-sirios-formam-alianca-para-se-defenderem-de-ataque-turco\/\" \/>\n<meta property=\"og:site_name\" content=\"Notibras\" \/>\n<meta property=\"article:publisher\" content=\"https:\/\/www.facebook.com\/notibras\/\" \/>\n<meta property=\"article:published_time\" content=\"2018-12-29T09:16:58+00:00\" \/>\n<meta property=\"article:modified_time\" content=\"2018-12-29T10:18:52+00:00\" \/>\n<meta property=\"og:image\" content=\"https:\/\/www.notibras.com\/site\/wp-content\/uploads\/2018\/12\/curdos-sirios.jpg\" \/>\n\t<meta property=\"og:image:width\" content=\"932\" \/>\n\t<meta property=\"og:image:height\" content=\"666\" \/>\n\t<meta property=\"og:image:type\" content=\"image\/jpeg\" \/>\n<meta name=\"author\" content=\"Reda\u00e7\u00e3o\" \/>\n<meta name=\"twitter:card\" content=\"summary_large_image\" \/>\n<meta name=\"twitter:creator\" content=\"@Notibras\" \/>\n<meta name=\"twitter:site\" content=\"@Notibras\" \/>\n<meta name=\"twitter:label1\" content=\"Escrito por\" \/>\n\t<meta name=\"twitter:data1\" content=\"Reda\u00e7\u00e3o\" \/>\n\t<meta name=\"twitter:label2\" content=\"Est. tempo de leitura\" \/>\n\t<meta name=\"twitter:data2\" content=\"2 minutos\" \/>\n<script type=\"application\/ld+json\" class=\"yoast-schema-graph\">{\"@context\":\"https:\/\/schema.org\",\"@graph\":[{\"@type\":\"Article\",\"@id\":\"https:\/\/www.notibras.com\/site\/curdos-e-sirios-formam-alianca-para-se-defenderem-de-ataque-turco\/#article\",\"isPartOf\":{\"@id\":\"https:\/\/www.notibras.com\/site\/curdos-e-sirios-formam-alianca-para-se-defenderem-de-ataque-turco\/\"},\"author\":{\"name\":\"Reda\u00e7\u00e3o\",\"@id\":\"https:\/\/www.notibras.com\/site\/#\/schema\/person\/36ab0979449956132d3e5b517ea76ac8\"},\"headline\":\"Curdos e s\u00edrios formam alian\u00e7a para se defenderem de ataque turco\",\"datePublished\":\"2018-12-29T09:16:58+00:00\",\"dateModified\":\"2018-12-29T10:18:52+00:00\",\"mainEntityOfPage\":{\"@id\":\"https:\/\/www.notibras.com\/site\/curdos-e-sirios-formam-alianca-para-se-defenderem-de-ataque-turco\/\"},\"wordCount\":438,\"publisher\":{\"@id\":\"https:\/\/www.notibras.com\/site\/#organization\"},\"image\":{\"@id\":\"https:\/\/www.notibras.com\/site\/curdos-e-sirios-formam-alianca-para-se-defenderem-de-ataque-turco\/#primaryimage\"},\"thumbnailUrl\":\"https:\/\/www.notibras.com\/site\/wp-content\/uploads\/2018\/12\/curdos-sirios.jpg\",\"articleSection\":[\"Mundo\"],\"inLanguage\":\"pt-BR\"},{\"@type\":\"WebPage\",\"@id\":\"https:\/\/www.notibras.com\/site\/curdos-e-sirios-formam-alianca-para-se-defenderem-de-ataque-turco\/\",\"url\":\"https:\/\/www.notibras.com\/site\/curdos-e-sirios-formam-alianca-para-se-defenderem-de-ataque-turco\/\",\"name\":\"Curdos e s\u00edrios formam alian\u00e7a para se defenderem de ataque turco - Notibras\",\"isPartOf\":{\"@id\":\"https:\/\/www.notibras.com\/site\/#website\"},\"primaryImageOfPage\":{\"@id\":\"https:\/\/www.notibras.com\/site\/curdos-e-sirios-formam-alianca-para-se-defenderem-de-ataque-turco\/#primaryimage\"},\"image\":{\"@id\":\"https:\/\/www.notibras.com\/site\/curdos-e-sirios-formam-alianca-para-se-defenderem-de-ataque-turco\/#primaryimage\"},\"thumbnailUrl\":\"https:\/\/www.notibras.com\/site\/wp-content\/uploads\/2018\/12\/curdos-sirios.jpg\",\"datePublished\":\"2018-12-29T09:16:58+00:00\",\"dateModified\":\"2018-12-29T10:18:52+00:00\",\"breadcrumb\":{\"@id\":\"https:\/\/www.notibras.com\/site\/curdos-e-sirios-formam-alianca-para-se-defenderem-de-ataque-turco\/#breadcrumb\"},\"inLanguage\":\"pt-BR\",\"potentialAction\":[{\"@type\":\"ReadAction\",\"target\":[\"https:\/\/www.notibras.com\/site\/curdos-e-sirios-formam-alianca-para-se-defenderem-de-ataque-turco\/\"]}]},{\"@type\":\"ImageObject\",\"inLanguage\":\"pt-BR\",\"@id\":\"https:\/\/www.notibras.com\/site\/curdos-e-sirios-formam-alianca-para-se-defenderem-de-ataque-turco\/#primaryimage\",\"url\":\"https:\/\/www.notibras.com\/site\/wp-content\/uploads\/2018\/12\/curdos-sirios.jpg\",\"contentUrl\":\"https:\/\/www.notibras.com\/site\/wp-content\/uploads\/2018\/12\/curdos-sirios.jpg\",\"width\":932,\"height\":666,\"caption\":\"Foto\/Reuters - Estad\u00e3oConte\u00fado\"},{\"@type\":\"BreadcrumbList\",\"@id\":\"https:\/\/www.notibras.com\/site\/curdos-e-sirios-formam-alianca-para-se-defenderem-de-ataque-turco\/#breadcrumb\",\"itemListElement\":[{\"@type\":\"ListItem\",\"position\":1,\"name\":\"In\u00edcio\",\"item\":\"https:\/\/www.notibras.com\/site\/\"},{\"@type\":\"ListItem\",\"position\":2,\"name\":\"Curdos e s\u00edrios formam alian\u00e7a para se defenderem de ataque turco\"}]},{\"@type\":\"WebSite\",\"@id\":\"https:\/\/www.notibras.com\/site\/#website\",\"url\":\"https:\/\/www.notibras.com\/site\/\",\"name\":\"Notibras\",\"description\":\"Not\u00edcias de Bras\u00edlia, do Brasil e do Mundo\",\"publisher\":{\"@id\":\"https:\/\/www.notibras.com\/site\/#organization\"},\"potentialAction\":[{\"@type\":\"SearchAction\",\"target\":{\"@type\":\"EntryPoint\",\"urlTemplate\":\"https:\/\/www.notibras.com\/site\/?s={search_term_string}\"},\"query-input\":{\"@type\":\"PropertyValueSpecification\",\"valueRequired\":true,\"valueName\":\"search_term_string\"}}],\"inLanguage\":\"pt-BR\"},{\"@type\":\"Organization\",\"@id\":\"https:\/\/www.notibras.com\/site\/#organization\",\"name\":\"Grupo Notibras de Comunica\u00e7\u00e3o\",\"url\":\"https:\/\/www.notibras.com\/site\/\",\"logo\":{\"@type\":\"ImageObject\",\"inLanguage\":\"pt-BR\",\"@id\":\"https:\/\/www.notibras.com\/site\/#\/schema\/logo\/image\/\",\"url\":\"https:\/\/www.notibras.com\/site\/wp-content\/uploads\/2023\/01\/notibras23.png\",\"contentUrl\":\"https:\/\/www.notibras.com\/site\/wp-content\/uploads\/2023\/01\/notibras23.png\",\"width\":350,\"height\":87,\"caption\":\"Grupo Notibras de Comunica\u00e7\u00e3o\"},\"image\":{\"@id\":\"https:\/\/www.notibras.com\/site\/#\/schema\/logo\/image\/\"},\"sameAs\":[\"https:\/\/www.facebook.com\/notibras\/\",\"https:\/\/x.com\/Notibras\",\"https:\/\/www.instagram.com\/notibras\/\"]},{\"@type\":\"Person\",\"@id\":\"https:\/\/www.notibras.com\/site\/#\/schema\/person\/36ab0979449956132d3e5b517ea76ac8\",\"name\":\"Reda\u00e7\u00e3o\",\"image\":{\"@type\":\"ImageObject\",\"inLanguage\":\"pt-BR\",\"@id\":\"https:\/\/secure.gravatar.com\/avatar\/e0a867bdedb85fd243eadf09663511f96fc81e0720a4a42581f334ad4303aa6b?s=96&d=mm&r=g\",\"url\":\"https:\/\/secure.gravatar.com\/avatar\/e0a867bdedb85fd243eadf09663511f96fc81e0720a4a42581f334ad4303aa6b?s=96&d=mm&r=g\",\"contentUrl\":\"https:\/\/secure.gravatar.com\/avatar\/e0a867bdedb85fd243eadf09663511f96fc81e0720a4a42581f334ad4303aa6b?s=96&d=mm&r=g\",\"caption\":\"Reda\u00e7\u00e3o\"}}]}<\/script>\n<!-- \/ Yoast SEO plugin. -->","yoast_head_json":{"title":"Curdos e s\u00edrios formam alian\u00e7a para se defenderem de ataque turco - Notibras","robots":{"index":"index","follow":"follow","max-snippet":"max-snippet:-1","max-image-preview":"max-image-preview:large","max-video-preview":"max-video-preview:-1"},"canonical":"https:\/\/www.notibras.com\/site\/curdos-e-sirios-formam-alianca-para-se-defenderem-de-ataque-turco\/","og_locale":"pt_BR","og_type":"article","og_title":"Curdos e s\u00edrios formam alian\u00e7a para se defenderem de ataque turco - Notibras","og_description":"As mil\u00edcias curdo-s\u00edrias Unidades de Prote\u00e7\u00e3o Popular (YPG, na sigla em curdo), as mais poderosas da S\u00edria, pediram ao governo de Bashar Assad que envie for\u00e7as para proteg\u00ea-las de um ataque da Turquia. O pedido foi o primeiro sinal de uma mudan\u00e7a das alian\u00e7as pol\u00edticas na S\u00edria desde o an\u00fancio do presidente americano, Donald Trump, [&hellip;]","og_url":"https:\/\/www.notibras.com\/site\/curdos-e-sirios-formam-alianca-para-se-defenderem-de-ataque-turco\/","og_site_name":"Notibras","article_publisher":"https:\/\/www.facebook.com\/notibras\/","article_published_time":"2018-12-29T09:16:58+00:00","article_modified_time":"2018-12-29T10:18:52+00:00","og_image":[{"width":932,"height":666,"url":"https:\/\/www.notibras.com\/site\/wp-content\/uploads\/2018\/12\/curdos-sirios.jpg","type":"image\/jpeg"}],"author":"Reda\u00e7\u00e3o","twitter_card":"summary_large_image","twitter_creator":"@Notibras","twitter_site":"@Notibras","twitter_misc":{"Escrito por":"Reda\u00e7\u00e3o","Est. tempo de leitura":"2 minutos"},"schema":{"@context":"https:\/\/schema.org","@graph":[{"@type":"Article","@id":"https:\/\/www.notibras.com\/site\/curdos-e-sirios-formam-alianca-para-se-defenderem-de-ataque-turco\/#article","isPartOf":{"@id":"https:\/\/www.notibras.com\/site\/curdos-e-sirios-formam-alianca-para-se-defenderem-de-ataque-turco\/"},"author":{"name":"Reda\u00e7\u00e3o","@id":"https:\/\/www.notibras.com\/site\/#\/schema\/person\/36ab0979449956132d3e5b517ea76ac8"},"headline":"Curdos e s\u00edrios formam alian\u00e7a para se defenderem de ataque turco","datePublished":"2018-12-29T09:16:58+00:00","dateModified":"2018-12-29T10:18:52+00:00","mainEntityOfPage":{"@id":"https:\/\/www.notibras.com\/site\/curdos-e-sirios-formam-alianca-para-se-defenderem-de-ataque-turco\/"},"wordCount":438,"publisher":{"@id":"https:\/\/www.notibras.com\/site\/#organization"},"image":{"@id":"https:\/\/www.notibras.com\/site\/curdos-e-sirios-formam-alianca-para-se-defenderem-de-ataque-turco\/#primaryimage"},"thumbnailUrl":"https:\/\/www.notibras.com\/site\/wp-content\/uploads\/2018\/12\/curdos-sirios.jpg","articleSection":["Mundo"],"inLanguage":"pt-BR"},{"@type":"WebPage","@id":"https:\/\/www.notibras.com\/site\/curdos-e-sirios-formam-alianca-para-se-defenderem-de-ataque-turco\/","url":"https:\/\/www.notibras.com\/site\/curdos-e-sirios-formam-alianca-para-se-defenderem-de-ataque-turco\/","name":"Curdos e s\u00edrios formam alian\u00e7a para se defenderem de ataque turco - Notibras","isPartOf":{"@id":"https:\/\/www.notibras.com\/site\/#website"},"primaryImageOfPage":{"@id":"https:\/\/www.notibras.com\/site\/curdos-e-sirios-formam-alianca-para-se-defenderem-de-ataque-turco\/#primaryimage"},"image":{"@id":"https:\/\/www.notibras.com\/site\/curdos-e-sirios-formam-alianca-para-se-defenderem-de-ataque-turco\/#primaryimage"},"thumbnailUrl":"https:\/\/www.notibras.com\/site\/wp-content\/uploads\/2018\/12\/curdos-sirios.jpg","datePublished":"2018-12-29T09:16:58+00:00","dateModified":"2018-12-29T10:18:52+00:00","breadcrumb":{"@id":"https:\/\/www.notibras.com\/site\/curdos-e-sirios-formam-alianca-para-se-defenderem-de-ataque-turco\/#breadcrumb"},"inLanguage":"pt-BR","potentialAction":[{"@type":"ReadAction","target":["https:\/\/www.notibras.com\/site\/curdos-e-sirios-formam-alianca-para-se-defenderem-de-ataque-turco\/"]}]},{"@type":"ImageObject","inLanguage":"pt-BR","@id":"https:\/\/www.notibras.com\/site\/curdos-e-sirios-formam-alianca-para-se-defenderem-de-ataque-turco\/#primaryimage","url":"https:\/\/www.notibras.com\/site\/wp-content\/uploads\/2018\/12\/curdos-sirios.jpg","contentUrl":"https:\/\/www.notibras.com\/site\/wp-content\/uploads\/2018\/12\/curdos-sirios.jpg","width":932,"height":666,"caption":"Foto\/Reuters - Estad\u00e3oConte\u00fado"},{"@type":"BreadcrumbList","@id":"https:\/\/www.notibras.com\/site\/curdos-e-sirios-formam-alianca-para-se-defenderem-de-ataque-turco\/#breadcrumb","itemListElement":[{"@type":"ListItem","position":1,"name":"In\u00edcio","item":"https:\/\/www.notibras.com\/site\/"},{"@type":"ListItem","position":2,"name":"Curdos e s\u00edrios formam alian\u00e7a para se defenderem de ataque turco"}]},{"@type":"WebSite","@id":"https:\/\/www.notibras.com\/site\/#website","url":"https:\/\/www.notibras.com\/site\/","name":"Notibras","description":"Not\u00edcias de Bras\u00edlia, do Brasil e do Mundo","publisher":{"@id":"https:\/\/www.notibras.com\/site\/#organization"},"potentialAction":[{"@type":"SearchAction","target":{"@type":"EntryPoint","urlTemplate":"https:\/\/www.notibras.com\/site\/?s={search_term_string}"},"query-input":{"@type":"PropertyValueSpecification","valueRequired":true,"valueName":"search_term_string"}}],"inLanguage":"pt-BR"},{"@type":"Organization","@id":"https:\/\/www.notibras.com\/site\/#organization","name":"Grupo Notibras de Comunica\u00e7\u00e3o","url":"https:\/\/www.notibras.com\/site\/","logo":{"@type":"ImageObject","inLanguage":"pt-BR","@id":"https:\/\/www.notibras.com\/site\/#\/schema\/logo\/image\/","url":"https:\/\/www.notibras.com\/site\/wp-content\/uploads\/2023\/01\/notibras23.png","contentUrl":"https:\/\/www.notibras.com\/site\/wp-content\/uploads\/2023\/01\/notibras23.png","width":350,"height":87,"caption":"Grupo Notibras de Comunica\u00e7\u00e3o"},"image":{"@id":"https:\/\/www.notibras.com\/site\/#\/schema\/logo\/image\/"},"sameAs":["https:\/\/www.facebook.com\/notibras\/","https:\/\/x.com\/Notibras","https:\/\/www.instagram.com\/notibras\/"]},{"@type":"Person","@id":"https:\/\/www.notibras.com\/site\/#\/schema\/person\/36ab0979449956132d3e5b517ea76ac8","name":"Reda\u00e7\u00e3o","image":{"@type":"ImageObject","inLanguage":"pt-BR","@id":"https:\/\/secure.gravatar.com\/avatar\/e0a867bdedb85fd243eadf09663511f96fc81e0720a4a42581f334ad4303aa6b?s=96&d=mm&r=g","url":"https:\/\/secure.gravatar.com\/avatar\/e0a867bdedb85fd243eadf09663511f96fc81e0720a4a42581f334ad4303aa6b?s=96&d=mm&r=g","contentUrl":"https:\/\/secure.gravatar.com\/avatar\/e0a867bdedb85fd243eadf09663511f96fc81e0720a4a42581f334ad4303aa6b?s=96&d=mm&r=g","caption":"Reda\u00e7\u00e3o"}}]}},"amp_enabled":true,"_links":{"self":[{"href":"https:\/\/www.notibras.com\/site\/wp-json\/wp\/v2\/posts\/198174","targetHints":{"allow":["GET"]}}],"collection":[{"href":"https:\/\/www.notibras.com\/site\/wp-json\/wp\/v2\/posts"}],"about":[{"href":"https:\/\/www.notibras.com\/site\/wp-json\/wp\/v2\/types\/post"}],"author":[{"embeddable":true,"href":"https:\/\/www.notibras.com\/site\/wp-json\/wp\/v2\/users\/2"}],"replies":[{"embeddable":true,"href":"https:\/\/www.notibras.com\/site\/wp-json\/wp\/v2\/comments?post=198174"}],"version-history":[{"count":1,"href":"https:\/\/www.notibras.com\/site\/wp-json\/wp\/v2\/posts\/198174\/revisions"}],"predecessor-version":[{"id":198176,"href":"https:\/\/www.notibras.com\/site\/wp-json\/wp\/v2\/posts\/198174\/revisions\/198176"}],"wp:featuredmedia":[{"embeddable":true,"href":"https:\/\/www.notibras.com\/site\/wp-json\/wp\/v2\/media\/198175"}],"wp:attachment":[{"href":"https:\/\/www.notibras.com\/site\/wp-json\/wp\/v2\/media?parent=198174"}],"wp:term":[{"taxonomy":"category","embeddable":true,"href":"https:\/\/www.notibras.com\/site\/wp-json\/wp\/v2\/categories?post=198174"},{"taxonomy":"post_tag","embeddable":true,"href":"https:\/\/www.notibras.com\/site\/wp-json\/wp\/v2\/tags?post=198174"}],"curies":[{"name":"wp","href":"https:\/\/api.w.org\/{rel}","templated":true}]}}