{"id":19827,"date":"2014-08-16T18:25:00","date_gmt":"2014-08-16T21:25:00","guid":{"rendered":"http:\/\/www.notibras.com\/site\/?p=19827"},"modified":"2014-08-16T18:39:24","modified_gmt":"2014-08-16T21:39:24","slug":"caldeirao-ferve-douglas-da-show-e-vasco-vence-o-lider-ceara","status":"publish","type":"post","link":"https:\/\/www.notibras.com\/site\/caldeirao-ferve-douglas-da-show-e-vasco-vence-o-lider-ceara\/","title":{"rendered":"Caldeir\u00e3o ferve, Douglas d\u00e1 show e Vasco vence o ainda l\u00edder Cear\u00e1"},"content":{"rendered":"<p class=\"text\" style=\"color: #33332f;\">O Vasco contou com uma grande atua\u00e7\u00e3o do meia Douglas e venceu o Cear\u00e1 por 2 a 0 neste s\u00e1bado, em S\u00e3o Janu\u00e1rio, encostando no rival na lideran\u00e7a do Campeonato Brasileiro da S\u00e9rie B. Nem mesmo um p\u00eanalti desperdi\u00e7ado\u00a0manchou a partida do camisa 10 cruzmaltino, que deu grande passe na jogada do primeiro gol, marcado por Kleber, e fechou o placar em magistral cobran\u00e7a de falta na segunda etapa.<\/p>\n<blockquote>\n<p class=\"text\" style=\"color: #33332f;\">A vit\u00f3ria levou os cariocas aos mesmos 31 pontos do Cear\u00e1, mas o time nordestino leva vantagem por somar uma vit\u00f3ria a mais (9\u00a0contra 8). Na pr\u00f3xima rodada, o Vasco visita o lanterna Vila Nova em Bras\u00edlia, enquanto o Cear\u00e1 tenta manter a lideran\u00e7a diante do ABC, em Fortaleza.<\/p>\n<\/blockquote>\n<p class=\"text\" style=\"color: #33332f;\">O jogo come\u00e7ou bastante pegado,\u00a0com muitos lances r\u00edspidos. Tanto que, logo aos 5min, Carlos C\u00e9sar recebeu o cart\u00e3o amarelo por parar o ataque visitante. J\u00e1 o\u00a0primeiro momento de emo\u00e7\u00e3o foi aos 14min: Fabr\u00edcio acertou \u00f3timo passe para Guilherme Biteco na \u00e1rea, o atacante dominou e chutou cruzado, mas a bola bateu no bra\u00e7o de Helder. P\u00eanalti para o Vasco,\u00a0que Douglas cobrou no cantinho, mas a bola resvalou na m\u00e3o do goleiro\u00a0Lu\u00eds Carlos antes de bater na trave.<\/p>\n<p class=\"text\" style=\"color: #33332f;\">Seis minutos mais tarde, veio a reden\u00e7\u00e3o de Douglas e do Vasco. O meia deu\u00a0lindo passe em profundidade para Marlon, que foi \u00e0 linha de fundo e\u00a0cruzou. A\u00a0bola acabou sobrando para Kleber, que, bem posicionado dentro da \u00e1rea, pegou de primeira\u00a0e mandou para o fundo da rede. Foi o primeiro gol do atacante\u00a0em S\u00e3o Janu\u00e1rio.<\/p>\n<p class=\"text\" style=\"color: #33332f;\">O segundo tempo come\u00e7ou com o mesmo panorama da primeira etapa: o Vasco com o controle total da posse de bola. Logo aos 11min, em cobran\u00e7a de falta da entrada da \u00e1rea, Douglas bateu com maestria, no canto superior de Lu\u00eds Carlos, que ainda chegou na bola, mas n\u00e3o conseguiu evitar o gol que definiu a vit\u00f3ria cruzmaltina.<\/p>\n","protected":false},"excerpt":{"rendered":"<p>O Vasco contou com uma grande atua\u00e7\u00e3o do meia Douglas e venceu o Cear\u00e1 por 2 a 0 neste s\u00e1bado, em S\u00e3o Janu\u00e1rio, encostando no rival na lideran\u00e7a do Campeonato Brasileiro da S\u00e9rie B. Nem mesmo um p\u00eanalti desperdi\u00e7ado\u00a0manchou a partida do camisa 10 cruzmaltino, que deu grande passe na jogada do primeiro gol, marcado [&hellip;]<\/p>\n","protected":false},"author":1,"featured_media":19828,"comment_status":"open","ping_status":"closed","sticky":false,"template":"","format":"standard","meta":{"_acf_changed":false,"footnotes":""},"categories":[29],"tags":[],"class_list":["post-19827","post","type-post","status-publish","format-standard","has-post-thumbnail","hentry","category-futebol"],"acf":[],"yoast_head":"<!-- This site is optimized with the Yoast SEO plugin v27.2 - https:\/\/yoast.com\/product\/yoast-seo-wordpress\/ -->\n<title>Caldeir\u00e3o ferve, Douglas d\u00e1 show e Vasco vence o ainda l\u00edder Cear\u00e1 - Notibras<\/title>\n<meta name=\"robots\" content=\"index, follow, max-snippet:-1, max-image-preview:large, max-video-preview:-1\" \/>\n<link rel=\"canonical\" href=\"https:\/\/www.notibras.com\/site\/caldeirao-ferve-douglas-da-show-e-vasco-vence-o-lider-ceara\/\" \/>\n<meta property=\"og:locale\" content=\"pt_BR\" \/>\n<meta property=\"og:type\" content=\"article\" \/>\n<meta property=\"og:title\" content=\"Caldeir\u00e3o ferve, Douglas d\u00e1 show e Vasco vence o ainda l\u00edder Cear\u00e1 - Notibras\" \/>\n<meta property=\"og:description\" content=\"O Vasco contou com uma grande atua\u00e7\u00e3o do meia Douglas e venceu o Cear\u00e1 por 2 a 0 neste s\u00e1bado, em S\u00e3o Janu\u00e1rio, encostando no rival na lideran\u00e7a do Campeonato Brasileiro da S\u00e9rie B. Nem mesmo um p\u00eanalti desperdi\u00e7ado\u00a0manchou a partida do camisa 10 cruzmaltino, que deu grande passe na jogada do primeiro gol, marcado [&hellip;]\" \/>\n<meta property=\"og:url\" content=\"https:\/\/www.notibras.com\/site\/caldeirao-ferve-douglas-da-show-e-vasco-vence-o-lider-ceara\/\" \/>\n<meta property=\"og:site_name\" content=\"Notibras\" \/>\n<meta property=\"article:publisher\" content=\"https:\/\/www.facebook.com\/notibras\/\" \/>\n<meta property=\"article:published_time\" content=\"2014-08-16T21:25:00+00:00\" \/>\n<meta property=\"article:modified_time\" content=\"2014-08-16T21:39:24+00:00\" \/>\n<meta property=\"og:image\" content=\"https:\/\/www.notibras.com\/site\/wp-content\/uploads\/2014\/08\/Sem-t\u00edtulo-181.jpg\" \/>\n\t<meta property=\"og:image:width\" content=\"690\" \/>\n\t<meta property=\"og:image:height\" content=\"400\" \/>\n\t<meta property=\"og:image:type\" content=\"image\/jpeg\" \/>\n<meta name=\"author\" content=\"Reda\u00e7\u00e3o\" \/>\n<meta name=\"twitter:card\" content=\"summary_large_image\" \/>\n<meta name=\"twitter:creator\" content=\"@Notibras\" \/>\n<meta name=\"twitter:site\" content=\"@Notibras\" \/>\n<meta name=\"twitter:label1\" content=\"Escrito por\" \/>\n\t<meta name=\"twitter:data1\" content=\"Reda\u00e7\u00e3o\" \/>\n\t<meta name=\"twitter:label2\" content=\"Est. tempo de leitura\" \/>\n\t<meta name=\"twitter:data2\" content=\"2 minutos\" \/>\n<script type=\"application\/ld+json\" class=\"yoast-schema-graph\">{\"@context\":\"https:\/\/schema.org\",\"@graph\":[{\"@type\":\"Article\",\"@id\":\"https:\/\/www.notibras.com\/site\/caldeirao-ferve-douglas-da-show-e-vasco-vence-o-lider-ceara\/#article\",\"isPartOf\":{\"@id\":\"https:\/\/www.notibras.com\/site\/caldeirao-ferve-douglas-da-show-e-vasco-vence-o-lider-ceara\/\"},\"author\":{\"name\":\"Reda\u00e7\u00e3o\",\"@id\":\"https:\/\/www.notibras.com\/site\/#\/schema\/person\/00b8e1aa08f9ef6563e878c5159d01cf\"},\"headline\":\"Caldeir\u00e3o ferve, Douglas d\u00e1 show e Vasco vence o ainda l\u00edder Cear\u00e1\",\"datePublished\":\"2014-08-16T21:25:00+00:00\",\"dateModified\":\"2014-08-16T21:39:24+00:00\",\"mainEntityOfPage\":{\"@id\":\"https:\/\/www.notibras.com\/site\/caldeirao-ferve-douglas-da-show-e-vasco-vence-o-lider-ceara\/\"},\"wordCount\":358,\"commentCount\":0,\"publisher\":{\"@id\":\"https:\/\/www.notibras.com\/site\/#organization\"},\"image\":{\"@id\":\"https:\/\/www.notibras.com\/site\/caldeirao-ferve-douglas-da-show-e-vasco-vence-o-lider-ceara\/#primaryimage\"},\"thumbnailUrl\":\"https:\/\/www.notibras.com\/site\/wp-content\/uploads\/2014\/08\/Sem-t\u00edtulo-181.jpg\",\"articleSection\":[\"Futebol\"],\"inLanguage\":\"pt-BR\",\"potentialAction\":[{\"@type\":\"CommentAction\",\"name\":\"Comment\",\"target\":[\"https:\/\/www.notibras.com\/site\/caldeirao-ferve-douglas-da-show-e-vasco-vence-o-lider-ceara\/#respond\"]}]},{\"@type\":\"WebPage\",\"@id\":\"https:\/\/www.notibras.com\/site\/caldeirao-ferve-douglas-da-show-e-vasco-vence-o-lider-ceara\/\",\"url\":\"https:\/\/www.notibras.com\/site\/caldeirao-ferve-douglas-da-show-e-vasco-vence-o-lider-ceara\/\",\"name\":\"Caldeir\u00e3o ferve, Douglas d\u00e1 show e Vasco vence o ainda l\u00edder Cear\u00e1 - Notibras\",\"isPartOf\":{\"@id\":\"https:\/\/www.notibras.com\/site\/#website\"},\"primaryImageOfPage\":{\"@id\":\"https:\/\/www.notibras.com\/site\/caldeirao-ferve-douglas-da-show-e-vasco-vence-o-lider-ceara\/#primaryimage\"},\"image\":{\"@id\":\"https:\/\/www.notibras.com\/site\/caldeirao-ferve-douglas-da-show-e-vasco-vence-o-lider-ceara\/#primaryimage\"},\"thumbnailUrl\":\"https:\/\/www.notibras.com\/site\/wp-content\/uploads\/2014\/08\/Sem-t\u00edtulo-181.jpg\",\"datePublished\":\"2014-08-16T21:25:00+00:00\",\"dateModified\":\"2014-08-16T21:39:24+00:00\",\"breadcrumb\":{\"@id\":\"https:\/\/www.notibras.com\/site\/caldeirao-ferve-douglas-da-show-e-vasco-vence-o-lider-ceara\/#breadcrumb\"},\"inLanguage\":\"pt-BR\",\"potentialAction\":[{\"@type\":\"ReadAction\",\"target\":[\"https:\/\/www.notibras.com\/site\/caldeirao-ferve-douglas-da-show-e-vasco-vence-o-lider-ceara\/\"]}]},{\"@type\":\"ImageObject\",\"inLanguage\":\"pt-BR\",\"@id\":\"https:\/\/www.notibras.com\/site\/caldeirao-ferve-douglas-da-show-e-vasco-vence-o-lider-ceara\/#primaryimage\",\"url\":\"https:\/\/www.notibras.com\/site\/wp-content\/uploads\/2014\/08\/Sem-t\u00edtulo-181.jpg\",\"contentUrl\":\"https:\/\/www.notibras.com\/site\/wp-content\/uploads\/2014\/08\/Sem-t\u00edtulo-181.jpg\",\"width\":690,\"height\":400},{\"@type\":\"BreadcrumbList\",\"@id\":\"https:\/\/www.notibras.com\/site\/caldeirao-ferve-douglas-da-show-e-vasco-vence-o-lider-ceara\/#breadcrumb\",\"itemListElement\":[{\"@type\":\"ListItem\",\"position\":1,\"name\":\"In\u00edcio\",\"item\":\"https:\/\/www.notibras.com\/site\/\"},{\"@type\":\"ListItem\",\"position\":2,\"name\":\"Caldeir\u00e3o ferve, Douglas d\u00e1 show e Vasco vence o ainda l\u00edder Cear\u00e1\"}]},{\"@type\":\"WebSite\",\"@id\":\"https:\/\/www.notibras.com\/site\/#website\",\"url\":\"https:\/\/www.notibras.com\/site\/\",\"name\":\"Notibras\",\"description\":\"Not\u00edcias de Bras\u00edlia, do Brasil e do Mundo\",\"publisher\":{\"@id\":\"https:\/\/www.notibras.com\/site\/#organization\"},\"potentialAction\":[{\"@type\":\"SearchAction\",\"target\":{\"@type\":\"EntryPoint\",\"urlTemplate\":\"https:\/\/www.notibras.com\/site\/?s={search_term_string}\"},\"query-input\":{\"@type\":\"PropertyValueSpecification\",\"valueRequired\":true,\"valueName\":\"search_term_string\"}}],\"inLanguage\":\"pt-BR\"},{\"@type\":\"Organization\",\"@id\":\"https:\/\/www.notibras.com\/site\/#organization\",\"name\":\"Grupo Notibras de Comunica\u00e7\u00e3o\",\"url\":\"https:\/\/www.notibras.com\/site\/\",\"logo\":{\"@type\":\"ImageObject\",\"inLanguage\":\"pt-BR\",\"@id\":\"https:\/\/www.notibras.com\/site\/#\/schema\/logo\/image\/\",\"url\":\"https:\/\/www.notibras.com\/site\/wp-content\/uploads\/2023\/01\/notibras23.png\",\"contentUrl\":\"https:\/\/www.notibras.com\/site\/wp-content\/uploads\/2023\/01\/notibras23.png\",\"width\":350,\"height\":87,\"caption\":\"Grupo Notibras de Comunica\u00e7\u00e3o\"},\"image\":{\"@id\":\"https:\/\/www.notibras.com\/site\/#\/schema\/logo\/image\/\"},\"sameAs\":[\"https:\/\/www.facebook.com\/notibras\/\",\"https:\/\/x.com\/Notibras\",\"https:\/\/www.instagram.com\/notibras\/\"]},{\"@type\":\"Person\",\"@id\":\"https:\/\/www.notibras.com\/site\/#\/schema\/person\/00b8e1aa08f9ef6563e878c5159d01cf\",\"name\":\"Reda\u00e7\u00e3o\",\"image\":{\"@type\":\"ImageObject\",\"inLanguage\":\"pt-BR\",\"@id\":\"https:\/\/secure.gravatar.com\/avatar\/ac5a707d5b47784a5ed426c6e213e201423c750890f64e4c379114dade67dfb9?s=96&d=mm&r=g\",\"url\":\"https:\/\/secure.gravatar.com\/avatar\/ac5a707d5b47784a5ed426c6e213e201423c750890f64e4c379114dade67dfb9?s=96&d=mm&r=g\",\"contentUrl\":\"https:\/\/secure.gravatar.com\/avatar\/ac5a707d5b47784a5ed426c6e213e201423c750890f64e4c379114dade67dfb9?s=96&d=mm&r=g\",\"caption\":\"Reda\u00e7\u00e3o\"}}]}<\/script>\n<!-- \/ Yoast SEO plugin. -->","yoast_head_json":{"title":"Caldeir\u00e3o ferve, Douglas d\u00e1 show e Vasco vence o ainda l\u00edder Cear\u00e1 - Notibras","robots":{"index":"index","follow":"follow","max-snippet":"max-snippet:-1","max-image-preview":"max-image-preview:large","max-video-preview":"max-video-preview:-1"},"canonical":"https:\/\/www.notibras.com\/site\/caldeirao-ferve-douglas-da-show-e-vasco-vence-o-lider-ceara\/","og_locale":"pt_BR","og_type":"article","og_title":"Caldeir\u00e3o ferve, Douglas d\u00e1 show e Vasco vence o ainda l\u00edder Cear\u00e1 - Notibras","og_description":"O Vasco contou com uma grande atua\u00e7\u00e3o do meia Douglas e venceu o Cear\u00e1 por 2 a 0 neste s\u00e1bado, em S\u00e3o Janu\u00e1rio, encostando no rival na lideran\u00e7a do Campeonato Brasileiro da S\u00e9rie B. Nem mesmo um p\u00eanalti desperdi\u00e7ado\u00a0manchou a partida do camisa 10 cruzmaltino, que deu grande passe na jogada do primeiro gol, marcado [&hellip;]","og_url":"https:\/\/www.notibras.com\/site\/caldeirao-ferve-douglas-da-show-e-vasco-vence-o-lider-ceara\/","og_site_name":"Notibras","article_publisher":"https:\/\/www.facebook.com\/notibras\/","article_published_time":"2014-08-16T21:25:00+00:00","article_modified_time":"2014-08-16T21:39:24+00:00","og_image":[{"width":690,"height":400,"url":"https:\/\/www.notibras.com\/site\/wp-content\/uploads\/2014\/08\/Sem-t\u00edtulo-181.jpg","type":"image\/jpeg"}],"author":"Reda\u00e7\u00e3o","twitter_card":"summary_large_image","twitter_creator":"@Notibras","twitter_site":"@Notibras","twitter_misc":{"Escrito por":"Reda\u00e7\u00e3o","Est. tempo de leitura":"2 minutos"},"schema":{"@context":"https:\/\/schema.org","@graph":[{"@type":"Article","@id":"https:\/\/www.notibras.com\/site\/caldeirao-ferve-douglas-da-show-e-vasco-vence-o-lider-ceara\/#article","isPartOf":{"@id":"https:\/\/www.notibras.com\/site\/caldeirao-ferve-douglas-da-show-e-vasco-vence-o-lider-ceara\/"},"author":{"name":"Reda\u00e7\u00e3o","@id":"https:\/\/www.notibras.com\/site\/#\/schema\/person\/00b8e1aa08f9ef6563e878c5159d01cf"},"headline":"Caldeir\u00e3o ferve, Douglas d\u00e1 show e Vasco vence o ainda l\u00edder Cear\u00e1","datePublished":"2014-08-16T21:25:00+00:00","dateModified":"2014-08-16T21:39:24+00:00","mainEntityOfPage":{"@id":"https:\/\/www.notibras.com\/site\/caldeirao-ferve-douglas-da-show-e-vasco-vence-o-lider-ceara\/"},"wordCount":358,"commentCount":0,"publisher":{"@id":"https:\/\/www.notibras.com\/site\/#organization"},"image":{"@id":"https:\/\/www.notibras.com\/site\/caldeirao-ferve-douglas-da-show-e-vasco-vence-o-lider-ceara\/#primaryimage"},"thumbnailUrl":"https:\/\/www.notibras.com\/site\/wp-content\/uploads\/2014\/08\/Sem-t\u00edtulo-181.jpg","articleSection":["Futebol"],"inLanguage":"pt-BR","potentialAction":[{"@type":"CommentAction","name":"Comment","target":["https:\/\/www.notibras.com\/site\/caldeirao-ferve-douglas-da-show-e-vasco-vence-o-lider-ceara\/#respond"]}]},{"@type":"WebPage","@id":"https:\/\/www.notibras.com\/site\/caldeirao-ferve-douglas-da-show-e-vasco-vence-o-lider-ceara\/","url":"https:\/\/www.notibras.com\/site\/caldeirao-ferve-douglas-da-show-e-vasco-vence-o-lider-ceara\/","name":"Caldeir\u00e3o ferve, Douglas d\u00e1 show e Vasco vence o ainda l\u00edder Cear\u00e1 - Notibras","isPartOf":{"@id":"https:\/\/www.notibras.com\/site\/#website"},"primaryImageOfPage":{"@id":"https:\/\/www.notibras.com\/site\/caldeirao-ferve-douglas-da-show-e-vasco-vence-o-lider-ceara\/#primaryimage"},"image":{"@id":"https:\/\/www.notibras.com\/site\/caldeirao-ferve-douglas-da-show-e-vasco-vence-o-lider-ceara\/#primaryimage"},"thumbnailUrl":"https:\/\/www.notibras.com\/site\/wp-content\/uploads\/2014\/08\/Sem-t\u00edtulo-181.jpg","datePublished":"2014-08-16T21:25:00+00:00","dateModified":"2014-08-16T21:39:24+00:00","breadcrumb":{"@id":"https:\/\/www.notibras.com\/site\/caldeirao-ferve-douglas-da-show-e-vasco-vence-o-lider-ceara\/#breadcrumb"},"inLanguage":"pt-BR","potentialAction":[{"@type":"ReadAction","target":["https:\/\/www.notibras.com\/site\/caldeirao-ferve-douglas-da-show-e-vasco-vence-o-lider-ceara\/"]}]},{"@type":"ImageObject","inLanguage":"pt-BR","@id":"https:\/\/www.notibras.com\/site\/caldeirao-ferve-douglas-da-show-e-vasco-vence-o-lider-ceara\/#primaryimage","url":"https:\/\/www.notibras.com\/site\/wp-content\/uploads\/2014\/08\/Sem-t\u00edtulo-181.jpg","contentUrl":"https:\/\/www.notibras.com\/site\/wp-content\/uploads\/2014\/08\/Sem-t\u00edtulo-181.jpg","width":690,"height":400},{"@type":"BreadcrumbList","@id":"https:\/\/www.notibras.com\/site\/caldeirao-ferve-douglas-da-show-e-vasco-vence-o-lider-ceara\/#breadcrumb","itemListElement":[{"@type":"ListItem","position":1,"name":"In\u00edcio","item":"https:\/\/www.notibras.com\/site\/"},{"@type":"ListItem","position":2,"name":"Caldeir\u00e3o ferve, Douglas d\u00e1 show e Vasco vence o ainda l\u00edder Cear\u00e1"}]},{"@type":"WebSite","@id":"https:\/\/www.notibras.com\/site\/#website","url":"https:\/\/www.notibras.com\/site\/","name":"Notibras","description":"Not\u00edcias de Bras\u00edlia, do Brasil e do Mundo","publisher":{"@id":"https:\/\/www.notibras.com\/site\/#organization"},"potentialAction":[{"@type":"SearchAction","target":{"@type":"EntryPoint","urlTemplate":"https:\/\/www.notibras.com\/site\/?s={search_term_string}"},"query-input":{"@type":"PropertyValueSpecification","valueRequired":true,"valueName":"search_term_string"}}],"inLanguage":"pt-BR"},{"@type":"Organization","@id":"https:\/\/www.notibras.com\/site\/#organization","name":"Grupo Notibras de Comunica\u00e7\u00e3o","url":"https:\/\/www.notibras.com\/site\/","logo":{"@type":"ImageObject","inLanguage":"pt-BR","@id":"https:\/\/www.notibras.com\/site\/#\/schema\/logo\/image\/","url":"https:\/\/www.notibras.com\/site\/wp-content\/uploads\/2023\/01\/notibras23.png","contentUrl":"https:\/\/www.notibras.com\/site\/wp-content\/uploads\/2023\/01\/notibras23.png","width":350,"height":87,"caption":"Grupo Notibras de Comunica\u00e7\u00e3o"},"image":{"@id":"https:\/\/www.notibras.com\/site\/#\/schema\/logo\/image\/"},"sameAs":["https:\/\/www.facebook.com\/notibras\/","https:\/\/x.com\/Notibras","https:\/\/www.instagram.com\/notibras\/"]},{"@type":"Person","@id":"https:\/\/www.notibras.com\/site\/#\/schema\/person\/00b8e1aa08f9ef6563e878c5159d01cf","name":"Reda\u00e7\u00e3o","image":{"@type":"ImageObject","inLanguage":"pt-BR","@id":"https:\/\/secure.gravatar.com\/avatar\/ac5a707d5b47784a5ed426c6e213e201423c750890f64e4c379114dade67dfb9?s=96&d=mm&r=g","url":"https:\/\/secure.gravatar.com\/avatar\/ac5a707d5b47784a5ed426c6e213e201423c750890f64e4c379114dade67dfb9?s=96&d=mm&r=g","contentUrl":"https:\/\/secure.gravatar.com\/avatar\/ac5a707d5b47784a5ed426c6e213e201423c750890f64e4c379114dade67dfb9?s=96&d=mm&r=g","caption":"Reda\u00e7\u00e3o"}}]}},"amp_enabled":true,"_links":{"self":[{"href":"https:\/\/www.notibras.com\/site\/wp-json\/wp\/v2\/posts\/19827","targetHints":{"allow":["GET"]}}],"collection":[{"href":"https:\/\/www.notibras.com\/site\/wp-json\/wp\/v2\/posts"}],"about":[{"href":"https:\/\/www.notibras.com\/site\/wp-json\/wp\/v2\/types\/post"}],"author":[{"embeddable":true,"href":"https:\/\/www.notibras.com\/site\/wp-json\/wp\/v2\/users\/1"}],"replies":[{"embeddable":true,"href":"https:\/\/www.notibras.com\/site\/wp-json\/wp\/v2\/comments?post=19827"}],"version-history":[{"count":0,"href":"https:\/\/www.notibras.com\/site\/wp-json\/wp\/v2\/posts\/19827\/revisions"}],"wp:featuredmedia":[{"embeddable":true,"href":"https:\/\/www.notibras.com\/site\/wp-json\/wp\/v2\/media\/19828"}],"wp:attachment":[{"href":"https:\/\/www.notibras.com\/site\/wp-json\/wp\/v2\/media?parent=19827"}],"wp:term":[{"taxonomy":"category","embeddable":true,"href":"https:\/\/www.notibras.com\/site\/wp-json\/wp\/v2\/categories?post=19827"},{"taxonomy":"post_tag","embeddable":true,"href":"https:\/\/www.notibras.com\/site\/wp-json\/wp\/v2\/tags?post=19827"}],"curies":[{"name":"wp","href":"https:\/\/api.w.org\/{rel}","templated":true}]}}