{"id":19842,"date":"2014-08-16T22:42:04","date_gmt":"2014-08-17T01:42:04","guid":{"rendered":"http:\/\/www.notibras.com\/site\/?p=19842"},"modified":"2014-08-17T16:29:00","modified_gmt":"2014-08-17T19:29:00","slug":"inter-bate-goias-no-serra-dourada-e-assume-a-lideranca-do-brasileirao","status":"publish","type":"post","link":"https:\/\/www.notibras.com\/site\/inter-bate-goias-no-serra-dourada-e-assume-a-lideranca-do-brasileirao\/","title":{"rendered":"Inter bate Goi\u00e1s no Serra Dourada e assume a lideran\u00e7a"},"content":{"rendered":"<p>O Internacional assumiu a lideran\u00e7a provis\u00f3ria do Campeonato Brasileiro, neste s\u00e1bado, no Est\u00e1dio Serra Dourada. Um gol contra do Goi\u00e1s deu a vit\u00f3ria por 1 a 0 para os colorados, que agora est\u00e3o no topo da tabela, pelo menos at\u00e9 o complemento\u00a0da rodada, neste domingo.<\/p>\n<p>O time ga\u00facho soma cinco vit\u00f3rias consecutivas e\u00a0tem 31 pontos. J\u00e1 o hoje vice-l\u00edder\u00a0Cruzeiro est\u00e1 atr\u00e1s, com 30, e vai enfrentar o Santos, em casa. O Goi\u00e1s, por sua vez, segue em m\u00e1 fase e\u00a0ter\u00e1 duas pedreiras pela frente: est\u00e1 em 10\u00ba lugar, com 20 pontos, e vai encarar\u00a0Corinthians e depois Cruzeiro na sequ\u00eancia do Brasileiro.<\/p>\n<blockquote><p>O primeiro tempo foi de pap\u00e9is invertidos. Apesar de ter o pior ataque do Campeonato Brasileiro, o Goi\u00e1s criou as melhores chances. O Internacional at\u00e9 teve mais posse de bola nos primeiros 20\u00a0minutos, mas apenas dois chutes longos de Alex levaram perigo.<\/p><\/blockquote>\n<p>O Goi\u00e1s dependia de liga\u00e7\u00e3o direta da defesa ao ataque, mas David brilhou fazendo isso. Primeiro, aos 28min, lan\u00e7ou para Thiago Mendes, que ficou de frente para o gol, mas Juan chegou junto para travar o chute. Logo depois\u00a0foi a vez de Erik tamb\u00e9m receber bom passe de David e ser travado por Ernando. O mesmo Erik ainda acertou um lindo toque de calcanhar aos 32min, mas Bruno Mineiro foi interceptado por Ernando.<\/p>\n<p class=\"text\">Apesar dos sustos no primeiro tempo, o t\u00e9cnico Abel Braga foi ousado e tirou o volante Ygor, que fazia p\u00e9ssima partida, para colocar o atacante Jorge Henrique. Deu certo, pois o time colorado voltou a tomar as r\u00e9deas. Mas o Goi\u00e1s se fechou bem e evitou finaliza\u00e7\u00f5es perigosas.<\/p>\n<p class=\"text\">Por\u00e9m, uma infelicidade do zagueiro Pedro Henrique salvou o ataque do Inter, aos 31min. Ap\u00f3s cruzamento de Fabr\u00edcio pela esquerda, o goleiro Renan se atrapalhou, a bola passou e tocou no defensor, entrando lentamente no gol.<\/p>\n<p class=\"text\">Assu\u00e9rio e Tiago Real entraram para deixar o Goi\u00e1s mais forte na frente, mas o time continuou a ser \u00f3bvio demais, com muitos cruzamentos e chut\u00f5es. O Inter se fechou, passou poucos sustos e saiu com a vit\u00f3ria valiosa fora de casa.<\/p>\n","protected":false},"excerpt":{"rendered":"<p>O Internacional assumiu a lideran\u00e7a provis\u00f3ria do Campeonato Brasileiro, neste s\u00e1bado, no Est\u00e1dio Serra Dourada. Um gol contra do Goi\u00e1s deu a vit\u00f3ria por 1 a 0 para os colorados, que agora est\u00e3o no topo da tabela, pelo menos at\u00e9 o complemento\u00a0da rodada, neste domingo. O time ga\u00facho soma cinco vit\u00f3rias consecutivas e\u00a0tem 31 pontos. [&hellip;]<\/p>\n","protected":false},"author":2,"featured_media":19843,"comment_status":"open","ping_status":"closed","sticky":false,"template":"","format":"standard","meta":{"_acf_changed":false,"footnotes":""},"categories":[19,29],"tags":[],"class_list":["post-19842","post","type-post","status-publish","format-standard","has-post-thumbnail","hentry","category-esportes","category-futebol"],"acf":[],"yoast_head":"<!-- This site is optimized with the Yoast SEO plugin v27.2 - https:\/\/yoast.com\/product\/yoast-seo-wordpress\/ -->\n<title>Inter bate Goi\u00e1s no Serra Dourada e assume a lideran\u00e7a - Notibras<\/title>\n<meta name=\"robots\" content=\"index, follow, max-snippet:-1, max-image-preview:large, max-video-preview:-1\" \/>\n<link rel=\"canonical\" href=\"https:\/\/www.notibras.com\/site\/inter-bate-goias-no-serra-dourada-e-assume-a-lideranca-do-brasileirao\/\" \/>\n<meta property=\"og:locale\" content=\"pt_BR\" \/>\n<meta property=\"og:type\" content=\"article\" \/>\n<meta property=\"og:title\" content=\"Inter bate Goi\u00e1s no Serra Dourada e assume a lideran\u00e7a - Notibras\" \/>\n<meta property=\"og:description\" content=\"O Internacional assumiu a lideran\u00e7a provis\u00f3ria do Campeonato Brasileiro, neste s\u00e1bado, no Est\u00e1dio Serra Dourada. Um gol contra do Goi\u00e1s deu a vit\u00f3ria por 1 a 0 para os colorados, que agora est\u00e3o no topo da tabela, pelo menos at\u00e9 o complemento\u00a0da rodada, neste domingo. O time ga\u00facho soma cinco vit\u00f3rias consecutivas e\u00a0tem 31 pontos. [&hellip;]\" \/>\n<meta property=\"og:url\" content=\"https:\/\/www.notibras.com\/site\/inter-bate-goias-no-serra-dourada-e-assume-a-lideranca-do-brasileirao\/\" \/>\n<meta property=\"og:site_name\" content=\"Notibras\" \/>\n<meta property=\"article:publisher\" content=\"https:\/\/www.facebook.com\/notibras\/\" \/>\n<meta property=\"article:published_time\" content=\"2014-08-17T01:42:04+00:00\" \/>\n<meta property=\"article:modified_time\" content=\"2014-08-17T19:29:00+00:00\" \/>\n<meta property=\"og:image\" content=\"https:\/\/www.notibras.com\/site\/wp-content\/uploads\/2014\/08\/fu1.jpg\" \/>\n\t<meta property=\"og:image:width\" content=\"460\" \/>\n\t<meta property=\"og:image:height\" content=\"340\" \/>\n\t<meta property=\"og:image:type\" content=\"image\/jpeg\" \/>\n<meta name=\"author\" content=\"Reda\u00e7\u00e3o\" \/>\n<meta name=\"twitter:card\" content=\"summary_large_image\" \/>\n<meta name=\"twitter:creator\" content=\"@Notibras\" \/>\n<meta name=\"twitter:site\" content=\"@Notibras\" \/>\n<meta name=\"twitter:label1\" content=\"Escrito por\" \/>\n\t<meta name=\"twitter:data1\" content=\"Reda\u00e7\u00e3o\" \/>\n\t<meta name=\"twitter:label2\" content=\"Est. tempo de leitura\" \/>\n\t<meta name=\"twitter:data2\" content=\"2 minutos\" \/>\n<script type=\"application\/ld+json\" class=\"yoast-schema-graph\">{\"@context\":\"https:\/\/schema.org\",\"@graph\":[{\"@type\":\"Article\",\"@id\":\"https:\/\/www.notibras.com\/site\/inter-bate-goias-no-serra-dourada-e-assume-a-lideranca-do-brasileirao\/#article\",\"isPartOf\":{\"@id\":\"https:\/\/www.notibras.com\/site\/inter-bate-goias-no-serra-dourada-e-assume-a-lideranca-do-brasileirao\/\"},\"author\":{\"name\":\"Reda\u00e7\u00e3o\",\"@id\":\"https:\/\/www.notibras.com\/site\/#\/schema\/person\/36ab0979449956132d3e5b517ea76ac8\"},\"headline\":\"Inter bate Goi\u00e1s no Serra Dourada e assume a lideran\u00e7a\",\"datePublished\":\"2014-08-17T01:42:04+00:00\",\"dateModified\":\"2014-08-17T19:29:00+00:00\",\"mainEntityOfPage\":{\"@id\":\"https:\/\/www.notibras.com\/site\/inter-bate-goias-no-serra-dourada-e-assume-a-lideranca-do-brasileirao\/\"},\"wordCount\":385,\"commentCount\":0,\"publisher\":{\"@id\":\"https:\/\/www.notibras.com\/site\/#organization\"},\"image\":{\"@id\":\"https:\/\/www.notibras.com\/site\/inter-bate-goias-no-serra-dourada-e-assume-a-lideranca-do-brasileirao\/#primaryimage\"},\"thumbnailUrl\":\"https:\/\/www.notibras.com\/site\/wp-content\/uploads\/2014\/08\/fu1.jpg\",\"articleSection\":[\"Esportes\",\"Futebol\"],\"inLanguage\":\"pt-BR\",\"potentialAction\":[{\"@type\":\"CommentAction\",\"name\":\"Comment\",\"target\":[\"https:\/\/www.notibras.com\/site\/inter-bate-goias-no-serra-dourada-e-assume-a-lideranca-do-brasileirao\/#respond\"]}]},{\"@type\":\"WebPage\",\"@id\":\"https:\/\/www.notibras.com\/site\/inter-bate-goias-no-serra-dourada-e-assume-a-lideranca-do-brasileirao\/\",\"url\":\"https:\/\/www.notibras.com\/site\/inter-bate-goias-no-serra-dourada-e-assume-a-lideranca-do-brasileirao\/\",\"name\":\"Inter bate Goi\u00e1s no Serra Dourada e assume a lideran\u00e7a - Notibras\",\"isPartOf\":{\"@id\":\"https:\/\/www.notibras.com\/site\/#website\"},\"primaryImageOfPage\":{\"@id\":\"https:\/\/www.notibras.com\/site\/inter-bate-goias-no-serra-dourada-e-assume-a-lideranca-do-brasileirao\/#primaryimage\"},\"image\":{\"@id\":\"https:\/\/www.notibras.com\/site\/inter-bate-goias-no-serra-dourada-e-assume-a-lideranca-do-brasileirao\/#primaryimage\"},\"thumbnailUrl\":\"https:\/\/www.notibras.com\/site\/wp-content\/uploads\/2014\/08\/fu1.jpg\",\"datePublished\":\"2014-08-17T01:42:04+00:00\",\"dateModified\":\"2014-08-17T19:29:00+00:00\",\"breadcrumb\":{\"@id\":\"https:\/\/www.notibras.com\/site\/inter-bate-goias-no-serra-dourada-e-assume-a-lideranca-do-brasileirao\/#breadcrumb\"},\"inLanguage\":\"pt-BR\",\"potentialAction\":[{\"@type\":\"ReadAction\",\"target\":[\"https:\/\/www.notibras.com\/site\/inter-bate-goias-no-serra-dourada-e-assume-a-lideranca-do-brasileirao\/\"]}]},{\"@type\":\"ImageObject\",\"inLanguage\":\"pt-BR\",\"@id\":\"https:\/\/www.notibras.com\/site\/inter-bate-goias-no-serra-dourada-e-assume-a-lideranca-do-brasileirao\/#primaryimage\",\"url\":\"https:\/\/www.notibras.com\/site\/wp-content\/uploads\/2014\/08\/fu1.jpg\",\"contentUrl\":\"https:\/\/www.notibras.com\/site\/wp-content\/uploads\/2014\/08\/fu1.jpg\",\"width\":460,\"height\":340},{\"@type\":\"BreadcrumbList\",\"@id\":\"https:\/\/www.notibras.com\/site\/inter-bate-goias-no-serra-dourada-e-assume-a-lideranca-do-brasileirao\/#breadcrumb\",\"itemListElement\":[{\"@type\":\"ListItem\",\"position\":1,\"name\":\"In\u00edcio\",\"item\":\"https:\/\/www.notibras.com\/site\/\"},{\"@type\":\"ListItem\",\"position\":2,\"name\":\"Inter bate Goi\u00e1s no Serra Dourada e assume a lideran\u00e7a\"}]},{\"@type\":\"WebSite\",\"@id\":\"https:\/\/www.notibras.com\/site\/#website\",\"url\":\"https:\/\/www.notibras.com\/site\/\",\"name\":\"Notibras\",\"description\":\"Not\u00edcias de Bras\u00edlia, do Brasil e do Mundo\",\"publisher\":{\"@id\":\"https:\/\/www.notibras.com\/site\/#organization\"},\"potentialAction\":[{\"@type\":\"SearchAction\",\"target\":{\"@type\":\"EntryPoint\",\"urlTemplate\":\"https:\/\/www.notibras.com\/site\/?s={search_term_string}\"},\"query-input\":{\"@type\":\"PropertyValueSpecification\",\"valueRequired\":true,\"valueName\":\"search_term_string\"}}],\"inLanguage\":\"pt-BR\"},{\"@type\":\"Organization\",\"@id\":\"https:\/\/www.notibras.com\/site\/#organization\",\"name\":\"Grupo Notibras de Comunica\u00e7\u00e3o\",\"url\":\"https:\/\/www.notibras.com\/site\/\",\"logo\":{\"@type\":\"ImageObject\",\"inLanguage\":\"pt-BR\",\"@id\":\"https:\/\/www.notibras.com\/site\/#\/schema\/logo\/image\/\",\"url\":\"https:\/\/www.notibras.com\/site\/wp-content\/uploads\/2023\/01\/notibras23.png\",\"contentUrl\":\"https:\/\/www.notibras.com\/site\/wp-content\/uploads\/2023\/01\/notibras23.png\",\"width\":350,\"height\":87,\"caption\":\"Grupo Notibras de Comunica\u00e7\u00e3o\"},\"image\":{\"@id\":\"https:\/\/www.notibras.com\/site\/#\/schema\/logo\/image\/\"},\"sameAs\":[\"https:\/\/www.facebook.com\/notibras\/\",\"https:\/\/x.com\/Notibras\",\"https:\/\/www.instagram.com\/notibras\/\"]},{\"@type\":\"Person\",\"@id\":\"https:\/\/www.notibras.com\/site\/#\/schema\/person\/36ab0979449956132d3e5b517ea76ac8\",\"name\":\"Reda\u00e7\u00e3o\",\"image\":{\"@type\":\"ImageObject\",\"inLanguage\":\"pt-BR\",\"@id\":\"https:\/\/secure.gravatar.com\/avatar\/e0a867bdedb85fd243eadf09663511f96fc81e0720a4a42581f334ad4303aa6b?s=96&d=mm&r=g\",\"url\":\"https:\/\/secure.gravatar.com\/avatar\/e0a867bdedb85fd243eadf09663511f96fc81e0720a4a42581f334ad4303aa6b?s=96&d=mm&r=g\",\"contentUrl\":\"https:\/\/secure.gravatar.com\/avatar\/e0a867bdedb85fd243eadf09663511f96fc81e0720a4a42581f334ad4303aa6b?s=96&d=mm&r=g\",\"caption\":\"Reda\u00e7\u00e3o\"}}]}<\/script>\n<!-- \/ Yoast SEO plugin. -->","yoast_head_json":{"title":"Inter bate Goi\u00e1s no Serra Dourada e assume a lideran\u00e7a - Notibras","robots":{"index":"index","follow":"follow","max-snippet":"max-snippet:-1","max-image-preview":"max-image-preview:large","max-video-preview":"max-video-preview:-1"},"canonical":"https:\/\/www.notibras.com\/site\/inter-bate-goias-no-serra-dourada-e-assume-a-lideranca-do-brasileirao\/","og_locale":"pt_BR","og_type":"article","og_title":"Inter bate Goi\u00e1s no Serra Dourada e assume a lideran\u00e7a - Notibras","og_description":"O Internacional assumiu a lideran\u00e7a provis\u00f3ria do Campeonato Brasileiro, neste s\u00e1bado, no Est\u00e1dio Serra Dourada. Um gol contra do Goi\u00e1s deu a vit\u00f3ria por 1 a 0 para os colorados, que agora est\u00e3o no topo da tabela, pelo menos at\u00e9 o complemento\u00a0da rodada, neste domingo. O time ga\u00facho soma cinco vit\u00f3rias consecutivas e\u00a0tem 31 pontos. [&hellip;]","og_url":"https:\/\/www.notibras.com\/site\/inter-bate-goias-no-serra-dourada-e-assume-a-lideranca-do-brasileirao\/","og_site_name":"Notibras","article_publisher":"https:\/\/www.facebook.com\/notibras\/","article_published_time":"2014-08-17T01:42:04+00:00","article_modified_time":"2014-08-17T19:29:00+00:00","og_image":[{"width":460,"height":340,"url":"https:\/\/www.notibras.com\/site\/wp-content\/uploads\/2014\/08\/fu1.jpg","type":"image\/jpeg"}],"author":"Reda\u00e7\u00e3o","twitter_card":"summary_large_image","twitter_creator":"@Notibras","twitter_site":"@Notibras","twitter_misc":{"Escrito por":"Reda\u00e7\u00e3o","Est. tempo de leitura":"2 minutos"},"schema":{"@context":"https:\/\/schema.org","@graph":[{"@type":"Article","@id":"https:\/\/www.notibras.com\/site\/inter-bate-goias-no-serra-dourada-e-assume-a-lideranca-do-brasileirao\/#article","isPartOf":{"@id":"https:\/\/www.notibras.com\/site\/inter-bate-goias-no-serra-dourada-e-assume-a-lideranca-do-brasileirao\/"},"author":{"name":"Reda\u00e7\u00e3o","@id":"https:\/\/www.notibras.com\/site\/#\/schema\/person\/36ab0979449956132d3e5b517ea76ac8"},"headline":"Inter bate Goi\u00e1s no Serra Dourada e assume a lideran\u00e7a","datePublished":"2014-08-17T01:42:04+00:00","dateModified":"2014-08-17T19:29:00+00:00","mainEntityOfPage":{"@id":"https:\/\/www.notibras.com\/site\/inter-bate-goias-no-serra-dourada-e-assume-a-lideranca-do-brasileirao\/"},"wordCount":385,"commentCount":0,"publisher":{"@id":"https:\/\/www.notibras.com\/site\/#organization"},"image":{"@id":"https:\/\/www.notibras.com\/site\/inter-bate-goias-no-serra-dourada-e-assume-a-lideranca-do-brasileirao\/#primaryimage"},"thumbnailUrl":"https:\/\/www.notibras.com\/site\/wp-content\/uploads\/2014\/08\/fu1.jpg","articleSection":["Esportes","Futebol"],"inLanguage":"pt-BR","potentialAction":[{"@type":"CommentAction","name":"Comment","target":["https:\/\/www.notibras.com\/site\/inter-bate-goias-no-serra-dourada-e-assume-a-lideranca-do-brasileirao\/#respond"]}]},{"@type":"WebPage","@id":"https:\/\/www.notibras.com\/site\/inter-bate-goias-no-serra-dourada-e-assume-a-lideranca-do-brasileirao\/","url":"https:\/\/www.notibras.com\/site\/inter-bate-goias-no-serra-dourada-e-assume-a-lideranca-do-brasileirao\/","name":"Inter bate Goi\u00e1s no Serra Dourada e assume a lideran\u00e7a - Notibras","isPartOf":{"@id":"https:\/\/www.notibras.com\/site\/#website"},"primaryImageOfPage":{"@id":"https:\/\/www.notibras.com\/site\/inter-bate-goias-no-serra-dourada-e-assume-a-lideranca-do-brasileirao\/#primaryimage"},"image":{"@id":"https:\/\/www.notibras.com\/site\/inter-bate-goias-no-serra-dourada-e-assume-a-lideranca-do-brasileirao\/#primaryimage"},"thumbnailUrl":"https:\/\/www.notibras.com\/site\/wp-content\/uploads\/2014\/08\/fu1.jpg","datePublished":"2014-08-17T01:42:04+00:00","dateModified":"2014-08-17T19:29:00+00:00","breadcrumb":{"@id":"https:\/\/www.notibras.com\/site\/inter-bate-goias-no-serra-dourada-e-assume-a-lideranca-do-brasileirao\/#breadcrumb"},"inLanguage":"pt-BR","potentialAction":[{"@type":"ReadAction","target":["https:\/\/www.notibras.com\/site\/inter-bate-goias-no-serra-dourada-e-assume-a-lideranca-do-brasileirao\/"]}]},{"@type":"ImageObject","inLanguage":"pt-BR","@id":"https:\/\/www.notibras.com\/site\/inter-bate-goias-no-serra-dourada-e-assume-a-lideranca-do-brasileirao\/#primaryimage","url":"https:\/\/www.notibras.com\/site\/wp-content\/uploads\/2014\/08\/fu1.jpg","contentUrl":"https:\/\/www.notibras.com\/site\/wp-content\/uploads\/2014\/08\/fu1.jpg","width":460,"height":340},{"@type":"BreadcrumbList","@id":"https:\/\/www.notibras.com\/site\/inter-bate-goias-no-serra-dourada-e-assume-a-lideranca-do-brasileirao\/#breadcrumb","itemListElement":[{"@type":"ListItem","position":1,"name":"In\u00edcio","item":"https:\/\/www.notibras.com\/site\/"},{"@type":"ListItem","position":2,"name":"Inter bate Goi\u00e1s no Serra Dourada e assume a lideran\u00e7a"}]},{"@type":"WebSite","@id":"https:\/\/www.notibras.com\/site\/#website","url":"https:\/\/www.notibras.com\/site\/","name":"Notibras","description":"Not\u00edcias de Bras\u00edlia, do Brasil e do Mundo","publisher":{"@id":"https:\/\/www.notibras.com\/site\/#organization"},"potentialAction":[{"@type":"SearchAction","target":{"@type":"EntryPoint","urlTemplate":"https:\/\/www.notibras.com\/site\/?s={search_term_string}"},"query-input":{"@type":"PropertyValueSpecification","valueRequired":true,"valueName":"search_term_string"}}],"inLanguage":"pt-BR"},{"@type":"Organization","@id":"https:\/\/www.notibras.com\/site\/#organization","name":"Grupo Notibras de Comunica\u00e7\u00e3o","url":"https:\/\/www.notibras.com\/site\/","logo":{"@type":"ImageObject","inLanguage":"pt-BR","@id":"https:\/\/www.notibras.com\/site\/#\/schema\/logo\/image\/","url":"https:\/\/www.notibras.com\/site\/wp-content\/uploads\/2023\/01\/notibras23.png","contentUrl":"https:\/\/www.notibras.com\/site\/wp-content\/uploads\/2023\/01\/notibras23.png","width":350,"height":87,"caption":"Grupo Notibras de Comunica\u00e7\u00e3o"},"image":{"@id":"https:\/\/www.notibras.com\/site\/#\/schema\/logo\/image\/"},"sameAs":["https:\/\/www.facebook.com\/notibras\/","https:\/\/x.com\/Notibras","https:\/\/www.instagram.com\/notibras\/"]},{"@type":"Person","@id":"https:\/\/www.notibras.com\/site\/#\/schema\/person\/36ab0979449956132d3e5b517ea76ac8","name":"Reda\u00e7\u00e3o","image":{"@type":"ImageObject","inLanguage":"pt-BR","@id":"https:\/\/secure.gravatar.com\/avatar\/e0a867bdedb85fd243eadf09663511f96fc81e0720a4a42581f334ad4303aa6b?s=96&d=mm&r=g","url":"https:\/\/secure.gravatar.com\/avatar\/e0a867bdedb85fd243eadf09663511f96fc81e0720a4a42581f334ad4303aa6b?s=96&d=mm&r=g","contentUrl":"https:\/\/secure.gravatar.com\/avatar\/e0a867bdedb85fd243eadf09663511f96fc81e0720a4a42581f334ad4303aa6b?s=96&d=mm&r=g","caption":"Reda\u00e7\u00e3o"}}]}},"amp_enabled":true,"_links":{"self":[{"href":"https:\/\/www.notibras.com\/site\/wp-json\/wp\/v2\/posts\/19842","targetHints":{"allow":["GET"]}}],"collection":[{"href":"https:\/\/www.notibras.com\/site\/wp-json\/wp\/v2\/posts"}],"about":[{"href":"https:\/\/www.notibras.com\/site\/wp-json\/wp\/v2\/types\/post"}],"author":[{"embeddable":true,"href":"https:\/\/www.notibras.com\/site\/wp-json\/wp\/v2\/users\/2"}],"replies":[{"embeddable":true,"href":"https:\/\/www.notibras.com\/site\/wp-json\/wp\/v2\/comments?post=19842"}],"version-history":[{"count":0,"href":"https:\/\/www.notibras.com\/site\/wp-json\/wp\/v2\/posts\/19842\/revisions"}],"wp:featuredmedia":[{"embeddable":true,"href":"https:\/\/www.notibras.com\/site\/wp-json\/wp\/v2\/media\/19843"}],"wp:attachment":[{"href":"https:\/\/www.notibras.com\/site\/wp-json\/wp\/v2\/media?parent=19842"}],"wp:term":[{"taxonomy":"category","embeddable":true,"href":"https:\/\/www.notibras.com\/site\/wp-json\/wp\/v2\/categories?post=19842"},{"taxonomy":"post_tag","embeddable":true,"href":"https:\/\/www.notibras.com\/site\/wp-json\/wp\/v2\/tags?post=19842"}],"curies":[{"name":"wp","href":"https:\/\/api.w.org\/{rel}","templated":true}]}}