{"id":19867,"date":"2014-08-16T23:56:31","date_gmt":"2014-08-17T02:56:31","guid":{"rendered":"http:\/\/www.notibras.com\/site\/?p=19867"},"modified":"2014-08-17T00:11:56","modified_gmt":"2014-08-17T03:11:56","slug":"corpo-de-eduardo-e-velado-no-recife-por-mais-de-500-mil-pessoas","status":"publish","type":"post","link":"https:\/\/www.notibras.com\/site\/corpo-de-eduardo-e-velado-no-recife-por-mais-de-500-mil-pessoas\/","title":{"rendered":"Corpo de Eduardo \u00e9 velado no Recife por mais de 500 mil pessoas"},"content":{"rendered":"<p>O corpo do ex-governador Eduardo Campos ser\u00e1 sepultado no final da tarde deste domingo 17 no Cemit\u00e9rio de Santo Amaro.\u00a0 Os restos mortais do presidenci\u00e1vel do PSB foram recebidos \u00e0s 23h05 do s\u00e1bado, no Aeroporto dos Guararapes, pela vi\u00fava Renata Campos, os cinco filhos e a ex-senadora Marina Silva (Rede).<\/p>\n<p>O vel\u00f3rio \u00e9 no Pal\u00e1cio Campo das Princesas, no centro do Recife, por onde devem passar mais de 500 mil pessoas. A expectativa \u00e9 de que outras 100 mil acompanhem o sepultamento. O traslado, desde o desembarque, foi feito em carro aberto do Corpo de Bombeiros.<\/p>\n<p>Foi a primeira vez que a vi\u00fava Renata deixou a casa da fam\u00edlia, no bairro Dois Irm\u00e3os, no Recife, desde o acidente a\u00e9reo que matou Eduardo Campos. Com o filho Miguel, de 6 meses, no colo e acompanhada dos outros quatro filhos, ela seguiu junto com Marina Silva, vice na chapa do PSB \u00e0 Presid\u00eancia da Rep\u00fablica, para a Base A\u00e9rea.<\/p>\n<blockquote><p>Renata e Marina n\u00e3o falaram com a imprensa. Os filhos Maria Eduarda, Jo\u00e3o, Pedro e Jos\u00e9 Henrique vestiam uma camisa amarela com a frase: \u201cN\u00e3o vamos desistir do Brasil\u201d, dita pelo pai em entrevista dada ao Jornal Nacional na noite da v\u00e9spera do acidente. A frase ser\u00e1 o lema do PSB na campanha daqui para frente, segundo o presidente do partido, Roberto Amaral.<\/p><\/blockquote>\n<p>Marina, apontada por Amaral como \u00fanica alternativa analisada pelo PSB para substituir Campos na disputa at\u00e9 o momento, chegou \u00e0 casa da fam\u00edlia do ex-governador por voltas das 19h30. L\u00e1 dentro, abra\u00e7ou demoradamente a vi\u00fava do companheiro de chapa. As duas se emocionaram, mas n\u00e3o chegaram a chorar, segundo relato do deputado Miro Teixeira (Pros), que acompanhava Marina Silva.<\/p>\n","protected":false},"excerpt":{"rendered":"<p>O corpo do ex-governador Eduardo Campos ser\u00e1 sepultado no final da tarde deste domingo 17 no Cemit\u00e9rio de Santo Amaro.\u00a0 Os restos mortais do presidenci\u00e1vel do PSB foram recebidos \u00e0s 23h05 do s\u00e1bado, no Aeroporto dos Guararapes, pela vi\u00fava Renata Campos, os cinco filhos e a ex-senadora Marina Silva (Rede). O vel\u00f3rio \u00e9 no Pal\u00e1cio [&hellip;]<\/p>\n","protected":false},"author":2,"featured_media":19868,"comment_status":"open","ping_status":"closed","sticky":false,"template":"","format":"standard","meta":{"_acf_changed":false,"footnotes":""},"categories":[33],"tags":[],"class_list":["post-19867","post","type-post","status-publish","format-standard","has-post-thumbnail","hentry","category-eleicoes-2014"],"acf":[],"_links":{"self":[{"href":"https:\/\/www.notibras.com\/site\/wp-json\/wp\/v2\/posts\/19867","targetHints":{"allow":["GET"]}}],"collection":[{"href":"https:\/\/www.notibras.com\/site\/wp-json\/wp\/v2\/posts"}],"about":[{"href":"https:\/\/www.notibras.com\/site\/wp-json\/wp\/v2\/types\/post"}],"author":[{"embeddable":true,"href":"https:\/\/www.notibras.com\/site\/wp-json\/wp\/v2\/users\/2"}],"replies":[{"embeddable":true,"href":"https:\/\/www.notibras.com\/site\/wp-json\/wp\/v2\/comments?post=19867"}],"version-history":[{"count":0,"href":"https:\/\/www.notibras.com\/site\/wp-json\/wp\/v2\/posts\/19867\/revisions"}],"wp:featuredmedia":[{"embeddable":true,"href":"https:\/\/www.notibras.com\/site\/wp-json\/wp\/v2\/media\/19868"}],"wp:attachment":[{"href":"https:\/\/www.notibras.com\/site\/wp-json\/wp\/v2\/media?parent=19867"}],"wp:term":[{"taxonomy":"category","embeddable":true,"href":"https:\/\/www.notibras.com\/site\/wp-json\/wp\/v2\/categories?post=19867"},{"taxonomy":"post_tag","embeddable":true,"href":"https:\/\/www.notibras.com\/site\/wp-json\/wp\/v2\/tags?post=19867"}],"curies":[{"name":"wp","href":"https:\/\/api.w.org\/{rel}","templated":true}]}}