{"id":19870,"date":"2014-08-17T11:27:31","date_gmt":"2014-08-17T14:27:31","guid":{"rendered":"http:\/\/www.notibras.com\/site\/?p=19870"},"modified":"2014-08-17T21:57:39","modified_gmt":"2014-08-18T00:57:39","slug":"dilma-e-lula-sao-vaiados-em-velorio-de-campos-que-reuniu-muitos-politicos","status":"publish","type":"post","link":"https:\/\/www.notibras.com\/site\/dilma-e-lula-sao-vaiados-em-velorio-de-campos-que-reuniu-muitos-politicos\/","title":{"rendered":"Dilma e Lula vaiados em vel\u00f3rio de Campos, que reune muitos pol\u00edticos"},"content":{"rendered":"<p>A presidente Dilma Rousseff (PT) e seu antecessor Luis In\u00e1cio Lula da Silva, receberam vaias ao chegarem ao vel\u00f3rio do candidato ao Pal\u00e1cio do Planalto Eduardo Campos (PSB), morto no meio da semana em acidente a\u00e9reo. Em seguida, algu\u00e9m no meio da multid\u00e3o puxou uma salva de palmas, sendo seguido por milhares de pessoas.<\/p>\n<p>O candidato A\u00e9cio Neves (PSDB), tamb\u00e9m esteve no Pal\u00e1cio Campo das Princesas. Todos participaram de uma missa ao ar livre oficiada pelo arcebispo de Olinda e Recife, Fernando Saburido, quando foram rendidas as \u00faltimas homenagens ao ex-governador de Pernambuco.<\/p>\n<blockquote><p>Entre os presentes tamb\u00e9m estava a ex-senadora e Marina Silva, candidata \u00e0 vice-presid\u00eancia na chapa comandada por Campos. Embora o an\u00fancio ainda n\u00e3o seja oficial, o PSB j\u00e1 considera Marina como a nova candidata a presidente e falta agora definir o nome de seu vice.<\/p><\/blockquote>\n<p>Marina Silva filiou-se ao PSB em setembro do ano passado, depois que n\u00e3o conseguiu registrar a tempo seu pr\u00f3prio partido, o Rede Sustentabilidade, para tentar pela segunda vez chegar \u00e0 presid\u00eancia, ap\u00f3s ficar em terceira nas elei\u00e7\u00f5es de 2010, nas quais obteve 19 milh\u00f5es de votos (20%).<\/p>\n<p>Enquanto nos c\u00edrculos pol\u00edticos se discute qual pode ser o efeito da entrada de Marina na corrida presidencial, no centro de Recife o clima era de grande como\u00e7\u00e3o.<\/p>\n<p>Fotografias de Campos, mensagens de despedida, bandeiras do PSB e flores rodeavam o Pal\u00e1cio do Campo das Princesas, sede do governo de Pernambuco, onde foi velado o corpo do candidato, assim como do jornalista Carlos Percol e do fot\u00f3grafo Alexandre Severo, que estavam na aeronave no momento do acidente ocorrido em Santos.<\/p>\n<p>De acordo com a Companhia de Tr\u00e2nsito e Transporte Urbano (CTTU), a fila para aproximar-se do caix\u00e3o de Campos superava os tr\u00eas quil\u00f4metros de extens\u00e3o.<\/p>\n<p>O sepultamento acontecer\u00e1 ainda esta tarde e Campos ser\u00e1 enterrado ao lado de seu av\u00f4 Miguel Arraes, reconhecido l\u00edder de esquerda que morreu em 13 de agosto de 2005, exatamente nove anos antes que seu neto.<\/p>\n","protected":false},"excerpt":{"rendered":"<p>A presidente Dilma Rousseff (PT) e seu antecessor Luis In\u00e1cio Lula da Silva, receberam vaias ao chegarem ao vel\u00f3rio do candidato ao Pal\u00e1cio do Planalto Eduardo Campos (PSB), morto no meio da semana em acidente a\u00e9reo. Em seguida, algu\u00e9m no meio da multid\u00e3o puxou uma salva de palmas, sendo seguido por milhares de pessoas. O [&hellip;]<\/p>\n","protected":false},"author":2,"featured_media":19872,"comment_status":"open","ping_status":"closed","sticky":false,"template":"","format":"standard","meta":{"_acf_changed":false,"footnotes":""},"categories":[33],"tags":[],"class_list":["post-19870","post","type-post","status-publish","format-standard","has-post-thumbnail","hentry","category-eleicoes-2014"],"acf":[],"_links":{"self":[{"href":"https:\/\/www.notibras.com\/site\/wp-json\/wp\/v2\/posts\/19870","targetHints":{"allow":["GET"]}}],"collection":[{"href":"https:\/\/www.notibras.com\/site\/wp-json\/wp\/v2\/posts"}],"about":[{"href":"https:\/\/www.notibras.com\/site\/wp-json\/wp\/v2\/types\/post"}],"author":[{"embeddable":true,"href":"https:\/\/www.notibras.com\/site\/wp-json\/wp\/v2\/users\/2"}],"replies":[{"embeddable":true,"href":"https:\/\/www.notibras.com\/site\/wp-json\/wp\/v2\/comments?post=19870"}],"version-history":[{"count":0,"href":"https:\/\/www.notibras.com\/site\/wp-json\/wp\/v2\/posts\/19870\/revisions"}],"wp:featuredmedia":[{"embeddable":true,"href":"https:\/\/www.notibras.com\/site\/wp-json\/wp\/v2\/media\/19872"}],"wp:attachment":[{"href":"https:\/\/www.notibras.com\/site\/wp-json\/wp\/v2\/media?parent=19870"}],"wp:term":[{"taxonomy":"category","embeddable":true,"href":"https:\/\/www.notibras.com\/site\/wp-json\/wp\/v2\/categories?post=19870"},{"taxonomy":"post_tag","embeddable":true,"href":"https:\/\/www.notibras.com\/site\/wp-json\/wp\/v2\/tags?post=19870"}],"curies":[{"name":"wp","href":"https:\/\/api.w.org\/{rel}","templated":true}]}}