{"id":19904,"date":"2014-08-17T18:30:34","date_gmt":"2014-08-17T21:30:34","guid":{"rendered":"http:\/\/www.notibras.com\/site\/?p=19904"},"modified":"2014-08-17T18:30:34","modified_gmt":"2014-08-17T21:30:34","slug":"felipao-coloca-garotos-em-campo-e-gremio-volta-a-vencer","status":"publish","type":"post","link":"https:\/\/www.notibras.com\/site\/felipao-coloca-garotos-em-campo-e-gremio-volta-a-vencer\/","title":{"rendered":"Felip\u00e3o coloca garotos em campo e Gr\u00eamio volta a vencer"},"content":{"rendered":"<p>Depois da estreia com derrota no Gre-Nal em sua segunda passagem no comando do Gr\u00eamio, Luiz Felipe Scolari p\u00f4de comemorar neste domingo. Jogando em casa, o time tricolor contou com gols dos garotos Luan e Lucas Coelho para vencer o Crici\u00fama por 2 a 0, dando ao ex-treinador da Sele\u00e7\u00e3o Brasileira sua primeira vit\u00f3ria, para a festa da torcida na Arena em Porto Alegre.<\/p>\n<p class=\"text\">Luan abriu o placar em cobran\u00e7a de p\u00eanalti no primeiro tempo, enquanto Lucas Coelho marcou um lindo gol no segundo, limpando a marca\u00e7\u00e3o e acertando chute rasteiro de fora da \u00e1rea. O resultado levou os ga\u00fachos \u00e0 oitava coloca\u00e7\u00e3o, com 22 pontos, quatro atr\u00e1s do G-4. J\u00e1 o Crici\u00fama ficou em 14\u00ba, com 16 pontos, s\u00f3 dois acima da zona do rebaixamento.<\/p>\n<p class=\"text\">A pr\u00f3xima parada do Gr\u00eamio ser\u00e1 complicada: viaja para enfrentar o l\u00edder Cruzeiro no Mineir\u00e3o. J\u00e1 o Crici\u00fama tenta se recuperar tamb\u00e9m fora de casa, contra o Bahia, na Arena Fonte Nova.<\/p>\n<blockquote>\n<p class=\"text\">Para recuperar a &#8220;alma tricolor&#8221;, t\u00e3o citada durante a semana de trabalho, o t\u00e9cnico Luiz Felipe Scolari apresentou novidades na altera\u00e7\u00e3o ga\u00facha. O experiente meia Z\u00e9 Roberto, camisa 10 da equipe, foi improvisado como lateral\u00a0esquerdo. Para substituir Barcos, Lucas Coelho foi efetivado, recebendo o\u00a0apoio de Luan &#8211;\u00a0que tamb\u00e9m teve a tarefa de recompor a defesa, pelo lado direito, e auxiliar Dudu na arma\u00e7\u00e3o de jogadas.<\/p>\n<\/blockquote>\n<p class=\"text\">Assim, logo aos 10min, o clube de Porto Alegre foi \u00e0s redes. Dudu dominou no meio-campo e, com calma para pensar o jogo, encontrou Lucas Coelho na \u00e1rea. O centroavante dominou e levou um pontap\u00e9 de Gualberto: p\u00eanalti. Na cobran\u00e7a, Luan n\u00e3o se intimidou com a press\u00e3o de Luiz e concluiu forte, no canto superior direito do goleiro, que nada p\u00f4de fazer.<\/p>\n<p class=\"text\">O Crici\u00fama ensaiou uma rea\u00e7\u00e3o, mas no in\u00edcio do segundo tempo, o Gr\u00eamio novamente foi \u00e0s redes.\u00a0Aos 3min, Fellipe Bastos roubou a bola no campo de ataque e serviu Lucas Coelho. O jovem centroavante poderia acionar Riveros, livre, mas preferiu driblar a marca\u00e7\u00e3o e arriscar o chute. Certeiro, mandou no canto direito de Luiz, que se esticou em v\u00e3o.<\/p>\n<p class=\"text\">Nos acr\u00e9scimos, ainda houve tempo para o terceiro. Mat\u00edas Rodr\u00edguez invadiu a \u00e1rea e cruzou rasteiro. Livre de marca\u00e7\u00e3o e com o gol escancarado, o ex-colorado Giuliano,\u00a0que come\u00e7ou a partida na reserva,\u00a0concluiu \u00e0 esquerda de Luiz.<\/p>\n<p class=\"text\">\n","protected":false},"excerpt":{"rendered":"<p>Depois da estreia com derrota no Gre-Nal em sua segunda passagem no comando do Gr\u00eamio, Luiz Felipe Scolari p\u00f4de comemorar neste domingo. Jogando em casa, o time tricolor contou com gols dos garotos Luan e Lucas Coelho para vencer o Crici\u00fama por 2 a 0, dando ao ex-treinador da Sele\u00e7\u00e3o Brasileira sua primeira vit\u00f3ria, para [&hellip;]<\/p>\n","protected":false},"author":2,"featured_media":19905,"comment_status":"open","ping_status":"closed","sticky":false,"template":"","format":"standard","meta":{"_acf_changed":false,"footnotes":""},"categories":[19,29],"tags":[],"class_list":["post-19904","post","type-post","status-publish","format-standard","has-post-thumbnail","hentry","category-esportes","category-futebol"],"acf":[],"yoast_head":"<!-- This site is optimized with the Yoast SEO plugin v27.2 - https:\/\/yoast.com\/product\/yoast-seo-wordpress\/ -->\n<title>Felip\u00e3o coloca garotos em campo e Gr\u00eamio volta a vencer - Notibras<\/title>\n<meta name=\"robots\" content=\"index, follow, max-snippet:-1, max-image-preview:large, max-video-preview:-1\" \/>\n<link rel=\"canonical\" href=\"https:\/\/www.notibras.com\/site\/felipao-coloca-garotos-em-campo-e-gremio-volta-a-vencer\/\" \/>\n<meta property=\"og:locale\" content=\"pt_BR\" \/>\n<meta property=\"og:type\" content=\"article\" \/>\n<meta property=\"og:title\" content=\"Felip\u00e3o coloca garotos em campo e Gr\u00eamio volta a vencer - Notibras\" \/>\n<meta property=\"og:description\" content=\"Depois da estreia com derrota no Gre-Nal em sua segunda passagem no comando do Gr\u00eamio, Luiz Felipe Scolari p\u00f4de comemorar neste domingo. Jogando em casa, o time tricolor contou com gols dos garotos Luan e Lucas Coelho para vencer o Crici\u00fama por 2 a 0, dando ao ex-treinador da Sele\u00e7\u00e3o Brasileira sua primeira vit\u00f3ria, para [&hellip;]\" \/>\n<meta property=\"og:url\" content=\"https:\/\/www.notibras.com\/site\/felipao-coloca-garotos-em-campo-e-gremio-volta-a-vencer\/\" \/>\n<meta property=\"og:site_name\" content=\"Notibras\" \/>\n<meta property=\"article:publisher\" content=\"https:\/\/www.facebook.com\/notibras\/\" \/>\n<meta property=\"article:published_time\" content=\"2014-08-17T21:30:34+00:00\" \/>\n<meta property=\"og:image\" content=\"https:\/\/www.notibras.com\/site\/wp-content\/uploads\/2014\/08\/03gremioabracosgollucasuebelgetty.jpg\" \/>\n\t<meta property=\"og:image:width\" content=\"460\" \/>\n\t<meta property=\"og:image:height\" content=\"340\" \/>\n\t<meta property=\"og:image:type\" content=\"image\/jpeg\" \/>\n<meta name=\"author\" content=\"Reda\u00e7\u00e3o\" \/>\n<meta name=\"twitter:card\" content=\"summary_large_image\" \/>\n<meta name=\"twitter:creator\" content=\"@Notibras\" \/>\n<meta name=\"twitter:site\" content=\"@Notibras\" \/>\n<meta name=\"twitter:label1\" content=\"Escrito por\" \/>\n\t<meta name=\"twitter:data1\" content=\"Reda\u00e7\u00e3o\" \/>\n\t<meta name=\"twitter:label2\" content=\"Est. tempo de leitura\" \/>\n\t<meta name=\"twitter:data2\" content=\"2 minutos\" \/>\n<script type=\"application\/ld+json\" class=\"yoast-schema-graph\">{\"@context\":\"https:\/\/schema.org\",\"@graph\":[{\"@type\":\"Article\",\"@id\":\"https:\/\/www.notibras.com\/site\/felipao-coloca-garotos-em-campo-e-gremio-volta-a-vencer\/#article\",\"isPartOf\":{\"@id\":\"https:\/\/www.notibras.com\/site\/felipao-coloca-garotos-em-campo-e-gremio-volta-a-vencer\/\"},\"author\":{\"name\":\"Reda\u00e7\u00e3o\",\"@id\":\"https:\/\/www.notibras.com\/site\/#\/schema\/person\/36ab0979449956132d3e5b517ea76ac8\"},\"headline\":\"Felip\u00e3o coloca garotos em campo e Gr\u00eamio volta a vencer\",\"datePublished\":\"2014-08-17T21:30:34+00:00\",\"mainEntityOfPage\":{\"@id\":\"https:\/\/www.notibras.com\/site\/felipao-coloca-garotos-em-campo-e-gremio-volta-a-vencer\/\"},\"wordCount\":430,\"commentCount\":0,\"publisher\":{\"@id\":\"https:\/\/www.notibras.com\/site\/#organization\"},\"image\":{\"@id\":\"https:\/\/www.notibras.com\/site\/felipao-coloca-garotos-em-campo-e-gremio-volta-a-vencer\/#primaryimage\"},\"thumbnailUrl\":\"https:\/\/www.notibras.com\/site\/wp-content\/uploads\/2014\/08\/03gremioabracosgollucasuebelgetty.jpg\",\"articleSection\":[\"Esportes\",\"Futebol\"],\"inLanguage\":\"pt-BR\",\"potentialAction\":[{\"@type\":\"CommentAction\",\"name\":\"Comment\",\"target\":[\"https:\/\/www.notibras.com\/site\/felipao-coloca-garotos-em-campo-e-gremio-volta-a-vencer\/#respond\"]}]},{\"@type\":\"WebPage\",\"@id\":\"https:\/\/www.notibras.com\/site\/felipao-coloca-garotos-em-campo-e-gremio-volta-a-vencer\/\",\"url\":\"https:\/\/www.notibras.com\/site\/felipao-coloca-garotos-em-campo-e-gremio-volta-a-vencer\/\",\"name\":\"Felip\u00e3o coloca garotos em campo e Gr\u00eamio volta a vencer - Notibras\",\"isPartOf\":{\"@id\":\"https:\/\/www.notibras.com\/site\/#website\"},\"primaryImageOfPage\":{\"@id\":\"https:\/\/www.notibras.com\/site\/felipao-coloca-garotos-em-campo-e-gremio-volta-a-vencer\/#primaryimage\"},\"image\":{\"@id\":\"https:\/\/www.notibras.com\/site\/felipao-coloca-garotos-em-campo-e-gremio-volta-a-vencer\/#primaryimage\"},\"thumbnailUrl\":\"https:\/\/www.notibras.com\/site\/wp-content\/uploads\/2014\/08\/03gremioabracosgollucasuebelgetty.jpg\",\"datePublished\":\"2014-08-17T21:30:34+00:00\",\"breadcrumb\":{\"@id\":\"https:\/\/www.notibras.com\/site\/felipao-coloca-garotos-em-campo-e-gremio-volta-a-vencer\/#breadcrumb\"},\"inLanguage\":\"pt-BR\",\"potentialAction\":[{\"@type\":\"ReadAction\",\"target\":[\"https:\/\/www.notibras.com\/site\/felipao-coloca-garotos-em-campo-e-gremio-volta-a-vencer\/\"]}]},{\"@type\":\"ImageObject\",\"inLanguage\":\"pt-BR\",\"@id\":\"https:\/\/www.notibras.com\/site\/felipao-coloca-garotos-em-campo-e-gremio-volta-a-vencer\/#primaryimage\",\"url\":\"https:\/\/www.notibras.com\/site\/wp-content\/uploads\/2014\/08\/03gremioabracosgollucasuebelgetty.jpg\",\"contentUrl\":\"https:\/\/www.notibras.com\/site\/wp-content\/uploads\/2014\/08\/03gremioabracosgollucasuebelgetty.jpg\",\"width\":460,\"height\":340},{\"@type\":\"BreadcrumbList\",\"@id\":\"https:\/\/www.notibras.com\/site\/felipao-coloca-garotos-em-campo-e-gremio-volta-a-vencer\/#breadcrumb\",\"itemListElement\":[{\"@type\":\"ListItem\",\"position\":1,\"name\":\"In\u00edcio\",\"item\":\"https:\/\/www.notibras.com\/site\/\"},{\"@type\":\"ListItem\",\"position\":2,\"name\":\"Felip\u00e3o coloca garotos em campo e Gr\u00eamio volta a vencer\"}]},{\"@type\":\"WebSite\",\"@id\":\"https:\/\/www.notibras.com\/site\/#website\",\"url\":\"https:\/\/www.notibras.com\/site\/\",\"name\":\"Notibras\",\"description\":\"Not\u00edcias de Bras\u00edlia, do Brasil e do Mundo\",\"publisher\":{\"@id\":\"https:\/\/www.notibras.com\/site\/#organization\"},\"potentialAction\":[{\"@type\":\"SearchAction\",\"target\":{\"@type\":\"EntryPoint\",\"urlTemplate\":\"https:\/\/www.notibras.com\/site\/?s={search_term_string}\"},\"query-input\":{\"@type\":\"PropertyValueSpecification\",\"valueRequired\":true,\"valueName\":\"search_term_string\"}}],\"inLanguage\":\"pt-BR\"},{\"@type\":\"Organization\",\"@id\":\"https:\/\/www.notibras.com\/site\/#organization\",\"name\":\"Grupo Notibras de Comunica\u00e7\u00e3o\",\"url\":\"https:\/\/www.notibras.com\/site\/\",\"logo\":{\"@type\":\"ImageObject\",\"inLanguage\":\"pt-BR\",\"@id\":\"https:\/\/www.notibras.com\/site\/#\/schema\/logo\/image\/\",\"url\":\"https:\/\/www.notibras.com\/site\/wp-content\/uploads\/2023\/01\/notibras23.png\",\"contentUrl\":\"https:\/\/www.notibras.com\/site\/wp-content\/uploads\/2023\/01\/notibras23.png\",\"width\":350,\"height\":87,\"caption\":\"Grupo Notibras de Comunica\u00e7\u00e3o\"},\"image\":{\"@id\":\"https:\/\/www.notibras.com\/site\/#\/schema\/logo\/image\/\"},\"sameAs\":[\"https:\/\/www.facebook.com\/notibras\/\",\"https:\/\/x.com\/Notibras\",\"https:\/\/www.instagram.com\/notibras\/\"]},{\"@type\":\"Person\",\"@id\":\"https:\/\/www.notibras.com\/site\/#\/schema\/person\/36ab0979449956132d3e5b517ea76ac8\",\"name\":\"Reda\u00e7\u00e3o\",\"image\":{\"@type\":\"ImageObject\",\"inLanguage\":\"pt-BR\",\"@id\":\"https:\/\/secure.gravatar.com\/avatar\/e0a867bdedb85fd243eadf09663511f96fc81e0720a4a42581f334ad4303aa6b?s=96&d=mm&r=g\",\"url\":\"https:\/\/secure.gravatar.com\/avatar\/e0a867bdedb85fd243eadf09663511f96fc81e0720a4a42581f334ad4303aa6b?s=96&d=mm&r=g\",\"contentUrl\":\"https:\/\/secure.gravatar.com\/avatar\/e0a867bdedb85fd243eadf09663511f96fc81e0720a4a42581f334ad4303aa6b?s=96&d=mm&r=g\",\"caption\":\"Reda\u00e7\u00e3o\"}}]}<\/script>\n<!-- \/ Yoast SEO plugin. -->","yoast_head_json":{"title":"Felip\u00e3o coloca garotos em campo e Gr\u00eamio volta a vencer - Notibras","robots":{"index":"index","follow":"follow","max-snippet":"max-snippet:-1","max-image-preview":"max-image-preview:large","max-video-preview":"max-video-preview:-1"},"canonical":"https:\/\/www.notibras.com\/site\/felipao-coloca-garotos-em-campo-e-gremio-volta-a-vencer\/","og_locale":"pt_BR","og_type":"article","og_title":"Felip\u00e3o coloca garotos em campo e Gr\u00eamio volta a vencer - Notibras","og_description":"Depois da estreia com derrota no Gre-Nal em sua segunda passagem no comando do Gr\u00eamio, Luiz Felipe Scolari p\u00f4de comemorar neste domingo. Jogando em casa, o time tricolor contou com gols dos garotos Luan e Lucas Coelho para vencer o Crici\u00fama por 2 a 0, dando ao ex-treinador da Sele\u00e7\u00e3o Brasileira sua primeira vit\u00f3ria, para [&hellip;]","og_url":"https:\/\/www.notibras.com\/site\/felipao-coloca-garotos-em-campo-e-gremio-volta-a-vencer\/","og_site_name":"Notibras","article_publisher":"https:\/\/www.facebook.com\/notibras\/","article_published_time":"2014-08-17T21:30:34+00:00","og_image":[{"width":460,"height":340,"url":"https:\/\/www.notibras.com\/site\/wp-content\/uploads\/2014\/08\/03gremioabracosgollucasuebelgetty.jpg","type":"image\/jpeg"}],"author":"Reda\u00e7\u00e3o","twitter_card":"summary_large_image","twitter_creator":"@Notibras","twitter_site":"@Notibras","twitter_misc":{"Escrito por":"Reda\u00e7\u00e3o","Est. tempo de leitura":"2 minutos"},"schema":{"@context":"https:\/\/schema.org","@graph":[{"@type":"Article","@id":"https:\/\/www.notibras.com\/site\/felipao-coloca-garotos-em-campo-e-gremio-volta-a-vencer\/#article","isPartOf":{"@id":"https:\/\/www.notibras.com\/site\/felipao-coloca-garotos-em-campo-e-gremio-volta-a-vencer\/"},"author":{"name":"Reda\u00e7\u00e3o","@id":"https:\/\/www.notibras.com\/site\/#\/schema\/person\/36ab0979449956132d3e5b517ea76ac8"},"headline":"Felip\u00e3o coloca garotos em campo e Gr\u00eamio volta a vencer","datePublished":"2014-08-17T21:30:34+00:00","mainEntityOfPage":{"@id":"https:\/\/www.notibras.com\/site\/felipao-coloca-garotos-em-campo-e-gremio-volta-a-vencer\/"},"wordCount":430,"commentCount":0,"publisher":{"@id":"https:\/\/www.notibras.com\/site\/#organization"},"image":{"@id":"https:\/\/www.notibras.com\/site\/felipao-coloca-garotos-em-campo-e-gremio-volta-a-vencer\/#primaryimage"},"thumbnailUrl":"https:\/\/www.notibras.com\/site\/wp-content\/uploads\/2014\/08\/03gremioabracosgollucasuebelgetty.jpg","articleSection":["Esportes","Futebol"],"inLanguage":"pt-BR","potentialAction":[{"@type":"CommentAction","name":"Comment","target":["https:\/\/www.notibras.com\/site\/felipao-coloca-garotos-em-campo-e-gremio-volta-a-vencer\/#respond"]}]},{"@type":"WebPage","@id":"https:\/\/www.notibras.com\/site\/felipao-coloca-garotos-em-campo-e-gremio-volta-a-vencer\/","url":"https:\/\/www.notibras.com\/site\/felipao-coloca-garotos-em-campo-e-gremio-volta-a-vencer\/","name":"Felip\u00e3o coloca garotos em campo e Gr\u00eamio volta a vencer - Notibras","isPartOf":{"@id":"https:\/\/www.notibras.com\/site\/#website"},"primaryImageOfPage":{"@id":"https:\/\/www.notibras.com\/site\/felipao-coloca-garotos-em-campo-e-gremio-volta-a-vencer\/#primaryimage"},"image":{"@id":"https:\/\/www.notibras.com\/site\/felipao-coloca-garotos-em-campo-e-gremio-volta-a-vencer\/#primaryimage"},"thumbnailUrl":"https:\/\/www.notibras.com\/site\/wp-content\/uploads\/2014\/08\/03gremioabracosgollucasuebelgetty.jpg","datePublished":"2014-08-17T21:30:34+00:00","breadcrumb":{"@id":"https:\/\/www.notibras.com\/site\/felipao-coloca-garotos-em-campo-e-gremio-volta-a-vencer\/#breadcrumb"},"inLanguage":"pt-BR","potentialAction":[{"@type":"ReadAction","target":["https:\/\/www.notibras.com\/site\/felipao-coloca-garotos-em-campo-e-gremio-volta-a-vencer\/"]}]},{"@type":"ImageObject","inLanguage":"pt-BR","@id":"https:\/\/www.notibras.com\/site\/felipao-coloca-garotos-em-campo-e-gremio-volta-a-vencer\/#primaryimage","url":"https:\/\/www.notibras.com\/site\/wp-content\/uploads\/2014\/08\/03gremioabracosgollucasuebelgetty.jpg","contentUrl":"https:\/\/www.notibras.com\/site\/wp-content\/uploads\/2014\/08\/03gremioabracosgollucasuebelgetty.jpg","width":460,"height":340},{"@type":"BreadcrumbList","@id":"https:\/\/www.notibras.com\/site\/felipao-coloca-garotos-em-campo-e-gremio-volta-a-vencer\/#breadcrumb","itemListElement":[{"@type":"ListItem","position":1,"name":"In\u00edcio","item":"https:\/\/www.notibras.com\/site\/"},{"@type":"ListItem","position":2,"name":"Felip\u00e3o coloca garotos em campo e Gr\u00eamio volta a vencer"}]},{"@type":"WebSite","@id":"https:\/\/www.notibras.com\/site\/#website","url":"https:\/\/www.notibras.com\/site\/","name":"Notibras","description":"Not\u00edcias de Bras\u00edlia, do Brasil e do Mundo","publisher":{"@id":"https:\/\/www.notibras.com\/site\/#organization"},"potentialAction":[{"@type":"SearchAction","target":{"@type":"EntryPoint","urlTemplate":"https:\/\/www.notibras.com\/site\/?s={search_term_string}"},"query-input":{"@type":"PropertyValueSpecification","valueRequired":true,"valueName":"search_term_string"}}],"inLanguage":"pt-BR"},{"@type":"Organization","@id":"https:\/\/www.notibras.com\/site\/#organization","name":"Grupo Notibras de Comunica\u00e7\u00e3o","url":"https:\/\/www.notibras.com\/site\/","logo":{"@type":"ImageObject","inLanguage":"pt-BR","@id":"https:\/\/www.notibras.com\/site\/#\/schema\/logo\/image\/","url":"https:\/\/www.notibras.com\/site\/wp-content\/uploads\/2023\/01\/notibras23.png","contentUrl":"https:\/\/www.notibras.com\/site\/wp-content\/uploads\/2023\/01\/notibras23.png","width":350,"height":87,"caption":"Grupo Notibras de Comunica\u00e7\u00e3o"},"image":{"@id":"https:\/\/www.notibras.com\/site\/#\/schema\/logo\/image\/"},"sameAs":["https:\/\/www.facebook.com\/notibras\/","https:\/\/x.com\/Notibras","https:\/\/www.instagram.com\/notibras\/"]},{"@type":"Person","@id":"https:\/\/www.notibras.com\/site\/#\/schema\/person\/36ab0979449956132d3e5b517ea76ac8","name":"Reda\u00e7\u00e3o","image":{"@type":"ImageObject","inLanguage":"pt-BR","@id":"https:\/\/secure.gravatar.com\/avatar\/e0a867bdedb85fd243eadf09663511f96fc81e0720a4a42581f334ad4303aa6b?s=96&d=mm&r=g","url":"https:\/\/secure.gravatar.com\/avatar\/e0a867bdedb85fd243eadf09663511f96fc81e0720a4a42581f334ad4303aa6b?s=96&d=mm&r=g","contentUrl":"https:\/\/secure.gravatar.com\/avatar\/e0a867bdedb85fd243eadf09663511f96fc81e0720a4a42581f334ad4303aa6b?s=96&d=mm&r=g","caption":"Reda\u00e7\u00e3o"}}]}},"amp_enabled":true,"_links":{"self":[{"href":"https:\/\/www.notibras.com\/site\/wp-json\/wp\/v2\/posts\/19904","targetHints":{"allow":["GET"]}}],"collection":[{"href":"https:\/\/www.notibras.com\/site\/wp-json\/wp\/v2\/posts"}],"about":[{"href":"https:\/\/www.notibras.com\/site\/wp-json\/wp\/v2\/types\/post"}],"author":[{"embeddable":true,"href":"https:\/\/www.notibras.com\/site\/wp-json\/wp\/v2\/users\/2"}],"replies":[{"embeddable":true,"href":"https:\/\/www.notibras.com\/site\/wp-json\/wp\/v2\/comments?post=19904"}],"version-history":[{"count":0,"href":"https:\/\/www.notibras.com\/site\/wp-json\/wp\/v2\/posts\/19904\/revisions"}],"wp:featuredmedia":[{"embeddable":true,"href":"https:\/\/www.notibras.com\/site\/wp-json\/wp\/v2\/media\/19905"}],"wp:attachment":[{"href":"https:\/\/www.notibras.com\/site\/wp-json\/wp\/v2\/media?parent=19904"}],"wp:term":[{"taxonomy":"category","embeddable":true,"href":"https:\/\/www.notibras.com\/site\/wp-json\/wp\/v2\/categories?post=19904"},{"taxonomy":"post_tag","embeddable":true,"href":"https:\/\/www.notibras.com\/site\/wp-json\/wp\/v2\/tags?post=19904"}],"curies":[{"name":"wp","href":"https:\/\/api.w.org\/{rel}","templated":true}]}}