{"id":19910,"date":"2014-08-17T18:37:08","date_gmt":"2014-08-17T21:37:08","guid":{"rendered":"http:\/\/www.notibras.com\/site\/?p=19910"},"modified":"2014-08-17T18:37:08","modified_gmt":"2014-08-17T21:37:08","slug":"cruzeiro-reencontra-caminho-da-vitoria-e-reassume-lideranca","status":"publish","type":"post","link":"https:\/\/www.notibras.com\/site\/cruzeiro-reencontra-caminho-da-vitoria-e-reassume-lideranca\/","title":{"rendered":"Cruzeiro reencontra caminho da vit\u00f3ria e reassume lideran\u00e7a"},"content":{"rendered":"<p>Durou apenas um dia a aus\u00eancia do Cruzeiro no topo da tabela do Campeonato Brasileiro. Com uma vit\u00f3ria por 3\u00a0a 0 sobre o Santos neste domingo, no Mineir\u00e3o, a equipe do t\u00e9cnico Marcelo Oliveira ultrapassou o Internacional e reassumiu a lideran\u00e7a da competi\u00e7\u00e3o, seguindo firme na busca do bicampeonato. Foi\u00a0o reencontro do time celeste com a vit\u00f3ria, depois de empates contra Botafogo e Crici\u00fama nas duas rodadas anteriores.<\/p>\n<p class=\"text\">Os gols cruzeirenses foram marcados por Marcelo Moreno,\u00a0Ricardo Goulart e J\u00falio Baptista, que fechou o placar em contra-ataque mortal no fim. E\u00a0houve pol\u00eamica no primeiro gol, marcado por Moreno &#8211; Goulart estava em posi\u00e7\u00e3o de impedimento bem na frente do camisa 1 santista, mas n\u00e3o tocou na bola, e o \u00e1rbitro considerou que o artilheiro do campeonato n\u00e3o participou da jogada, validando o lance.<\/p>\n<p class=\"text\">O resultado levou o Cruzeiro a 33 pontos, contra 31 do vice-l\u00edder Inter. J\u00e1 o Santos\u00a0parou nos 20 pontos e se distanciou do G-4, na d\u00e9cima coloca\u00e7\u00e3o. Na pr\u00f3xima rodada, os mineiros voltam a jogar em casa, diante do Gr\u00eamio, enquanto o Santos recebe o Atl\u00e9tico-PR na Vila Belmiro.<\/p>\n<p class=\"text\">O duelo, v\u00e1lido pela 15\u00aa rodada, marcou o 100\u00ba jogo do t\u00e9cnico Marcelo Oliveira \u00e0 frente do clube mineiro e com o melhor retrospecto de um treinador na hist\u00f3ria cruzeirense. Ricardo Goulart, ao marcar mais uma vez, agora soma nove gols\u00a0no campeonato e \u00e9 o artilheiro isolado. O Santos, apesar da boa atua\u00e7\u00e3o, principalmente de Robinho, que comandou o time durante todo jogo, foi castigado por desperdi\u00e7ar tantas oportunidades de gol.<\/p>\n<p class=\"text\">E mesmo com o retorno do zagueiro Edu Dracena, o time paulista\u00a0acabou levando mais um gol de boa a\u00e9rea, o quinto seguido. Aos 24min, Everton Ribeiro cruzou, Marcelo Moreno desviou de cabe\u00e7a e Aranha acabou falhando ao tentar encaixar a bola. Os santistas pediram o impedimento de Ricardo Goulart, mas o gol foi validado.<\/p>\n<p class=\"text\">Apesar da \u00f3tima atua\u00e7\u00e3o de Robinho e da proposta ofensiva do Santos, os visitantes acabaram pagando o pre\u00e7o pela falta de pontaria e tomaram o segundo gol logo no in\u00edcio do segundo tempo. Ricardo Goulart foi lan\u00e7ado na \u00e1rea, livre, e bateu forte de p\u00e9 esquerdo. A bola foi em cima de Aranha, mas o goleiro n\u00e3o conseguiu reagir a tempo e aceitou.<\/p>\n<p class=\"text\">A hist\u00f3ria do jogo foi a mesma at\u00e9 o final: Santos criando chances contra o l\u00edder, mas perdendo gols. At\u00e9 que, aos 42min, Thiago Ribeiro perdeu uma bola dominada e armou o contra-ataque mineiro. Everton Ribeiro arrancou e serviu J\u00falio Batista, que tirou de Edu Dracena e bateu sem chances para Aranha.<\/p>\n","protected":false},"excerpt":{"rendered":"<p>Durou apenas um dia a aus\u00eancia do Cruzeiro no topo da tabela do Campeonato Brasileiro. Com uma vit\u00f3ria por 3\u00a0a 0 sobre o Santos neste domingo, no Mineir\u00e3o, a equipe do t\u00e9cnico Marcelo Oliveira ultrapassou o Internacional e reassumiu a lideran\u00e7a da competi\u00e7\u00e3o, seguindo firme na busca do bicampeonato. Foi\u00a0o reencontro do time celeste com [&hellip;]<\/p>\n","protected":false},"author":2,"featured_media":19911,"comment_status":"open","ping_status":"closed","sticky":false,"template":"","format":"standard","meta":{"_acf_changed":false,"footnotes":""},"categories":[19,29],"tags":[],"class_list":["post-19910","post","type-post","status-publish","format-standard","has-post-thumbnail","hentry","category-esportes","category-futebol"],"acf":[],"yoast_head":"<!-- This site is optimized with the Yoast SEO plugin v27.2 - https:\/\/yoast.com\/product\/yoast-seo-wordpress\/ -->\n<title>Cruzeiro reencontra caminho da vit\u00f3ria e reassume lideran\u00e7a - Notibras<\/title>\n<meta name=\"robots\" content=\"index, follow, max-snippet:-1, max-image-preview:large, max-video-preview:-1\" \/>\n<link rel=\"canonical\" href=\"https:\/\/www.notibras.com\/site\/cruzeiro-reencontra-caminho-da-vitoria-e-reassume-lideranca\/\" \/>\n<meta property=\"og:locale\" content=\"pt_BR\" \/>\n<meta property=\"og:type\" content=\"article\" \/>\n<meta property=\"og:title\" content=\"Cruzeiro reencontra caminho da vit\u00f3ria e reassume lideran\u00e7a - Notibras\" \/>\n<meta property=\"og:description\" content=\"Durou apenas um dia a aus\u00eancia do Cruzeiro no topo da tabela do Campeonato Brasileiro. Com uma vit\u00f3ria por 3\u00a0a 0 sobre o Santos neste domingo, no Mineir\u00e3o, a equipe do t\u00e9cnico Marcelo Oliveira ultrapassou o Internacional e reassumiu a lideran\u00e7a da competi\u00e7\u00e3o, seguindo firme na busca do bicampeonato. Foi\u00a0o reencontro do time celeste com [&hellip;]\" \/>\n<meta property=\"og:url\" content=\"https:\/\/www.notibras.com\/site\/cruzeiro-reencontra-caminho-da-vitoria-e-reassume-lideranca\/\" \/>\n<meta property=\"og:site_name\" content=\"Notibras\" \/>\n<meta property=\"article:publisher\" content=\"https:\/\/www.facebook.com\/notibras\/\" \/>\n<meta property=\"article:published_time\" content=\"2014-08-17T21:37:08+00:00\" \/>\n<meta property=\"og:image\" content=\"https:\/\/www.notibras.com\/site\/wp-content\/uploads\/2014\/08\/03goulartfestagolramonbitencourtal.jpg\" \/>\n\t<meta property=\"og:image:width\" content=\"460\" \/>\n\t<meta property=\"og:image:height\" content=\"340\" \/>\n\t<meta property=\"og:image:type\" content=\"image\/jpeg\" \/>\n<meta name=\"author\" content=\"Reda\u00e7\u00e3o\" \/>\n<meta name=\"twitter:card\" content=\"summary_large_image\" \/>\n<meta name=\"twitter:creator\" content=\"@Notibras\" \/>\n<meta name=\"twitter:site\" content=\"@Notibras\" \/>\n<meta name=\"twitter:label1\" content=\"Escrito por\" \/>\n\t<meta name=\"twitter:data1\" content=\"Reda\u00e7\u00e3o\" \/>\n\t<meta name=\"twitter:label2\" content=\"Est. tempo de leitura\" \/>\n\t<meta name=\"twitter:data2\" content=\"2 minutos\" \/>\n<script type=\"application\/ld+json\" class=\"yoast-schema-graph\">{\"@context\":\"https:\/\/schema.org\",\"@graph\":[{\"@type\":\"Article\",\"@id\":\"https:\/\/www.notibras.com\/site\/cruzeiro-reencontra-caminho-da-vitoria-e-reassume-lideranca\/#article\",\"isPartOf\":{\"@id\":\"https:\/\/www.notibras.com\/site\/cruzeiro-reencontra-caminho-da-vitoria-e-reassume-lideranca\/\"},\"author\":{\"name\":\"Reda\u00e7\u00e3o\",\"@id\":\"https:\/\/www.notibras.com\/site\/#\/schema\/person\/36ab0979449956132d3e5b517ea76ac8\"},\"headline\":\"Cruzeiro reencontra caminho da vit\u00f3ria e reassume lideran\u00e7a\",\"datePublished\":\"2014-08-17T21:37:08+00:00\",\"mainEntityOfPage\":{\"@id\":\"https:\/\/www.notibras.com\/site\/cruzeiro-reencontra-caminho-da-vitoria-e-reassume-lideranca\/\"},\"wordCount\":462,\"commentCount\":0,\"publisher\":{\"@id\":\"https:\/\/www.notibras.com\/site\/#organization\"},\"image\":{\"@id\":\"https:\/\/www.notibras.com\/site\/cruzeiro-reencontra-caminho-da-vitoria-e-reassume-lideranca\/#primaryimage\"},\"thumbnailUrl\":\"https:\/\/www.notibras.com\/site\/wp-content\/uploads\/2014\/08\/03goulartfestagolramonbitencourtal.jpg\",\"articleSection\":[\"Esportes\",\"Futebol\"],\"inLanguage\":\"pt-BR\",\"potentialAction\":[{\"@type\":\"CommentAction\",\"name\":\"Comment\",\"target\":[\"https:\/\/www.notibras.com\/site\/cruzeiro-reencontra-caminho-da-vitoria-e-reassume-lideranca\/#respond\"]}]},{\"@type\":\"WebPage\",\"@id\":\"https:\/\/www.notibras.com\/site\/cruzeiro-reencontra-caminho-da-vitoria-e-reassume-lideranca\/\",\"url\":\"https:\/\/www.notibras.com\/site\/cruzeiro-reencontra-caminho-da-vitoria-e-reassume-lideranca\/\",\"name\":\"Cruzeiro reencontra caminho da vit\u00f3ria e reassume lideran\u00e7a - Notibras\",\"isPartOf\":{\"@id\":\"https:\/\/www.notibras.com\/site\/#website\"},\"primaryImageOfPage\":{\"@id\":\"https:\/\/www.notibras.com\/site\/cruzeiro-reencontra-caminho-da-vitoria-e-reassume-lideranca\/#primaryimage\"},\"image\":{\"@id\":\"https:\/\/www.notibras.com\/site\/cruzeiro-reencontra-caminho-da-vitoria-e-reassume-lideranca\/#primaryimage\"},\"thumbnailUrl\":\"https:\/\/www.notibras.com\/site\/wp-content\/uploads\/2014\/08\/03goulartfestagolramonbitencourtal.jpg\",\"datePublished\":\"2014-08-17T21:37:08+00:00\",\"breadcrumb\":{\"@id\":\"https:\/\/www.notibras.com\/site\/cruzeiro-reencontra-caminho-da-vitoria-e-reassume-lideranca\/#breadcrumb\"},\"inLanguage\":\"pt-BR\",\"potentialAction\":[{\"@type\":\"ReadAction\",\"target\":[\"https:\/\/www.notibras.com\/site\/cruzeiro-reencontra-caminho-da-vitoria-e-reassume-lideranca\/\"]}]},{\"@type\":\"ImageObject\",\"inLanguage\":\"pt-BR\",\"@id\":\"https:\/\/www.notibras.com\/site\/cruzeiro-reencontra-caminho-da-vitoria-e-reassume-lideranca\/#primaryimage\",\"url\":\"https:\/\/www.notibras.com\/site\/wp-content\/uploads\/2014\/08\/03goulartfestagolramonbitencourtal.jpg\",\"contentUrl\":\"https:\/\/www.notibras.com\/site\/wp-content\/uploads\/2014\/08\/03goulartfestagolramonbitencourtal.jpg\",\"width\":460,\"height\":340},{\"@type\":\"BreadcrumbList\",\"@id\":\"https:\/\/www.notibras.com\/site\/cruzeiro-reencontra-caminho-da-vitoria-e-reassume-lideranca\/#breadcrumb\",\"itemListElement\":[{\"@type\":\"ListItem\",\"position\":1,\"name\":\"In\u00edcio\",\"item\":\"https:\/\/www.notibras.com\/site\/\"},{\"@type\":\"ListItem\",\"position\":2,\"name\":\"Cruzeiro reencontra caminho da vit\u00f3ria e reassume lideran\u00e7a\"}]},{\"@type\":\"WebSite\",\"@id\":\"https:\/\/www.notibras.com\/site\/#website\",\"url\":\"https:\/\/www.notibras.com\/site\/\",\"name\":\"Notibras\",\"description\":\"Not\u00edcias de Bras\u00edlia, do Brasil e do Mundo\",\"publisher\":{\"@id\":\"https:\/\/www.notibras.com\/site\/#organization\"},\"potentialAction\":[{\"@type\":\"SearchAction\",\"target\":{\"@type\":\"EntryPoint\",\"urlTemplate\":\"https:\/\/www.notibras.com\/site\/?s={search_term_string}\"},\"query-input\":{\"@type\":\"PropertyValueSpecification\",\"valueRequired\":true,\"valueName\":\"search_term_string\"}}],\"inLanguage\":\"pt-BR\"},{\"@type\":\"Organization\",\"@id\":\"https:\/\/www.notibras.com\/site\/#organization\",\"name\":\"Grupo Notibras de Comunica\u00e7\u00e3o\",\"url\":\"https:\/\/www.notibras.com\/site\/\",\"logo\":{\"@type\":\"ImageObject\",\"inLanguage\":\"pt-BR\",\"@id\":\"https:\/\/www.notibras.com\/site\/#\/schema\/logo\/image\/\",\"url\":\"https:\/\/www.notibras.com\/site\/wp-content\/uploads\/2023\/01\/notibras23.png\",\"contentUrl\":\"https:\/\/www.notibras.com\/site\/wp-content\/uploads\/2023\/01\/notibras23.png\",\"width\":350,\"height\":87,\"caption\":\"Grupo Notibras de Comunica\u00e7\u00e3o\"},\"image\":{\"@id\":\"https:\/\/www.notibras.com\/site\/#\/schema\/logo\/image\/\"},\"sameAs\":[\"https:\/\/www.facebook.com\/notibras\/\",\"https:\/\/x.com\/Notibras\",\"https:\/\/www.instagram.com\/notibras\/\"]},{\"@type\":\"Person\",\"@id\":\"https:\/\/www.notibras.com\/site\/#\/schema\/person\/36ab0979449956132d3e5b517ea76ac8\",\"name\":\"Reda\u00e7\u00e3o\",\"image\":{\"@type\":\"ImageObject\",\"inLanguage\":\"pt-BR\",\"@id\":\"https:\/\/secure.gravatar.com\/avatar\/e0a867bdedb85fd243eadf09663511f96fc81e0720a4a42581f334ad4303aa6b?s=96&d=mm&r=g\",\"url\":\"https:\/\/secure.gravatar.com\/avatar\/e0a867bdedb85fd243eadf09663511f96fc81e0720a4a42581f334ad4303aa6b?s=96&d=mm&r=g\",\"contentUrl\":\"https:\/\/secure.gravatar.com\/avatar\/e0a867bdedb85fd243eadf09663511f96fc81e0720a4a42581f334ad4303aa6b?s=96&d=mm&r=g\",\"caption\":\"Reda\u00e7\u00e3o\"}}]}<\/script>\n<!-- \/ Yoast SEO plugin. -->","yoast_head_json":{"title":"Cruzeiro reencontra caminho da vit\u00f3ria e reassume lideran\u00e7a - Notibras","robots":{"index":"index","follow":"follow","max-snippet":"max-snippet:-1","max-image-preview":"max-image-preview:large","max-video-preview":"max-video-preview:-1"},"canonical":"https:\/\/www.notibras.com\/site\/cruzeiro-reencontra-caminho-da-vitoria-e-reassume-lideranca\/","og_locale":"pt_BR","og_type":"article","og_title":"Cruzeiro reencontra caminho da vit\u00f3ria e reassume lideran\u00e7a - Notibras","og_description":"Durou apenas um dia a aus\u00eancia do Cruzeiro no topo da tabela do Campeonato Brasileiro. Com uma vit\u00f3ria por 3\u00a0a 0 sobre o Santos neste domingo, no Mineir\u00e3o, a equipe do t\u00e9cnico Marcelo Oliveira ultrapassou o Internacional e reassumiu a lideran\u00e7a da competi\u00e7\u00e3o, seguindo firme na busca do bicampeonato. Foi\u00a0o reencontro do time celeste com [&hellip;]","og_url":"https:\/\/www.notibras.com\/site\/cruzeiro-reencontra-caminho-da-vitoria-e-reassume-lideranca\/","og_site_name":"Notibras","article_publisher":"https:\/\/www.facebook.com\/notibras\/","article_published_time":"2014-08-17T21:37:08+00:00","og_image":[{"width":460,"height":340,"url":"https:\/\/www.notibras.com\/site\/wp-content\/uploads\/2014\/08\/03goulartfestagolramonbitencourtal.jpg","type":"image\/jpeg"}],"author":"Reda\u00e7\u00e3o","twitter_card":"summary_large_image","twitter_creator":"@Notibras","twitter_site":"@Notibras","twitter_misc":{"Escrito por":"Reda\u00e7\u00e3o","Est. tempo de leitura":"2 minutos"},"schema":{"@context":"https:\/\/schema.org","@graph":[{"@type":"Article","@id":"https:\/\/www.notibras.com\/site\/cruzeiro-reencontra-caminho-da-vitoria-e-reassume-lideranca\/#article","isPartOf":{"@id":"https:\/\/www.notibras.com\/site\/cruzeiro-reencontra-caminho-da-vitoria-e-reassume-lideranca\/"},"author":{"name":"Reda\u00e7\u00e3o","@id":"https:\/\/www.notibras.com\/site\/#\/schema\/person\/36ab0979449956132d3e5b517ea76ac8"},"headline":"Cruzeiro reencontra caminho da vit\u00f3ria e reassume lideran\u00e7a","datePublished":"2014-08-17T21:37:08+00:00","mainEntityOfPage":{"@id":"https:\/\/www.notibras.com\/site\/cruzeiro-reencontra-caminho-da-vitoria-e-reassume-lideranca\/"},"wordCount":462,"commentCount":0,"publisher":{"@id":"https:\/\/www.notibras.com\/site\/#organization"},"image":{"@id":"https:\/\/www.notibras.com\/site\/cruzeiro-reencontra-caminho-da-vitoria-e-reassume-lideranca\/#primaryimage"},"thumbnailUrl":"https:\/\/www.notibras.com\/site\/wp-content\/uploads\/2014\/08\/03goulartfestagolramonbitencourtal.jpg","articleSection":["Esportes","Futebol"],"inLanguage":"pt-BR","potentialAction":[{"@type":"CommentAction","name":"Comment","target":["https:\/\/www.notibras.com\/site\/cruzeiro-reencontra-caminho-da-vitoria-e-reassume-lideranca\/#respond"]}]},{"@type":"WebPage","@id":"https:\/\/www.notibras.com\/site\/cruzeiro-reencontra-caminho-da-vitoria-e-reassume-lideranca\/","url":"https:\/\/www.notibras.com\/site\/cruzeiro-reencontra-caminho-da-vitoria-e-reassume-lideranca\/","name":"Cruzeiro reencontra caminho da vit\u00f3ria e reassume lideran\u00e7a - Notibras","isPartOf":{"@id":"https:\/\/www.notibras.com\/site\/#website"},"primaryImageOfPage":{"@id":"https:\/\/www.notibras.com\/site\/cruzeiro-reencontra-caminho-da-vitoria-e-reassume-lideranca\/#primaryimage"},"image":{"@id":"https:\/\/www.notibras.com\/site\/cruzeiro-reencontra-caminho-da-vitoria-e-reassume-lideranca\/#primaryimage"},"thumbnailUrl":"https:\/\/www.notibras.com\/site\/wp-content\/uploads\/2014\/08\/03goulartfestagolramonbitencourtal.jpg","datePublished":"2014-08-17T21:37:08+00:00","breadcrumb":{"@id":"https:\/\/www.notibras.com\/site\/cruzeiro-reencontra-caminho-da-vitoria-e-reassume-lideranca\/#breadcrumb"},"inLanguage":"pt-BR","potentialAction":[{"@type":"ReadAction","target":["https:\/\/www.notibras.com\/site\/cruzeiro-reencontra-caminho-da-vitoria-e-reassume-lideranca\/"]}]},{"@type":"ImageObject","inLanguage":"pt-BR","@id":"https:\/\/www.notibras.com\/site\/cruzeiro-reencontra-caminho-da-vitoria-e-reassume-lideranca\/#primaryimage","url":"https:\/\/www.notibras.com\/site\/wp-content\/uploads\/2014\/08\/03goulartfestagolramonbitencourtal.jpg","contentUrl":"https:\/\/www.notibras.com\/site\/wp-content\/uploads\/2014\/08\/03goulartfestagolramonbitencourtal.jpg","width":460,"height":340},{"@type":"BreadcrumbList","@id":"https:\/\/www.notibras.com\/site\/cruzeiro-reencontra-caminho-da-vitoria-e-reassume-lideranca\/#breadcrumb","itemListElement":[{"@type":"ListItem","position":1,"name":"In\u00edcio","item":"https:\/\/www.notibras.com\/site\/"},{"@type":"ListItem","position":2,"name":"Cruzeiro reencontra caminho da vit\u00f3ria e reassume lideran\u00e7a"}]},{"@type":"WebSite","@id":"https:\/\/www.notibras.com\/site\/#website","url":"https:\/\/www.notibras.com\/site\/","name":"Notibras","description":"Not\u00edcias de Bras\u00edlia, do Brasil e do Mundo","publisher":{"@id":"https:\/\/www.notibras.com\/site\/#organization"},"potentialAction":[{"@type":"SearchAction","target":{"@type":"EntryPoint","urlTemplate":"https:\/\/www.notibras.com\/site\/?s={search_term_string}"},"query-input":{"@type":"PropertyValueSpecification","valueRequired":true,"valueName":"search_term_string"}}],"inLanguage":"pt-BR"},{"@type":"Organization","@id":"https:\/\/www.notibras.com\/site\/#organization","name":"Grupo Notibras de Comunica\u00e7\u00e3o","url":"https:\/\/www.notibras.com\/site\/","logo":{"@type":"ImageObject","inLanguage":"pt-BR","@id":"https:\/\/www.notibras.com\/site\/#\/schema\/logo\/image\/","url":"https:\/\/www.notibras.com\/site\/wp-content\/uploads\/2023\/01\/notibras23.png","contentUrl":"https:\/\/www.notibras.com\/site\/wp-content\/uploads\/2023\/01\/notibras23.png","width":350,"height":87,"caption":"Grupo Notibras de Comunica\u00e7\u00e3o"},"image":{"@id":"https:\/\/www.notibras.com\/site\/#\/schema\/logo\/image\/"},"sameAs":["https:\/\/www.facebook.com\/notibras\/","https:\/\/x.com\/Notibras","https:\/\/www.instagram.com\/notibras\/"]},{"@type":"Person","@id":"https:\/\/www.notibras.com\/site\/#\/schema\/person\/36ab0979449956132d3e5b517ea76ac8","name":"Reda\u00e7\u00e3o","image":{"@type":"ImageObject","inLanguage":"pt-BR","@id":"https:\/\/secure.gravatar.com\/avatar\/e0a867bdedb85fd243eadf09663511f96fc81e0720a4a42581f334ad4303aa6b?s=96&d=mm&r=g","url":"https:\/\/secure.gravatar.com\/avatar\/e0a867bdedb85fd243eadf09663511f96fc81e0720a4a42581f334ad4303aa6b?s=96&d=mm&r=g","contentUrl":"https:\/\/secure.gravatar.com\/avatar\/e0a867bdedb85fd243eadf09663511f96fc81e0720a4a42581f334ad4303aa6b?s=96&d=mm&r=g","caption":"Reda\u00e7\u00e3o"}}]}},"amp_enabled":true,"_links":{"self":[{"href":"https:\/\/www.notibras.com\/site\/wp-json\/wp\/v2\/posts\/19910","targetHints":{"allow":["GET"]}}],"collection":[{"href":"https:\/\/www.notibras.com\/site\/wp-json\/wp\/v2\/posts"}],"about":[{"href":"https:\/\/www.notibras.com\/site\/wp-json\/wp\/v2\/types\/post"}],"author":[{"embeddable":true,"href":"https:\/\/www.notibras.com\/site\/wp-json\/wp\/v2\/users\/2"}],"replies":[{"embeddable":true,"href":"https:\/\/www.notibras.com\/site\/wp-json\/wp\/v2\/comments?post=19910"}],"version-history":[{"count":0,"href":"https:\/\/www.notibras.com\/site\/wp-json\/wp\/v2\/posts\/19910\/revisions"}],"wp:featuredmedia":[{"embeddable":true,"href":"https:\/\/www.notibras.com\/site\/wp-json\/wp\/v2\/media\/19911"}],"wp:attachment":[{"href":"https:\/\/www.notibras.com\/site\/wp-json\/wp\/v2\/media?parent=19910"}],"wp:term":[{"taxonomy":"category","embeddable":true,"href":"https:\/\/www.notibras.com\/site\/wp-json\/wp\/v2\/categories?post=19910"},{"taxonomy":"post_tag","embeddable":true,"href":"https:\/\/www.notibras.com\/site\/wp-json\/wp\/v2\/tags?post=19910"}],"curies":[{"name":"wp","href":"https:\/\/api.w.org\/{rel}","templated":true}]}}