{"id":19916,"date":"2014-08-17T15:52:20","date_gmt":"2014-08-17T18:52:20","guid":{"rendered":"http:\/\/www.notibras.com\/site\/?p=19916"},"modified":"2014-08-18T23:16:17","modified_gmt":"2014-08-19T02:16:17","slug":"paulistanos-reclamam-da-falta-de-agua-ao-menos-uma-vez-em-30-dias","status":"publish","type":"post","link":"https:\/\/www.notibras.com\/site\/paulistanos-reclamam-da-falta-de-agua-ao-menos-uma-vez-em-30-dias\/","title":{"rendered":"Paulistanos reclamam da falta de \u00e1gua em casa em 30 dias"},"content":{"rendered":"<p>Uma pesquisa do Datafolha aponta que 46% dos paulistanos dizem ter sofrido interrup\u00e7\u00e3o no fornecimento de \u00e1gua nos \u00faltimos 30 dias, segundo informa\u00e7\u00f5es publicadas neste s\u00e1bado pelo jornal Folha de S.Paulo. O percentual \u00e9 maior que o resultado obtido em maio (35%). De acordo com o jornal, considerando todo o Estado de S\u00e3o Paulo, 28% dos entrevistados relataram falta de \u00e1gua.<\/p>\n<p class=\"text\">Desde o in\u00edcio do ano, o Estado de S\u00e3o Paulo vice uma crise h\u00eddrica, com redu\u00e7\u00e3o dr\u00e1stica do volume do sistema Cantareira \u2013 a represa necessitou do volume morto para conseguir abastecer a popula\u00e7\u00e3o. O governo estadual reduziu a press\u00e3o com que a \u00e1gua \u00e9 transportada para as casas, mas negou que a medida seja equivalente a um racionamento.<\/p>\n<blockquote>\n<p class=\"text\">Em cidades n\u00e3o atendidas pela Sabesp no Estado, 2,1 milh\u00f5es de pessoas j\u00e1 vivem rod\u00edzio oficial com at\u00e9 dois dias sem \u00e1gua, diz a publica\u00e7\u00e3o. De acordo com o levantamento, 28% dos paulistanos afirmaram ter sofrido com interrup\u00e7\u00e3o no fornecimento de \u00e1gua por cinco dias ou mais.<\/p>\n<\/blockquote>\n","protected":false},"excerpt":{"rendered":"<p>Uma pesquisa do Datafolha aponta que 46% dos paulistanos dizem ter sofrido interrup\u00e7\u00e3o no fornecimento de \u00e1gua nos \u00faltimos 30 dias, segundo informa\u00e7\u00f5es publicadas neste s\u00e1bado pelo jornal Folha de S.Paulo. O percentual \u00e9 maior que o resultado obtido em maio (35%). De acordo com o jornal, considerando todo o Estado de S\u00e3o Paulo, 28% [&hellip;]<\/p>\n","protected":false},"author":2,"featured_media":19917,"comment_status":"open","ping_status":"closed","sticky":false,"template":"","format":"standard","meta":{"_acf_changed":false,"footnotes":""},"categories":[24],"tags":[],"class_list":["post-19916","post","type-post","status-publish","format-standard","has-post-thumbnail","hentry","category-sao-paulo"],"acf":[],"_links":{"self":[{"href":"https:\/\/www.notibras.com\/site\/wp-json\/wp\/v2\/posts\/19916","targetHints":{"allow":["GET"]}}],"collection":[{"href":"https:\/\/www.notibras.com\/site\/wp-json\/wp\/v2\/posts"}],"about":[{"href":"https:\/\/www.notibras.com\/site\/wp-json\/wp\/v2\/types\/post"}],"author":[{"embeddable":true,"href":"https:\/\/www.notibras.com\/site\/wp-json\/wp\/v2\/users\/2"}],"replies":[{"embeddable":true,"href":"https:\/\/www.notibras.com\/site\/wp-json\/wp\/v2\/comments?post=19916"}],"version-history":[{"count":0,"href":"https:\/\/www.notibras.com\/site\/wp-json\/wp\/v2\/posts\/19916\/revisions"}],"wp:featuredmedia":[{"embeddable":true,"href":"https:\/\/www.notibras.com\/site\/wp-json\/wp\/v2\/media\/19917"}],"wp:attachment":[{"href":"https:\/\/www.notibras.com\/site\/wp-json\/wp\/v2\/media?parent=19916"}],"wp:term":[{"taxonomy":"category","embeddable":true,"href":"https:\/\/www.notibras.com\/site\/wp-json\/wp\/v2\/categories?post=19916"},{"taxonomy":"post_tag","embeddable":true,"href":"https:\/\/www.notibras.com\/site\/wp-json\/wp\/v2\/tags?post=19916"}],"curies":[{"name":"wp","href":"https:\/\/api.w.org\/{rel}","templated":true}]}}