{"id":19931,"date":"2014-08-17T19:41:42","date_gmt":"2014-08-17T22:41:42","guid":{"rendered":"http:\/\/www.notibras.com\/site\/?p=19931"},"modified":"2014-08-17T19:41:42","modified_gmt":"2014-08-17T22:41:42","slug":"voto-cidadao-a-forca-do-povo-para-acabar-com-os-desmandos","status":"publish","type":"post","link":"https:\/\/www.notibras.com\/site\/voto-cidadao-a-forca-do-povo-para-acabar-com-os-desmandos\/","title":{"rendered":"Voto cidad\u00e3o, a for\u00e7a do povo para acabar com os desmandos"},"content":{"rendered":"<p style=\"text-align: justify;\"><span style=\"line-height: 1.3em;\">O povo brasileiro \u00e9 reconhecido mundialmente por possuir uma s\u00e9rie de qualidades e ser assolado por um elenco de defeitos.\u00a0<\/span><span style=\"line-height: 1.3em;\">Um amigo nos alertou que possu\u00edmos como indiv\u00edduos, virtudes e maus h\u00e1bitos, entre os \u00faltimos, alguns que nem percebemos.\u00a0<\/span><span style=\"line-height: 1.3em;\">No momento, n\u00e3o pretendemos discorrer sobre as qualifica\u00e7\u00f5es do povo nem sobre os seus v\u00edcios, ou maus costumes, exceto, apenas um, o egocentrismo arraigado.\u00a0<\/span><span style=\"line-height: 1.3em;\">O nome parece extravagante, contudo, como logo votaremos, este \u00e9 um bom momento para rogar ao povo brasileiro que ao exercer a sua cidadania, por favor, esque\u00e7a por um segundo os seus interesses e pense no seu Brasil.<\/span><\/p>\n<p style=\"text-align: justify;\">Talvez o elemento mais contundente do egocentrismo do homem nativo seja o abomin\u00e1vel\u00a0<em>jeitinho brasileiro<\/em>.<\/p>\n<p style=\"text-align: justify;\">As suas consequ\u00eancias para o Brasil s\u00e3o tremendas e desmoralizantes, basta que vejamos as pesquisas internacionais, onde despontamos como o Pa\u00eds de maior n\u00famero de homic\u00eddios por ano, idem em acidentes de trabalho, \u00a0automobil\u00edsticos, de estupros\u00a0 e outros atos desabonadores.<\/p>\n<p style=\"text-align: justify;\">O\u00a0<em>jeitinho<\/em>\u00a0\u00e9 um velho e carcomido h\u00e1bito que em geral sublinha a falta de cidadania e, por osmose, a falta de responsabilidade.<\/p>\n<p style=\"text-align: justify;\">Estamos certos que ao tentar de alguma forma obter vantagem em tudo, furando filas, entrando em festa sem ser convidado, rodando com carro no acostamento e uma infinidade de<em>\u00a0jeitinhos<\/em>\u00a0para se dar bem, o agente do golpe, pode estar buscando alguma vantagem para si, pecuni\u00e1ria ou a satisfa\u00e7\u00e3o imoral de ser mais vivaldino que os outros.<\/p>\n<p style=\"text-align: justify;\">\u00a0\u00c0s vezes consegue, e julga que o macete \u00e9 ser desleal e malicioso, e assim, considerar &#8211; se melhor do que os demais.<\/p>\n<p style=\"text-align: justify;\">Ser\u00e1 que por isso, n\u00e3o se importa quem governe o Pa\u00eds? Quanto mais golpista \u00e9 melhor?<\/p>\n<p style=\"text-align: justify;\">Ou seja, o p\u00e9ssimo cidad\u00e3o busca obter alguma vantagem, pagar menos, n\u00e3o pagar, ganhar algo sem fazer nada, e assim por diante. \u00c9 o individuo do QI elevado em esperteza.<\/p>\n<p style=\"text-align: justify;\">Este jeitoso individuo \u00e9 vidrado nos seus direitos, mesmo que atropele os direitos dos outros, que julga s\u00e3o um bando de trouxas e imbecis.<\/p>\n<p style=\"text-align: justify;\">O tal de dever \u00e9 aquela obriga\u00e7\u00e3o que s\u00f3 serve para os idiotas. Como muitos pensam e agem assim, \u00e9 f\u00e1cil entender por que estamos \u00e0 matroca.<\/p>\n<p style=\"text-align: justify;\">Hoje, pr\u00f3ximos \u00e0 vota\u00e7\u00e3o, o nosso apelo \u00e9 muito pequeno, apenas imploramos ao esperto nativo, que por um segundo, se esque\u00e7a das vantagens peculiares que a sua vota\u00e7\u00e3o poder\u00e1 trazer para si, e por uma boa a\u00e7\u00e3o no ato, vote em benef\u00edcio da P\u00e1tria.<\/p>\n<p style=\"text-align: justify;\">Acorda moleque inzoneiro, malandro de esquina, comedor de gilete e de outras guloseimas. Desperta, abra os olhos e veja que o Pa\u00eds afunda pela sua omiss\u00e3o, ou melhor, submiss\u00e3o e falta de patriotismo.<\/p>\n<p style=\"text-align: justify;\">Na pr\u00e1tica, estamos implorando a voc\u00ea, que por um breve momento, seja um cidad\u00e3o. Simples assim.<\/p>\n<p style=\"text-align: justify;\">Pense na P\u00e1tria, no bem comum, vote consciente, num ato que se transforme em beneficio da P\u00e1tria e, portanto, no seu futuro e dos demais.<\/p>\n<p style=\"text-align: justify;\">Sabemos que \u00e9 dif\u00edcil algu\u00e9m pensar nos outros, ainda mais que cercados por\u00a0<em>cretinos<\/em>, parece que o restante n\u00e3o vale nada. Ledo engano, a maioria \u00e9 aquela que cumpre as suas obriga\u00e7\u00f5es.<\/p>\n<blockquote>\n<p style=\"text-align: justify;\">Os patifes, os corruptos e corruptores s\u00e3o poucos em rela\u00e7\u00e3o aos 200 milh\u00f5es de brasileiros, e, portanto ao alij\u00e1 &#8211; los de seu voto, voc\u00ea estar\u00e1 praticando a cidadania.<\/p>\n<\/blockquote>\n<p style=\"text-align: justify;\">N\u00e3o estamos citando em quem voc\u00ea dever\u00e1 votar, pois a escolha \u00e9 sua, mas mire a nossa ideol\u00f3gica educa\u00e7\u00e3o, a nossa moribunda sa\u00fade, a nossa inseguran\u00e7a p\u00fablica, a nossa ultrapassada infraestrutura, o bacanal de orgia das greves, e veja como estamos \u00e0 beira de um profundo abismo.<\/p>\n<p style=\"text-align: justify;\">Voc\u00ea que votar\u00e1, deve ter capacidade para realizar uma boa escolha e por certo \u00e9 l\u00facido o suficiente para avaliar como vamos mal, ap\u00f3s mais de uma d\u00e9cada de irresponsabilidades, um per\u00edodo em que grassou a impunidade, a corrup\u00e7\u00e3o e o desmando institucionalizado.<\/p>\n<p style=\"text-align: justify;\">Acordar disposto a ser um cidad\u00e3o brasileiro, votando pelo futuro desta maravilhosa terra \u00e9 tudo que pedimos, ou melhor, imploramos, para o seu e para o nosso bem, e para os futuros cidad\u00e3os brasileiros.<\/p>\n<p style=\"text-align: justify;\" align=\"right\">Acorda, desligado, despreocupado e desinteressado e entra na nossa imensa fila para expurgar a virulenta praga que corre nas veias da P\u00e1tria e tem prostrado uma Na\u00e7\u00e3o, em coma econ\u00f4mico &#8211; financeiro e moral.<\/p>\n<p style=\"text-align: justify;\" align=\"center\"><strong>General Valmir Fonseca Azevedo Pereira<\/strong><\/p>\n","protected":false},"excerpt":{"rendered":"<p>O povo brasileiro \u00e9 reconhecido mundialmente por possuir uma s\u00e9rie de qualidades e ser assolado por um elenco de defeitos.\u00a0Um amigo nos alertou que possu\u00edmos como indiv\u00edduos, virtudes e maus h\u00e1bitos, entre os \u00faltimos, alguns que nem percebemos.\u00a0No momento, n\u00e3o pretendemos discorrer sobre as qualifica\u00e7\u00f5es do povo nem sobre os seus v\u00edcios, ou maus costumes, [&hellip;]<\/p>\n","protected":false},"author":2,"featured_media":19932,"comment_status":"open","ping_status":"closed","sticky":false,"template":"","format":"standard","meta":{"_acf_changed":false,"footnotes":""},"categories":[25],"tags":[],"class_list":["post-19931","post","type-post","status-publish","format-standard","has-post-thumbnail","hentry","category-opina-ai"],"acf":[],"yoast_head":"<!-- This site is optimized with the Yoast SEO plugin v27.5 - https:\/\/yoast.com\/product\/yoast-seo-wordpress\/ -->\n<title>Voto cidad\u00e3o, a for\u00e7a do povo para acabar com os desmandos - Notibras<\/title>\n<meta name=\"robots\" content=\"index, follow, max-snippet:-1, max-image-preview:large, max-video-preview:-1\" \/>\n<link rel=\"canonical\" href=\"https:\/\/www.notibras.com\/site\/voto-cidadao-a-forca-do-povo-para-acabar-com-os-desmandos\/\" \/>\n<meta property=\"og:locale\" content=\"pt_BR\" \/>\n<meta property=\"og:type\" content=\"article\" \/>\n<meta property=\"og:title\" content=\"Voto cidad\u00e3o, a for\u00e7a do povo para acabar com os desmandos - Notibras\" \/>\n<meta property=\"og:description\" content=\"O povo brasileiro \u00e9 reconhecido mundialmente por possuir uma s\u00e9rie de qualidades e ser assolado por um elenco de defeitos.\u00a0Um amigo nos alertou que possu\u00edmos como indiv\u00edduos, virtudes e maus h\u00e1bitos, entre os \u00faltimos, alguns que nem percebemos.\u00a0No momento, n\u00e3o pretendemos discorrer sobre as qualifica\u00e7\u00f5es do povo nem sobre os seus v\u00edcios, ou maus costumes, [&hellip;]\" \/>\n<meta property=\"og:url\" content=\"https:\/\/www.notibras.com\/site\/voto-cidadao-a-forca-do-povo-para-acabar-com-os-desmandos\/\" \/>\n<meta property=\"og:site_name\" content=\"Notibras\" \/>\n<meta property=\"article:publisher\" content=\"https:\/\/www.facebook.com\/notibras\/\" \/>\n<meta property=\"article:published_time\" content=\"2014-08-17T22:41:42+00:00\" \/>\n<meta property=\"og:image\" content=\"https:\/\/www.notibras.com\/site\/wp-content\/uploads\/2014\/08\/brasilhs.jpg\" \/>\n\t<meta property=\"og:image:width\" content=\"500\" \/>\n\t<meta property=\"og:image:height\" content=\"332\" \/>\n\t<meta property=\"og:image:type\" content=\"image\/jpeg\" \/>\n<meta name=\"author\" content=\"Reda\u00e7\u00e3o\" \/>\n<meta name=\"twitter:card\" content=\"summary_large_image\" \/>\n<meta name=\"twitter:creator\" content=\"@Notibras\" \/>\n<meta name=\"twitter:site\" content=\"@Notibras\" \/>\n<meta name=\"twitter:label1\" content=\"Escrito por\" \/>\n\t<meta name=\"twitter:data1\" content=\"Reda\u00e7\u00e3o\" \/>\n\t<meta name=\"twitter:label2\" content=\"Est. tempo de leitura\" \/>\n\t<meta name=\"twitter:data2\" content=\"4 minutos\" \/>\n<script type=\"application\/ld+json\" class=\"yoast-schema-graph\">{\"@context\":\"https:\\\/\\\/schema.org\",\"@graph\":[{\"@type\":\"Article\",\"@id\":\"https:\\\/\\\/www.notibras.com\\\/site\\\/voto-cidadao-a-forca-do-povo-para-acabar-com-os-desmandos\\\/#article\",\"isPartOf\":{\"@id\":\"https:\\\/\\\/www.notibras.com\\\/site\\\/voto-cidadao-a-forca-do-povo-para-acabar-com-os-desmandos\\\/\"},\"author\":{\"name\":\"Reda\u00e7\u00e3o\",\"@id\":\"https:\\\/\\\/www.notibras.com\\\/site\\\/#\\\/schema\\\/person\\\/36ab0979449956132d3e5b517ea76ac8\"},\"headline\":\"Voto cidad\u00e3o, a for\u00e7a do povo para acabar com os desmandos\",\"datePublished\":\"2014-08-17T22:41:42+00:00\",\"mainEntityOfPage\":{\"@id\":\"https:\\\/\\\/www.notibras.com\\\/site\\\/voto-cidadao-a-forca-do-povo-para-acabar-com-os-desmandos\\\/\"},\"wordCount\":755,\"commentCount\":0,\"publisher\":{\"@id\":\"https:\\\/\\\/www.notibras.com\\\/site\\\/#organization\"},\"image\":{\"@id\":\"https:\\\/\\\/www.notibras.com\\\/site\\\/voto-cidadao-a-forca-do-povo-para-acabar-com-os-desmandos\\\/#primaryimage\"},\"thumbnailUrl\":\"https:\\\/\\\/www.notibras.com\\\/site\\\/wp-content\\\/uploads\\\/2014\\\/08\\\/brasilhs.jpg\",\"articleSection\":[\"Opina a\u00ed\"],\"inLanguage\":\"pt-BR\",\"potentialAction\":[{\"@type\":\"CommentAction\",\"name\":\"Comment\",\"target\":[\"https:\\\/\\\/www.notibras.com\\\/site\\\/voto-cidadao-a-forca-do-povo-para-acabar-com-os-desmandos\\\/#respond\"]}]},{\"@type\":\"WebPage\",\"@id\":\"https:\\\/\\\/www.notibras.com\\\/site\\\/voto-cidadao-a-forca-do-povo-para-acabar-com-os-desmandos\\\/\",\"url\":\"https:\\\/\\\/www.notibras.com\\\/site\\\/voto-cidadao-a-forca-do-povo-para-acabar-com-os-desmandos\\\/\",\"name\":\"Voto cidad\u00e3o, a for\u00e7a do povo para acabar com os desmandos - Notibras\",\"isPartOf\":{\"@id\":\"https:\\\/\\\/www.notibras.com\\\/site\\\/#website\"},\"primaryImageOfPage\":{\"@id\":\"https:\\\/\\\/www.notibras.com\\\/site\\\/voto-cidadao-a-forca-do-povo-para-acabar-com-os-desmandos\\\/#primaryimage\"},\"image\":{\"@id\":\"https:\\\/\\\/www.notibras.com\\\/site\\\/voto-cidadao-a-forca-do-povo-para-acabar-com-os-desmandos\\\/#primaryimage\"},\"thumbnailUrl\":\"https:\\\/\\\/www.notibras.com\\\/site\\\/wp-content\\\/uploads\\\/2014\\\/08\\\/brasilhs.jpg\",\"datePublished\":\"2014-08-17T22:41:42+00:00\",\"breadcrumb\":{\"@id\":\"https:\\\/\\\/www.notibras.com\\\/site\\\/voto-cidadao-a-forca-do-povo-para-acabar-com-os-desmandos\\\/#breadcrumb\"},\"inLanguage\":\"pt-BR\",\"potentialAction\":[{\"@type\":\"ReadAction\",\"target\":[\"https:\\\/\\\/www.notibras.com\\\/site\\\/voto-cidadao-a-forca-do-povo-para-acabar-com-os-desmandos\\\/\"]}]},{\"@type\":\"ImageObject\",\"inLanguage\":\"pt-BR\",\"@id\":\"https:\\\/\\\/www.notibras.com\\\/site\\\/voto-cidadao-a-forca-do-povo-para-acabar-com-os-desmandos\\\/#primaryimage\",\"url\":\"https:\\\/\\\/www.notibras.com\\\/site\\\/wp-content\\\/uploads\\\/2014\\\/08\\\/brasilhs.jpg\",\"contentUrl\":\"https:\\\/\\\/www.notibras.com\\\/site\\\/wp-content\\\/uploads\\\/2014\\\/08\\\/brasilhs.jpg\",\"width\":500,\"height\":332},{\"@type\":\"BreadcrumbList\",\"@id\":\"https:\\\/\\\/www.notibras.com\\\/site\\\/voto-cidadao-a-forca-do-povo-para-acabar-com-os-desmandos\\\/#breadcrumb\",\"itemListElement\":[{\"@type\":\"ListItem\",\"position\":1,\"name\":\"In\u00edcio\",\"item\":\"https:\\\/\\\/www.notibras.com\\\/site\\\/\"},{\"@type\":\"ListItem\",\"position\":2,\"name\":\"Voto cidad\u00e3o, a for\u00e7a do povo para acabar com os desmandos\"}]},{\"@type\":\"WebSite\",\"@id\":\"https:\\\/\\\/www.notibras.com\\\/site\\\/#website\",\"url\":\"https:\\\/\\\/www.notibras.com\\\/site\\\/\",\"name\":\"Notibras\",\"description\":\"Not\u00edcias de Bras\u00edlia, do Brasil e do Mundo\",\"publisher\":{\"@id\":\"https:\\\/\\\/www.notibras.com\\\/site\\\/#organization\"},\"potentialAction\":[{\"@type\":\"SearchAction\",\"target\":{\"@type\":\"EntryPoint\",\"urlTemplate\":\"https:\\\/\\\/www.notibras.com\\\/site\\\/?s={search_term_string}\"},\"query-input\":{\"@type\":\"PropertyValueSpecification\",\"valueRequired\":true,\"valueName\":\"search_term_string\"}}],\"inLanguage\":\"pt-BR\"},{\"@type\":\"Organization\",\"@id\":\"https:\\\/\\\/www.notibras.com\\\/site\\\/#organization\",\"name\":\"Grupo Notibras de Comunica\u00e7\u00e3o\",\"url\":\"https:\\\/\\\/www.notibras.com\\\/site\\\/\",\"logo\":{\"@type\":\"ImageObject\",\"inLanguage\":\"pt-BR\",\"@id\":\"https:\\\/\\\/www.notibras.com\\\/site\\\/#\\\/schema\\\/logo\\\/image\\\/\",\"url\":\"https:\\\/\\\/www.notibras.com\\\/site\\\/wp-content\\\/uploads\\\/2023\\\/01\\\/notibras23.png\",\"contentUrl\":\"https:\\\/\\\/www.notibras.com\\\/site\\\/wp-content\\\/uploads\\\/2023\\\/01\\\/notibras23.png\",\"width\":350,\"height\":87,\"caption\":\"Grupo Notibras de Comunica\u00e7\u00e3o\"},\"image\":{\"@id\":\"https:\\\/\\\/www.notibras.com\\\/site\\\/#\\\/schema\\\/logo\\\/image\\\/\"},\"sameAs\":[\"https:\\\/\\\/www.facebook.com\\\/notibras\\\/\",\"https:\\\/\\\/x.com\\\/Notibras\",\"https:\\\/\\\/www.instagram.com\\\/notibras\\\/\"]},{\"@type\":\"Person\",\"@id\":\"https:\\\/\\\/www.notibras.com\\\/site\\\/#\\\/schema\\\/person\\\/36ab0979449956132d3e5b517ea76ac8\",\"name\":\"Reda\u00e7\u00e3o\",\"image\":{\"@type\":\"ImageObject\",\"inLanguage\":\"pt-BR\",\"@id\":\"https:\\\/\\\/secure.gravatar.com\\\/avatar\\\/e0a867bdedb85fd243eadf09663511f96fc81e0720a4a42581f334ad4303aa6b?s=96&d=mm&r=g\",\"url\":\"https:\\\/\\\/secure.gravatar.com\\\/avatar\\\/e0a867bdedb85fd243eadf09663511f96fc81e0720a4a42581f334ad4303aa6b?s=96&d=mm&r=g\",\"contentUrl\":\"https:\\\/\\\/secure.gravatar.com\\\/avatar\\\/e0a867bdedb85fd243eadf09663511f96fc81e0720a4a42581f334ad4303aa6b?s=96&d=mm&r=g\",\"caption\":\"Reda\u00e7\u00e3o\"}}]}<\/script>\n<!-- \/ Yoast SEO plugin. -->","yoast_head_json":{"title":"Voto cidad\u00e3o, a for\u00e7a do povo para acabar com os desmandos - Notibras","robots":{"index":"index","follow":"follow","max-snippet":"max-snippet:-1","max-image-preview":"max-image-preview:large","max-video-preview":"max-video-preview:-1"},"canonical":"https:\/\/www.notibras.com\/site\/voto-cidadao-a-forca-do-povo-para-acabar-com-os-desmandos\/","og_locale":"pt_BR","og_type":"article","og_title":"Voto cidad\u00e3o, a for\u00e7a do povo para acabar com os desmandos - Notibras","og_description":"O povo brasileiro \u00e9 reconhecido mundialmente por possuir uma s\u00e9rie de qualidades e ser assolado por um elenco de defeitos.\u00a0Um amigo nos alertou que possu\u00edmos como indiv\u00edduos, virtudes e maus h\u00e1bitos, entre os \u00faltimos, alguns que nem percebemos.\u00a0No momento, n\u00e3o pretendemos discorrer sobre as qualifica\u00e7\u00f5es do povo nem sobre os seus v\u00edcios, ou maus costumes, [&hellip;]","og_url":"https:\/\/www.notibras.com\/site\/voto-cidadao-a-forca-do-povo-para-acabar-com-os-desmandos\/","og_site_name":"Notibras","article_publisher":"https:\/\/www.facebook.com\/notibras\/","article_published_time":"2014-08-17T22:41:42+00:00","og_image":[{"width":500,"height":332,"url":"https:\/\/www.notibras.com\/site\/wp-content\/uploads\/2014\/08\/brasilhs.jpg","type":"image\/jpeg"}],"author":"Reda\u00e7\u00e3o","twitter_card":"summary_large_image","twitter_creator":"@Notibras","twitter_site":"@Notibras","twitter_misc":{"Escrito por":"Reda\u00e7\u00e3o","Est. tempo de leitura":"4 minutos"},"schema":{"@context":"https:\/\/schema.org","@graph":[{"@type":"Article","@id":"https:\/\/www.notibras.com\/site\/voto-cidadao-a-forca-do-povo-para-acabar-com-os-desmandos\/#article","isPartOf":{"@id":"https:\/\/www.notibras.com\/site\/voto-cidadao-a-forca-do-povo-para-acabar-com-os-desmandos\/"},"author":{"name":"Reda\u00e7\u00e3o","@id":"https:\/\/www.notibras.com\/site\/#\/schema\/person\/36ab0979449956132d3e5b517ea76ac8"},"headline":"Voto cidad\u00e3o, a for\u00e7a do povo para acabar com os desmandos","datePublished":"2014-08-17T22:41:42+00:00","mainEntityOfPage":{"@id":"https:\/\/www.notibras.com\/site\/voto-cidadao-a-forca-do-povo-para-acabar-com-os-desmandos\/"},"wordCount":755,"commentCount":0,"publisher":{"@id":"https:\/\/www.notibras.com\/site\/#organization"},"image":{"@id":"https:\/\/www.notibras.com\/site\/voto-cidadao-a-forca-do-povo-para-acabar-com-os-desmandos\/#primaryimage"},"thumbnailUrl":"https:\/\/www.notibras.com\/site\/wp-content\/uploads\/2014\/08\/brasilhs.jpg","articleSection":["Opina a\u00ed"],"inLanguage":"pt-BR","potentialAction":[{"@type":"CommentAction","name":"Comment","target":["https:\/\/www.notibras.com\/site\/voto-cidadao-a-forca-do-povo-para-acabar-com-os-desmandos\/#respond"]}]},{"@type":"WebPage","@id":"https:\/\/www.notibras.com\/site\/voto-cidadao-a-forca-do-povo-para-acabar-com-os-desmandos\/","url":"https:\/\/www.notibras.com\/site\/voto-cidadao-a-forca-do-povo-para-acabar-com-os-desmandos\/","name":"Voto cidad\u00e3o, a for\u00e7a do povo para acabar com os desmandos - Notibras","isPartOf":{"@id":"https:\/\/www.notibras.com\/site\/#website"},"primaryImageOfPage":{"@id":"https:\/\/www.notibras.com\/site\/voto-cidadao-a-forca-do-povo-para-acabar-com-os-desmandos\/#primaryimage"},"image":{"@id":"https:\/\/www.notibras.com\/site\/voto-cidadao-a-forca-do-povo-para-acabar-com-os-desmandos\/#primaryimage"},"thumbnailUrl":"https:\/\/www.notibras.com\/site\/wp-content\/uploads\/2014\/08\/brasilhs.jpg","datePublished":"2014-08-17T22:41:42+00:00","breadcrumb":{"@id":"https:\/\/www.notibras.com\/site\/voto-cidadao-a-forca-do-povo-para-acabar-com-os-desmandos\/#breadcrumb"},"inLanguage":"pt-BR","potentialAction":[{"@type":"ReadAction","target":["https:\/\/www.notibras.com\/site\/voto-cidadao-a-forca-do-povo-para-acabar-com-os-desmandos\/"]}]},{"@type":"ImageObject","inLanguage":"pt-BR","@id":"https:\/\/www.notibras.com\/site\/voto-cidadao-a-forca-do-povo-para-acabar-com-os-desmandos\/#primaryimage","url":"https:\/\/www.notibras.com\/site\/wp-content\/uploads\/2014\/08\/brasilhs.jpg","contentUrl":"https:\/\/www.notibras.com\/site\/wp-content\/uploads\/2014\/08\/brasilhs.jpg","width":500,"height":332},{"@type":"BreadcrumbList","@id":"https:\/\/www.notibras.com\/site\/voto-cidadao-a-forca-do-povo-para-acabar-com-os-desmandos\/#breadcrumb","itemListElement":[{"@type":"ListItem","position":1,"name":"In\u00edcio","item":"https:\/\/www.notibras.com\/site\/"},{"@type":"ListItem","position":2,"name":"Voto cidad\u00e3o, a for\u00e7a do povo para acabar com os desmandos"}]},{"@type":"WebSite","@id":"https:\/\/www.notibras.com\/site\/#website","url":"https:\/\/www.notibras.com\/site\/","name":"Notibras","description":"Not\u00edcias de Bras\u00edlia, do Brasil e do Mundo","publisher":{"@id":"https:\/\/www.notibras.com\/site\/#organization"},"potentialAction":[{"@type":"SearchAction","target":{"@type":"EntryPoint","urlTemplate":"https:\/\/www.notibras.com\/site\/?s={search_term_string}"},"query-input":{"@type":"PropertyValueSpecification","valueRequired":true,"valueName":"search_term_string"}}],"inLanguage":"pt-BR"},{"@type":"Organization","@id":"https:\/\/www.notibras.com\/site\/#organization","name":"Grupo Notibras de Comunica\u00e7\u00e3o","url":"https:\/\/www.notibras.com\/site\/","logo":{"@type":"ImageObject","inLanguage":"pt-BR","@id":"https:\/\/www.notibras.com\/site\/#\/schema\/logo\/image\/","url":"https:\/\/www.notibras.com\/site\/wp-content\/uploads\/2023\/01\/notibras23.png","contentUrl":"https:\/\/www.notibras.com\/site\/wp-content\/uploads\/2023\/01\/notibras23.png","width":350,"height":87,"caption":"Grupo Notibras de Comunica\u00e7\u00e3o"},"image":{"@id":"https:\/\/www.notibras.com\/site\/#\/schema\/logo\/image\/"},"sameAs":["https:\/\/www.facebook.com\/notibras\/","https:\/\/x.com\/Notibras","https:\/\/www.instagram.com\/notibras\/"]},{"@type":"Person","@id":"https:\/\/www.notibras.com\/site\/#\/schema\/person\/36ab0979449956132d3e5b517ea76ac8","name":"Reda\u00e7\u00e3o","image":{"@type":"ImageObject","inLanguage":"pt-BR","@id":"https:\/\/secure.gravatar.com\/avatar\/e0a867bdedb85fd243eadf09663511f96fc81e0720a4a42581f334ad4303aa6b?s=96&d=mm&r=g","url":"https:\/\/secure.gravatar.com\/avatar\/e0a867bdedb85fd243eadf09663511f96fc81e0720a4a42581f334ad4303aa6b?s=96&d=mm&r=g","contentUrl":"https:\/\/secure.gravatar.com\/avatar\/e0a867bdedb85fd243eadf09663511f96fc81e0720a4a42581f334ad4303aa6b?s=96&d=mm&r=g","caption":"Reda\u00e7\u00e3o"}}]}},"amp_enabled":true,"_links":{"self":[{"href":"https:\/\/www.notibras.com\/site\/wp-json\/wp\/v2\/posts\/19931","targetHints":{"allow":["GET"]}}],"collection":[{"href":"https:\/\/www.notibras.com\/site\/wp-json\/wp\/v2\/posts"}],"about":[{"href":"https:\/\/www.notibras.com\/site\/wp-json\/wp\/v2\/types\/post"}],"author":[{"embeddable":true,"href":"https:\/\/www.notibras.com\/site\/wp-json\/wp\/v2\/users\/2"}],"replies":[{"embeddable":true,"href":"https:\/\/www.notibras.com\/site\/wp-json\/wp\/v2\/comments?post=19931"}],"version-history":[{"count":0,"href":"https:\/\/www.notibras.com\/site\/wp-json\/wp\/v2\/posts\/19931\/revisions"}],"wp:featuredmedia":[{"embeddable":true,"href":"https:\/\/www.notibras.com\/site\/wp-json\/wp\/v2\/media\/19932"}],"wp:attachment":[{"href":"https:\/\/www.notibras.com\/site\/wp-json\/wp\/v2\/media?parent=19931"}],"wp:term":[{"taxonomy":"category","embeddable":true,"href":"https:\/\/www.notibras.com\/site\/wp-json\/wp\/v2\/categories?post=19931"},{"taxonomy":"post_tag","embeddable":true,"href":"https:\/\/www.notibras.com\/site\/wp-json\/wp\/v2\/tags?post=19931"}],"curies":[{"name":"wp","href":"https:\/\/api.w.org\/{rel}","templated":true}]}}