{"id":199481,"date":"2019-01-15T09:50:29","date_gmt":"2019-01-15T11:50:29","guid":{"rendered":"https:\/\/www.notibras.com\/site\/?p=199481"},"modified":"2019-01-15T09:59:18","modified_gmt":"2019-01-15T11:59:18","slug":"licencas-ambientais-ficam-paradas-quem-da-palavra-final","status":"publish","type":"post","link":"https:\/\/www.notibras.com\/site\/licencas-ambientais-ficam-paradas-quem-da-palavra-final\/","title":{"rendered":"Licen\u00e7as ambientais ficam paradas. Quem d\u00e1 palavra final?"},"content":{"rendered":"<p>Cerca de 7 mil processos de licenciamento ambiental de empreendimentos de todo o Pa\u00eds est\u00e3o praticamente paralisados na Funda\u00e7\u00e3o Nacional do \u00cdndio (Funai), por causa de indefini\u00e7\u00f5es sobre o andamento desses estudos e sobre quem, efetivamente, deve realizar esse trabalho.<\/p>\n<p>Desde o dia 2 de janeiro, a responsabilidade pelos estudos sobre impactos a terras e povos ind\u00edgenas deixou de ser uma atribui\u00e7\u00e3o da Funai. Cabe agora \u00e0 Secretaria de Assuntos Fundi\u00e1rios, \u00f3rg\u00e3o criado pelo presidente Jair Bolsonaro e que est\u00e1 sob a tutela do Minist\u00e9rio da Agricultura, tocar os processos de licenciamento ambiental de obras que envolvem quest\u00f5es ind\u00edgenas.<\/p>\n<p>Na pr\u00e1tica, por\u00e9m, essas an\u00e1lises deixaram de ser realizadas, por conta de indefini\u00e7\u00f5es que rondam a nova estrutura do setor.<\/p>\n<p>Essa situa\u00e7\u00e3o j\u00e1 levou ao cancelamento de miss\u00f5es de campo que seriam feitas por analistas ambientais da Funai a grandes projetos. Uma equipe que seguiria at\u00e9 Altamira (PA) para analisar a execu\u00e7\u00e3o do plano b\u00e1sico ambiental de da hidrel\u00e9trica de Belo Monte teve a sua viagem suspensa. Na Estrada de Ferro Caraj\u00e1s, da mineradora Vale, seria realizada uma reuni\u00e3o pra tentar pacificar algumas quest\u00f5es ligadas a terras ind\u00edgenas. O encontro tamb\u00e9m n\u00e3o aconteceu.<\/p>\n<p>A Funai conta com uma equipe de 28 servidores para analisar todos os processos de licenciamento ambiental que envolvam quest\u00f5es ind\u00edgenas. Neste momento, h\u00e1 cerca de 7 mil processos em andamento na Funai, um volume gigantesco de trabalho que, a partir das mudan\u00e7as j\u00e1 feitas por Bolsonaro, dever\u00e1 ser realizado pela Secretaria de Assuntos Fundi\u00e1rios, comandada pelo ruralista e amigo pessoal do presidente, o ex-presidente da Uni\u00e3o Democr\u00e1tica Ruralista (UDR), Luiz Ant\u00f4nio Nabhan Garcia.<\/p>\n<p>Em 2017, a \u00e1rea de licenciamento da Funai emitiu 382 of\u00edcios atrelados a processos de licenciamento. Em 2018, esse volume mais que duplicou, chegando a 801 of\u00edcios. Ao todo, foram elaboradas 456 an\u00e1lises ambientais.<\/p>\n<p>Os pareceres ambientais feitos pela Funai n\u00e3o tinham poder de vetar um empreendimento. A funda\u00e7\u00e3o atuava como um &#8220;\u00f3rg\u00e3o de anu\u00eancia&#8221;, ou seja, de consulta sobre eventual impacto a terras ou povos ind\u00edgenas. Cabia ao Ibama a palavra final sobre a viabilidade ou n\u00e3o de um determinado projeto, tendo aprova\u00e7\u00e3o ou n\u00e3o da Funai. Ao levar a atribui\u00e7\u00e3o da Funai para dentro do Mapa, resta saber como ficar\u00e1 a decis\u00e3o junto ao Ibama. Procurado pela reportagem para comentar o assunto, Nabhan Garcia n\u00e3o se manifestou at\u00e9 a publica\u00e7\u00e3o deste texto.<\/p>\n","protected":false},"excerpt":{"rendered":"<p>Cerca de 7 mil processos de licenciamento ambiental de empreendimentos de todo o Pa\u00eds est\u00e3o praticamente paralisados na Funda\u00e7\u00e3o Nacional do \u00cdndio (Funai), por causa de indefini\u00e7\u00f5es sobre o andamento desses estudos e sobre quem, efetivamente, deve realizar esse trabalho. Desde o dia 2 de janeiro, a responsabilidade pelos estudos sobre impactos a terras e [&hellip;]<\/p>\n","protected":false},"author":2,"featured_media":150650,"comment_status":"closed","ping_status":"closed","sticky":false,"template":"","format":"standard","meta":{"_acf_changed":false,"footnotes":""},"categories":[16],"tags":[95],"class_list":["post-199481","post","type-post","status-publish","format-standard","has-post-thumbnail","hentry","category-brasil","tag-capa"],"acf":[],"yoast_head":"<!-- This site is optimized with the Yoast SEO plugin v27.2 - https:\/\/yoast.com\/product\/yoast-seo-wordpress\/ -->\n<title>Licen\u00e7as ambientais ficam paradas. Quem d\u00e1 palavra final? - Notibras<\/title>\n<meta name=\"robots\" content=\"index, follow, max-snippet:-1, max-image-preview:large, max-video-preview:-1\" \/>\n<link rel=\"canonical\" href=\"https:\/\/www.notibras.com\/site\/licencas-ambientais-ficam-paradas-quem-da-palavra-final\/\" \/>\n<meta property=\"og:locale\" content=\"pt_BR\" \/>\n<meta property=\"og:type\" content=\"article\" \/>\n<meta property=\"og:title\" content=\"Licen\u00e7as ambientais ficam paradas. Quem d\u00e1 palavra final? - Notibras\" \/>\n<meta property=\"og:description\" content=\"Cerca de 7 mil processos de licenciamento ambiental de empreendimentos de todo o Pa\u00eds est\u00e3o praticamente paralisados na Funda\u00e7\u00e3o Nacional do \u00cdndio (Funai), por causa de indefini\u00e7\u00f5es sobre o andamento desses estudos e sobre quem, efetivamente, deve realizar esse trabalho. Desde o dia 2 de janeiro, a responsabilidade pelos estudos sobre impactos a terras e [&hellip;]\" \/>\n<meta property=\"og:url\" content=\"https:\/\/www.notibras.com\/site\/licencas-ambientais-ficam-paradas-quem-da-palavra-final\/\" \/>\n<meta property=\"og:site_name\" content=\"Notibras\" \/>\n<meta property=\"article:publisher\" content=\"https:\/\/www.facebook.com\/notibras\/\" \/>\n<meta property=\"article:published_time\" content=\"2019-01-15T11:50:29+00:00\" \/>\n<meta property=\"article:modified_time\" content=\"2019-01-15T11:59:18+00:00\" \/>\n<meta property=\"og:image\" content=\"https:\/\/www.notibras.com\/site\/wp-content\/uploads\/2017\/08\/amazonia.ouro_-e1547553240283.jpg\" \/>\n\t<meta property=\"og:image:width\" content=\"1920\" \/>\n\t<meta property=\"og:image:height\" content=\"1137\" \/>\n\t<meta property=\"og:image:type\" content=\"image\/jpeg\" \/>\n<meta name=\"author\" content=\"Reda\u00e7\u00e3o\" \/>\n<meta name=\"twitter:card\" content=\"summary_large_image\" \/>\n<meta name=\"twitter:creator\" content=\"@Notibras\" \/>\n<meta name=\"twitter:site\" content=\"@Notibras\" \/>\n<meta name=\"twitter:label1\" content=\"Escrito por\" \/>\n\t<meta name=\"twitter:data1\" content=\"Reda\u00e7\u00e3o\" \/>\n\t<meta name=\"twitter:label2\" content=\"Est. tempo de leitura\" \/>\n\t<meta name=\"twitter:data2\" content=\"2 minutos\" \/>\n<script type=\"application\/ld+json\" class=\"yoast-schema-graph\">{\"@context\":\"https:\/\/schema.org\",\"@graph\":[{\"@type\":\"Article\",\"@id\":\"https:\/\/www.notibras.com\/site\/licencas-ambientais-ficam-paradas-quem-da-palavra-final\/#article\",\"isPartOf\":{\"@id\":\"https:\/\/www.notibras.com\/site\/licencas-ambientais-ficam-paradas-quem-da-palavra-final\/\"},\"author\":{\"name\":\"Reda\u00e7\u00e3o\",\"@id\":\"https:\/\/www.notibras.com\/site\/#\/schema\/person\/36ab0979449956132d3e5b517ea76ac8\"},\"headline\":\"Licen\u00e7as ambientais ficam paradas. Quem d\u00e1 palavra final?\",\"datePublished\":\"2019-01-15T11:50:29+00:00\",\"dateModified\":\"2019-01-15T11:59:18+00:00\",\"mainEntityOfPage\":{\"@id\":\"https:\/\/www.notibras.com\/site\/licencas-ambientais-ficam-paradas-quem-da-palavra-final\/\"},\"wordCount\":437,\"publisher\":{\"@id\":\"https:\/\/www.notibras.com\/site\/#organization\"},\"image\":{\"@id\":\"https:\/\/www.notibras.com\/site\/licencas-ambientais-ficam-paradas-quem-da-palavra-final\/#primaryimage\"},\"thumbnailUrl\":\"https:\/\/www.notibras.com\/site\/wp-content\/uploads\/2017\/08\/amazonia.ouro_-e1547553240283.jpg\",\"keywords\":[\"capa\"],\"articleSection\":[\"Brasil\"],\"inLanguage\":\"pt-BR\"},{\"@type\":\"WebPage\",\"@id\":\"https:\/\/www.notibras.com\/site\/licencas-ambientais-ficam-paradas-quem-da-palavra-final\/\",\"url\":\"https:\/\/www.notibras.com\/site\/licencas-ambientais-ficam-paradas-quem-da-palavra-final\/\",\"name\":\"Licen\u00e7as ambientais ficam paradas. Quem d\u00e1 palavra final? - Notibras\",\"isPartOf\":{\"@id\":\"https:\/\/www.notibras.com\/site\/#website\"},\"primaryImageOfPage\":{\"@id\":\"https:\/\/www.notibras.com\/site\/licencas-ambientais-ficam-paradas-quem-da-palavra-final\/#primaryimage\"},\"image\":{\"@id\":\"https:\/\/www.notibras.com\/site\/licencas-ambientais-ficam-paradas-quem-da-palavra-final\/#primaryimage\"},\"thumbnailUrl\":\"https:\/\/www.notibras.com\/site\/wp-content\/uploads\/2017\/08\/amazonia.ouro_-e1547553240283.jpg\",\"datePublished\":\"2019-01-15T11:50:29+00:00\",\"dateModified\":\"2019-01-15T11:59:18+00:00\",\"breadcrumb\":{\"@id\":\"https:\/\/www.notibras.com\/site\/licencas-ambientais-ficam-paradas-quem-da-palavra-final\/#breadcrumb\"},\"inLanguage\":\"pt-BR\",\"potentialAction\":[{\"@type\":\"ReadAction\",\"target\":[\"https:\/\/www.notibras.com\/site\/licencas-ambientais-ficam-paradas-quem-da-palavra-final\/\"]}]},{\"@type\":\"ImageObject\",\"inLanguage\":\"pt-BR\",\"@id\":\"https:\/\/www.notibras.com\/site\/licencas-ambientais-ficam-paradas-quem-da-palavra-final\/#primaryimage\",\"url\":\"https:\/\/www.notibras.com\/site\/wp-content\/uploads\/2017\/08\/amazonia.ouro_-e1547553240283.jpg\",\"contentUrl\":\"https:\/\/www.notibras.com\/site\/wp-content\/uploads\/2017\/08\/amazonia.ouro_-e1547553240283.jpg\",\"width\":1920,\"height\":1137},{\"@type\":\"BreadcrumbList\",\"@id\":\"https:\/\/www.notibras.com\/site\/licencas-ambientais-ficam-paradas-quem-da-palavra-final\/#breadcrumb\",\"itemListElement\":[{\"@type\":\"ListItem\",\"position\":1,\"name\":\"In\u00edcio\",\"item\":\"https:\/\/www.notibras.com\/site\/\"},{\"@type\":\"ListItem\",\"position\":2,\"name\":\"Licen\u00e7as ambientais ficam paradas. Quem d\u00e1 palavra final?\"}]},{\"@type\":\"WebSite\",\"@id\":\"https:\/\/www.notibras.com\/site\/#website\",\"url\":\"https:\/\/www.notibras.com\/site\/\",\"name\":\"Notibras\",\"description\":\"Not\u00edcias de Bras\u00edlia, do Brasil e do Mundo\",\"publisher\":{\"@id\":\"https:\/\/www.notibras.com\/site\/#organization\"},\"potentialAction\":[{\"@type\":\"SearchAction\",\"target\":{\"@type\":\"EntryPoint\",\"urlTemplate\":\"https:\/\/www.notibras.com\/site\/?s={search_term_string}\"},\"query-input\":{\"@type\":\"PropertyValueSpecification\",\"valueRequired\":true,\"valueName\":\"search_term_string\"}}],\"inLanguage\":\"pt-BR\"},{\"@type\":\"Organization\",\"@id\":\"https:\/\/www.notibras.com\/site\/#organization\",\"name\":\"Grupo Notibras de Comunica\u00e7\u00e3o\",\"url\":\"https:\/\/www.notibras.com\/site\/\",\"logo\":{\"@type\":\"ImageObject\",\"inLanguage\":\"pt-BR\",\"@id\":\"https:\/\/www.notibras.com\/site\/#\/schema\/logo\/image\/\",\"url\":\"https:\/\/www.notibras.com\/site\/wp-content\/uploads\/2023\/01\/notibras23.png\",\"contentUrl\":\"https:\/\/www.notibras.com\/site\/wp-content\/uploads\/2023\/01\/notibras23.png\",\"width\":350,\"height\":87,\"caption\":\"Grupo Notibras de Comunica\u00e7\u00e3o\"},\"image\":{\"@id\":\"https:\/\/www.notibras.com\/site\/#\/schema\/logo\/image\/\"},\"sameAs\":[\"https:\/\/www.facebook.com\/notibras\/\",\"https:\/\/x.com\/Notibras\",\"https:\/\/www.instagram.com\/notibras\/\"]},{\"@type\":\"Person\",\"@id\":\"https:\/\/www.notibras.com\/site\/#\/schema\/person\/36ab0979449956132d3e5b517ea76ac8\",\"name\":\"Reda\u00e7\u00e3o\",\"image\":{\"@type\":\"ImageObject\",\"inLanguage\":\"pt-BR\",\"@id\":\"https:\/\/secure.gravatar.com\/avatar\/e0a867bdedb85fd243eadf09663511f96fc81e0720a4a42581f334ad4303aa6b?s=96&d=mm&r=g\",\"url\":\"https:\/\/secure.gravatar.com\/avatar\/e0a867bdedb85fd243eadf09663511f96fc81e0720a4a42581f334ad4303aa6b?s=96&d=mm&r=g\",\"contentUrl\":\"https:\/\/secure.gravatar.com\/avatar\/e0a867bdedb85fd243eadf09663511f96fc81e0720a4a42581f334ad4303aa6b?s=96&d=mm&r=g\",\"caption\":\"Reda\u00e7\u00e3o\"}}]}<\/script>\n<!-- \/ Yoast SEO plugin. -->","yoast_head_json":{"title":"Licen\u00e7as ambientais ficam paradas. Quem d\u00e1 palavra final? - Notibras","robots":{"index":"index","follow":"follow","max-snippet":"max-snippet:-1","max-image-preview":"max-image-preview:large","max-video-preview":"max-video-preview:-1"},"canonical":"https:\/\/www.notibras.com\/site\/licencas-ambientais-ficam-paradas-quem-da-palavra-final\/","og_locale":"pt_BR","og_type":"article","og_title":"Licen\u00e7as ambientais ficam paradas. Quem d\u00e1 palavra final? - Notibras","og_description":"Cerca de 7 mil processos de licenciamento ambiental de empreendimentos de todo o Pa\u00eds est\u00e3o praticamente paralisados na Funda\u00e7\u00e3o Nacional do \u00cdndio (Funai), por causa de indefini\u00e7\u00f5es sobre o andamento desses estudos e sobre quem, efetivamente, deve realizar esse trabalho. Desde o dia 2 de janeiro, a responsabilidade pelos estudos sobre impactos a terras e [&hellip;]","og_url":"https:\/\/www.notibras.com\/site\/licencas-ambientais-ficam-paradas-quem-da-palavra-final\/","og_site_name":"Notibras","article_publisher":"https:\/\/www.facebook.com\/notibras\/","article_published_time":"2019-01-15T11:50:29+00:00","article_modified_time":"2019-01-15T11:59:18+00:00","og_image":[{"width":1920,"height":1137,"url":"https:\/\/www.notibras.com\/site\/wp-content\/uploads\/2017\/08\/amazonia.ouro_-e1547553240283.jpg","type":"image\/jpeg"}],"author":"Reda\u00e7\u00e3o","twitter_card":"summary_large_image","twitter_creator":"@Notibras","twitter_site":"@Notibras","twitter_misc":{"Escrito por":"Reda\u00e7\u00e3o","Est. tempo de leitura":"2 minutos"},"schema":{"@context":"https:\/\/schema.org","@graph":[{"@type":"Article","@id":"https:\/\/www.notibras.com\/site\/licencas-ambientais-ficam-paradas-quem-da-palavra-final\/#article","isPartOf":{"@id":"https:\/\/www.notibras.com\/site\/licencas-ambientais-ficam-paradas-quem-da-palavra-final\/"},"author":{"name":"Reda\u00e7\u00e3o","@id":"https:\/\/www.notibras.com\/site\/#\/schema\/person\/36ab0979449956132d3e5b517ea76ac8"},"headline":"Licen\u00e7as ambientais ficam paradas. Quem d\u00e1 palavra final?","datePublished":"2019-01-15T11:50:29+00:00","dateModified":"2019-01-15T11:59:18+00:00","mainEntityOfPage":{"@id":"https:\/\/www.notibras.com\/site\/licencas-ambientais-ficam-paradas-quem-da-palavra-final\/"},"wordCount":437,"publisher":{"@id":"https:\/\/www.notibras.com\/site\/#organization"},"image":{"@id":"https:\/\/www.notibras.com\/site\/licencas-ambientais-ficam-paradas-quem-da-palavra-final\/#primaryimage"},"thumbnailUrl":"https:\/\/www.notibras.com\/site\/wp-content\/uploads\/2017\/08\/amazonia.ouro_-e1547553240283.jpg","keywords":["capa"],"articleSection":["Brasil"],"inLanguage":"pt-BR"},{"@type":"WebPage","@id":"https:\/\/www.notibras.com\/site\/licencas-ambientais-ficam-paradas-quem-da-palavra-final\/","url":"https:\/\/www.notibras.com\/site\/licencas-ambientais-ficam-paradas-quem-da-palavra-final\/","name":"Licen\u00e7as ambientais ficam paradas. Quem d\u00e1 palavra final? - Notibras","isPartOf":{"@id":"https:\/\/www.notibras.com\/site\/#website"},"primaryImageOfPage":{"@id":"https:\/\/www.notibras.com\/site\/licencas-ambientais-ficam-paradas-quem-da-palavra-final\/#primaryimage"},"image":{"@id":"https:\/\/www.notibras.com\/site\/licencas-ambientais-ficam-paradas-quem-da-palavra-final\/#primaryimage"},"thumbnailUrl":"https:\/\/www.notibras.com\/site\/wp-content\/uploads\/2017\/08\/amazonia.ouro_-e1547553240283.jpg","datePublished":"2019-01-15T11:50:29+00:00","dateModified":"2019-01-15T11:59:18+00:00","breadcrumb":{"@id":"https:\/\/www.notibras.com\/site\/licencas-ambientais-ficam-paradas-quem-da-palavra-final\/#breadcrumb"},"inLanguage":"pt-BR","potentialAction":[{"@type":"ReadAction","target":["https:\/\/www.notibras.com\/site\/licencas-ambientais-ficam-paradas-quem-da-palavra-final\/"]}]},{"@type":"ImageObject","inLanguage":"pt-BR","@id":"https:\/\/www.notibras.com\/site\/licencas-ambientais-ficam-paradas-quem-da-palavra-final\/#primaryimage","url":"https:\/\/www.notibras.com\/site\/wp-content\/uploads\/2017\/08\/amazonia.ouro_-e1547553240283.jpg","contentUrl":"https:\/\/www.notibras.com\/site\/wp-content\/uploads\/2017\/08\/amazonia.ouro_-e1547553240283.jpg","width":1920,"height":1137},{"@type":"BreadcrumbList","@id":"https:\/\/www.notibras.com\/site\/licencas-ambientais-ficam-paradas-quem-da-palavra-final\/#breadcrumb","itemListElement":[{"@type":"ListItem","position":1,"name":"In\u00edcio","item":"https:\/\/www.notibras.com\/site\/"},{"@type":"ListItem","position":2,"name":"Licen\u00e7as ambientais ficam paradas. Quem d\u00e1 palavra final?"}]},{"@type":"WebSite","@id":"https:\/\/www.notibras.com\/site\/#website","url":"https:\/\/www.notibras.com\/site\/","name":"Notibras","description":"Not\u00edcias de Bras\u00edlia, do Brasil e do Mundo","publisher":{"@id":"https:\/\/www.notibras.com\/site\/#organization"},"potentialAction":[{"@type":"SearchAction","target":{"@type":"EntryPoint","urlTemplate":"https:\/\/www.notibras.com\/site\/?s={search_term_string}"},"query-input":{"@type":"PropertyValueSpecification","valueRequired":true,"valueName":"search_term_string"}}],"inLanguage":"pt-BR"},{"@type":"Organization","@id":"https:\/\/www.notibras.com\/site\/#organization","name":"Grupo Notibras de Comunica\u00e7\u00e3o","url":"https:\/\/www.notibras.com\/site\/","logo":{"@type":"ImageObject","inLanguage":"pt-BR","@id":"https:\/\/www.notibras.com\/site\/#\/schema\/logo\/image\/","url":"https:\/\/www.notibras.com\/site\/wp-content\/uploads\/2023\/01\/notibras23.png","contentUrl":"https:\/\/www.notibras.com\/site\/wp-content\/uploads\/2023\/01\/notibras23.png","width":350,"height":87,"caption":"Grupo Notibras de Comunica\u00e7\u00e3o"},"image":{"@id":"https:\/\/www.notibras.com\/site\/#\/schema\/logo\/image\/"},"sameAs":["https:\/\/www.facebook.com\/notibras\/","https:\/\/x.com\/Notibras","https:\/\/www.instagram.com\/notibras\/"]},{"@type":"Person","@id":"https:\/\/www.notibras.com\/site\/#\/schema\/person\/36ab0979449956132d3e5b517ea76ac8","name":"Reda\u00e7\u00e3o","image":{"@type":"ImageObject","inLanguage":"pt-BR","@id":"https:\/\/secure.gravatar.com\/avatar\/e0a867bdedb85fd243eadf09663511f96fc81e0720a4a42581f334ad4303aa6b?s=96&d=mm&r=g","url":"https:\/\/secure.gravatar.com\/avatar\/e0a867bdedb85fd243eadf09663511f96fc81e0720a4a42581f334ad4303aa6b?s=96&d=mm&r=g","contentUrl":"https:\/\/secure.gravatar.com\/avatar\/e0a867bdedb85fd243eadf09663511f96fc81e0720a4a42581f334ad4303aa6b?s=96&d=mm&r=g","caption":"Reda\u00e7\u00e3o"}}]}},"amp_enabled":true,"_links":{"self":[{"href":"https:\/\/www.notibras.com\/site\/wp-json\/wp\/v2\/posts\/199481","targetHints":{"allow":["GET"]}}],"collection":[{"href":"https:\/\/www.notibras.com\/site\/wp-json\/wp\/v2\/posts"}],"about":[{"href":"https:\/\/www.notibras.com\/site\/wp-json\/wp\/v2\/types\/post"}],"author":[{"embeddable":true,"href":"https:\/\/www.notibras.com\/site\/wp-json\/wp\/v2\/users\/2"}],"replies":[{"embeddable":true,"href":"https:\/\/www.notibras.com\/site\/wp-json\/wp\/v2\/comments?post=199481"}],"version-history":[{"count":2,"href":"https:\/\/www.notibras.com\/site\/wp-json\/wp\/v2\/posts\/199481\/revisions"}],"predecessor-version":[{"id":199483,"href":"https:\/\/www.notibras.com\/site\/wp-json\/wp\/v2\/posts\/199481\/revisions\/199483"}],"wp:featuredmedia":[{"embeddable":true,"href":"https:\/\/www.notibras.com\/site\/wp-json\/wp\/v2\/media\/150650"}],"wp:attachment":[{"href":"https:\/\/www.notibras.com\/site\/wp-json\/wp\/v2\/media?parent=199481"}],"wp:term":[{"taxonomy":"category","embeddable":true,"href":"https:\/\/www.notibras.com\/site\/wp-json\/wp\/v2\/categories?post=199481"},{"taxonomy":"post_tag","embeddable":true,"href":"https:\/\/www.notibras.com\/site\/wp-json\/wp\/v2\/tags?post=199481"}],"curies":[{"name":"wp","href":"https:\/\/api.w.org\/{rel}","templated":true}]}}