{"id":19949,"date":"2014-08-17T20:48:49","date_gmt":"2014-08-17T23:48:49","guid":{"rendered":"http:\/\/www.notibras.com\/site\/?p=19949"},"modified":"2014-08-17T21:29:29","modified_gmt":"2014-08-18T00:29:29","slug":"guerreiro-do-povo-brasileiro-e-o-povo-no-enterro-de-eduardo-campos","status":"publish","type":"post","link":"https:\/\/www.notibras.com\/site\/guerreiro-do-povo-brasileiro-e-o-povo-no-enterro-de-eduardo-campos\/","title":{"rendered":"&#8216;Guerreiro do povo brasileiro&#8217;. \u00c9 o canto sonoro no enterro de Eduardo"},"content":{"rendered":"<p>Mais de cem horas ap\u00f3s o acidente a\u00e9reo que resultou na morte de Eduardo Campos e de mais seis pessoas, o corpo do ex-governador de Pernambuco foi enterrado ao lado do av\u00f4, Miguel Arraes, no Cemit\u00e9rio de Santo Amaro, em uma sepultura simples, sem luxo, rodeada apenas de flores e placas de m\u00e1rmore com identifica\u00e7\u00e3o. Fogos de artif\u00edcio e gritos de &#8220;Eduardo, guerreiro do povo brasileiro&#8221; marcaram o encerramento da cerim\u00f4nia.<\/p>\n<p>Nas ruas, nos bancos, nas cal\u00e7adas em cima dos jazigos \u2013 alguns seculares de m\u00e1rmore \u2013, cada metro do Cemit\u00e9rio Santo Amaro foi disputado pelos admiradores do ex-governador na chegada do caix\u00e3o com os restos mortais do pol\u00edtico. As vias pr\u00f3ximas ao cemit\u00e9rio estavam cheias de \u00f4nibus com caravanas de v\u00e1rias cidades do estado. Segundo a Pol\u00edcia Militar, 150 mil pessoas passaram pelo vel\u00f3rio de Campos, na sede do governo de Pernambuco.<\/p>\n<p>&#8220;Viemos prestar nossa solidariedade e agradecer tudo de bom que ele fez pela gente&#8221;, disse Mikaela Kalina, de 26 anos, que saiu da cidade de Ribeir\u00e3o, a aproximadamente 100 quil\u00f4metros do Recife. Com ela, mais 300 pessoas foram ao Recife na caravana de oito \u00f4nibus.<\/p>\n<blockquote><p>Pr\u00f3ximo ao caix\u00e3o, apenas a fam\u00edlia e amigos. Houve chuva de flores. O \u00faltimo adeus ao pai, irm\u00e3o, filho, tio, neto, sobrinho foi observado atentamente pela multid\u00e3o, que gritava pedindo justi\u00e7a e que as causas do acidente sejam esclarecidas. A esposa, Renata Campos, quatro dos cinco filhos do casal, a m\u00e3e de Campos, Ana Arraes, que estiveram ao lado do caix\u00e3o desde a madrugada quando foi trazido de S\u00e3o Paulo, e o irm\u00e3o, Ant\u00f4nio Campos estavam entre os mais emocionados.<\/p><\/blockquote>\n<p>O auxiliar de servi\u00e7os gerais Jos\u00e9 Fernando de Souza, que h\u00e1 mais de 40 anos trabalha no cemit\u00e9rio, disse que nunca tinha presenciado movimenta\u00e7\u00e3o t\u00e3o intensa em um sepultamento.<\/p>\n<p>Desde a \u00faltima quarta-feira, dia do acidente, o cemit\u00e9rio passou por reparos para abrigar o corpo do ex-governador. Ao longo do percurso feito pelo cortejo f\u00fanebre, centenas de coroas de flores enfeitaram as cal\u00e7adas e ajudavam a confortar a dor da fam\u00edlia pela perda inesperada.<\/p>\n<p>Com o sepultamento do maior nome do partido, o PSB agora buscar\u00e1 unidade em torno do nome de Marina Silva para prosseguir a disputa pela Presid\u00eancia da Rep\u00fablica.<\/p>\n<p><strong>Ivan Richard, ABr<\/strong><\/p>\n","protected":false},"excerpt":{"rendered":"<p>Mais de cem horas ap\u00f3s o acidente a\u00e9reo que resultou na morte de Eduardo Campos e de mais seis pessoas, o corpo do ex-governador de Pernambuco foi enterrado ao lado do av\u00f4, Miguel Arraes, no Cemit\u00e9rio de Santo Amaro, em uma sepultura simples, sem luxo, rodeada apenas de flores e placas de m\u00e1rmore com identifica\u00e7\u00e3o. [&hellip;]<\/p>\n","protected":false},"author":2,"featured_media":19950,"comment_status":"open","ping_status":"closed","sticky":false,"template":"","format":"standard","meta":{"_acf_changed":false,"footnotes":""},"categories":[33],"tags":[],"class_list":["post-19949","post","type-post","status-publish","format-standard","has-post-thumbnail","hentry","category-eleicoes-2014"],"acf":[],"_links":{"self":[{"href":"https:\/\/www.notibras.com\/site\/wp-json\/wp\/v2\/posts\/19949","targetHints":{"allow":["GET"]}}],"collection":[{"href":"https:\/\/www.notibras.com\/site\/wp-json\/wp\/v2\/posts"}],"about":[{"href":"https:\/\/www.notibras.com\/site\/wp-json\/wp\/v2\/types\/post"}],"author":[{"embeddable":true,"href":"https:\/\/www.notibras.com\/site\/wp-json\/wp\/v2\/users\/2"}],"replies":[{"embeddable":true,"href":"https:\/\/www.notibras.com\/site\/wp-json\/wp\/v2\/comments?post=19949"}],"version-history":[{"count":0,"href":"https:\/\/www.notibras.com\/site\/wp-json\/wp\/v2\/posts\/19949\/revisions"}],"wp:featuredmedia":[{"embeddable":true,"href":"https:\/\/www.notibras.com\/site\/wp-json\/wp\/v2\/media\/19950"}],"wp:attachment":[{"href":"https:\/\/www.notibras.com\/site\/wp-json\/wp\/v2\/media?parent=19949"}],"wp:term":[{"taxonomy":"category","embeddable":true,"href":"https:\/\/www.notibras.com\/site\/wp-json\/wp\/v2\/categories?post=19949"},{"taxonomy":"post_tag","embeddable":true,"href":"https:\/\/www.notibras.com\/site\/wp-json\/wp\/v2\/tags?post=19949"}],"curies":[{"name":"wp","href":"https:\/\/api.w.org\/{rel}","templated":true}]}}