{"id":199496,"date":"2019-01-15T10:53:50","date_gmt":"2019-01-15T12:53:50","guid":{"rendered":"https:\/\/www.notibras.com\/site\/?p=199496"},"modified":"2019-01-15T10:53:50","modified_gmt":"2019-01-15T12:53:50","slug":"as-milicias-estao-chegando-junto-com-posse-de-arma","status":"publish","type":"post","link":"https:\/\/www.notibras.com\/site\/as-milicias-estao-chegando-junto-com-posse-de-arma\/","title":{"rendered":"As mil\u00edcias est\u00e3o chegando junto com posse de arma"},"content":{"rendered":"<p>Jair Bolsonaro vai legalizar as mil\u00edcias no Brasil. A afirma\u00e7\u00e3o \u00e9 do petista Fernando Haddad, que disputou e perdeu a corrida eleitoral para o Planalto no ano passado. Essa ser\u00e1 a maior consequ\u00eancia da libera\u00e7\u00e3o do porte de arma, escreveu no Twiiter.<\/p>\n<p>\u201cPouca gente sabe, mas seguran\u00e7a \u00e9 dos primeiros direitos assegurados pelo Estado moderno. A libera\u00e7\u00e3o de armas nos remete \u00e0 pr\u00e9-modernidade e nos conduzir\u00e1 \u00e0 privatiza\u00e7\u00e3o desse servi\u00e7o p\u00fablico. A legaliza\u00e7\u00e3o das mil\u00edcias \u00e9 o pr\u00f3ximo passo. H\u00e1 um PL de Bolsonaro sobre o tema\u201d, cutucou o ex-prefeito paulistano.<\/p>\n<p>A procura por cursos de tiro e o registro de novas armas de fogo cresceram no Brasil no ano passado. Segundo o Sistema Nacional de Armas, da PF, o registro de novas armas em todo o Pa\u00eds cresceu 6,35% no ano passado em compara\u00e7\u00e3o a 2017, passando de 45.443 para 48.330.<\/p>\n<p>J\u00e1 os certificados de registros do Colecionador, Atirador Esportivo ou Ca\u00e7ador, emitidos pelo Ex\u00e9rcito no Estado de S\u00e3o Paulo, subiram de 13.408 at\u00e9 novembro de 2017 para 17.591 at\u00e9 novembro de 2018, um aumento de 31%.<\/p>\n","protected":false},"excerpt":{"rendered":"<p>Jair Bolsonaro vai legalizar as mil\u00edcias no Brasil. A afirma\u00e7\u00e3o \u00e9 do petista Fernando Haddad, que disputou e perdeu a corrida eleitoral para o Planalto no ano passado. Essa ser\u00e1 a maior consequ\u00eancia da libera\u00e7\u00e3o do porte de arma, escreveu no Twiiter. \u201cPouca gente sabe, mas seguran\u00e7a \u00e9 dos primeiros direitos assegurados pelo Estado moderno. [&hellip;]<\/p>\n","protected":false},"author":2,"featured_media":199497,"comment_status":"closed","ping_status":"closed","sticky":false,"template":"","format":"standard","meta":{"_acf_changed":false,"footnotes":""},"categories":[16],"tags":[95],"class_list":["post-199496","post","type-post","status-publish","format-standard","has-post-thumbnail","hentry","category-brasil","tag-capa"],"acf":[],"yoast_head":"<!-- This site is optimized with the Yoast SEO plugin v27.2 - https:\/\/yoast.com\/product\/yoast-seo-wordpress\/ -->\n<title>As mil\u00edcias est\u00e3o chegando junto com posse de arma - Notibras<\/title>\n<meta name=\"robots\" content=\"index, follow, max-snippet:-1, max-image-preview:large, max-video-preview:-1\" \/>\n<link rel=\"canonical\" href=\"https:\/\/www.notibras.com\/site\/as-milicias-estao-chegando-junto-com-posse-de-arma\/\" \/>\n<meta property=\"og:locale\" content=\"pt_BR\" \/>\n<meta property=\"og:type\" content=\"article\" \/>\n<meta property=\"og:title\" content=\"As mil\u00edcias est\u00e3o chegando junto com posse de arma - Notibras\" \/>\n<meta property=\"og:description\" content=\"Jair Bolsonaro vai legalizar as mil\u00edcias no Brasil. A afirma\u00e7\u00e3o \u00e9 do petista Fernando Haddad, que disputou e perdeu a corrida eleitoral para o Planalto no ano passado. Essa ser\u00e1 a maior consequ\u00eancia da libera\u00e7\u00e3o do porte de arma, escreveu no Twiiter. \u201cPouca gente sabe, mas seguran\u00e7a \u00e9 dos primeiros direitos assegurados pelo Estado moderno. [&hellip;]\" \/>\n<meta property=\"og:url\" content=\"https:\/\/www.notibras.com\/site\/as-milicias-estao-chegando-junto-com-posse-de-arma\/\" \/>\n<meta property=\"og:site_name\" content=\"Notibras\" \/>\n<meta property=\"article:publisher\" content=\"https:\/\/www.facebook.com\/notibras\/\" \/>\n<meta property=\"article:published_time\" content=\"2019-01-15T12:53:50+00:00\" \/>\n<meta property=\"og:image\" content=\"https:\/\/www.notibras.com\/site\/wp-content\/uploads\/2019\/01\/armas-de-fogo-arquivo.jpg\" \/>\n\t<meta property=\"og:image:width\" content=\"1024\" \/>\n\t<meta property=\"og:image:height\" content=\"576\" \/>\n\t<meta property=\"og:image:type\" content=\"image\/jpeg\" \/>\n<meta name=\"author\" content=\"Reda\u00e7\u00e3o\" \/>\n<meta name=\"twitter:card\" content=\"summary_large_image\" \/>\n<meta name=\"twitter:creator\" content=\"@Notibras\" \/>\n<meta name=\"twitter:site\" content=\"@Notibras\" \/>\n<meta name=\"twitter:label1\" content=\"Escrito por\" \/>\n\t<meta name=\"twitter:data1\" content=\"Reda\u00e7\u00e3o\" \/>\n\t<meta name=\"twitter:label2\" content=\"Est. tempo de leitura\" \/>\n\t<meta name=\"twitter:data2\" content=\"1 minuto\" \/>\n<script type=\"application\/ld+json\" class=\"yoast-schema-graph\">{\"@context\":\"https:\/\/schema.org\",\"@graph\":[{\"@type\":\"Article\",\"@id\":\"https:\/\/www.notibras.com\/site\/as-milicias-estao-chegando-junto-com-posse-de-arma\/#article\",\"isPartOf\":{\"@id\":\"https:\/\/www.notibras.com\/site\/as-milicias-estao-chegando-junto-com-posse-de-arma\/\"},\"author\":{\"name\":\"Reda\u00e7\u00e3o\",\"@id\":\"https:\/\/www.notibras.com\/site\/#\/schema\/person\/36ab0979449956132d3e5b517ea76ac8\"},\"headline\":\"As mil\u00edcias est\u00e3o chegando junto com posse de arma\",\"datePublished\":\"2019-01-15T12:53:50+00:00\",\"mainEntityOfPage\":{\"@id\":\"https:\/\/www.notibras.com\/site\/as-milicias-estao-chegando-junto-com-posse-de-arma\/\"},\"wordCount\":193,\"publisher\":{\"@id\":\"https:\/\/www.notibras.com\/site\/#organization\"},\"image\":{\"@id\":\"https:\/\/www.notibras.com\/site\/as-milicias-estao-chegando-junto-com-posse-de-arma\/#primaryimage\"},\"thumbnailUrl\":\"https:\/\/www.notibras.com\/site\/wp-content\/uploads\/2019\/01\/armas-de-fogo-arquivo.jpg\",\"keywords\":[\"capa\"],\"articleSection\":[\"Brasil\"],\"inLanguage\":\"pt-BR\"},{\"@type\":\"WebPage\",\"@id\":\"https:\/\/www.notibras.com\/site\/as-milicias-estao-chegando-junto-com-posse-de-arma\/\",\"url\":\"https:\/\/www.notibras.com\/site\/as-milicias-estao-chegando-junto-com-posse-de-arma\/\",\"name\":\"As mil\u00edcias est\u00e3o chegando junto com posse de arma - Notibras\",\"isPartOf\":{\"@id\":\"https:\/\/www.notibras.com\/site\/#website\"},\"primaryImageOfPage\":{\"@id\":\"https:\/\/www.notibras.com\/site\/as-milicias-estao-chegando-junto-com-posse-de-arma\/#primaryimage\"},\"image\":{\"@id\":\"https:\/\/www.notibras.com\/site\/as-milicias-estao-chegando-junto-com-posse-de-arma\/#primaryimage\"},\"thumbnailUrl\":\"https:\/\/www.notibras.com\/site\/wp-content\/uploads\/2019\/01\/armas-de-fogo-arquivo.jpg\",\"datePublished\":\"2019-01-15T12:53:50+00:00\",\"breadcrumb\":{\"@id\":\"https:\/\/www.notibras.com\/site\/as-milicias-estao-chegando-junto-com-posse-de-arma\/#breadcrumb\"},\"inLanguage\":\"pt-BR\",\"potentialAction\":[{\"@type\":\"ReadAction\",\"target\":[\"https:\/\/www.notibras.com\/site\/as-milicias-estao-chegando-junto-com-posse-de-arma\/\"]}]},{\"@type\":\"ImageObject\",\"inLanguage\":\"pt-BR\",\"@id\":\"https:\/\/www.notibras.com\/site\/as-milicias-estao-chegando-junto-com-posse-de-arma\/#primaryimage\",\"url\":\"https:\/\/www.notibras.com\/site\/wp-content\/uploads\/2019\/01\/armas-de-fogo-arquivo.jpg\",\"contentUrl\":\"https:\/\/www.notibras.com\/site\/wp-content\/uploads\/2019\/01\/armas-de-fogo-arquivo.jpg\",\"width\":1024,\"height\":576,\"caption\":\"Foto\/Arquivo Notibras\"},{\"@type\":\"BreadcrumbList\",\"@id\":\"https:\/\/www.notibras.com\/site\/as-milicias-estao-chegando-junto-com-posse-de-arma\/#breadcrumb\",\"itemListElement\":[{\"@type\":\"ListItem\",\"position\":1,\"name\":\"In\u00edcio\",\"item\":\"https:\/\/www.notibras.com\/site\/\"},{\"@type\":\"ListItem\",\"position\":2,\"name\":\"As mil\u00edcias est\u00e3o chegando junto com posse de arma\"}]},{\"@type\":\"WebSite\",\"@id\":\"https:\/\/www.notibras.com\/site\/#website\",\"url\":\"https:\/\/www.notibras.com\/site\/\",\"name\":\"Notibras\",\"description\":\"Not\u00edcias de Bras\u00edlia, do Brasil e do Mundo\",\"publisher\":{\"@id\":\"https:\/\/www.notibras.com\/site\/#organization\"},\"potentialAction\":[{\"@type\":\"SearchAction\",\"target\":{\"@type\":\"EntryPoint\",\"urlTemplate\":\"https:\/\/www.notibras.com\/site\/?s={search_term_string}\"},\"query-input\":{\"@type\":\"PropertyValueSpecification\",\"valueRequired\":true,\"valueName\":\"search_term_string\"}}],\"inLanguage\":\"pt-BR\"},{\"@type\":\"Organization\",\"@id\":\"https:\/\/www.notibras.com\/site\/#organization\",\"name\":\"Grupo Notibras de Comunica\u00e7\u00e3o\",\"url\":\"https:\/\/www.notibras.com\/site\/\",\"logo\":{\"@type\":\"ImageObject\",\"inLanguage\":\"pt-BR\",\"@id\":\"https:\/\/www.notibras.com\/site\/#\/schema\/logo\/image\/\",\"url\":\"https:\/\/www.notibras.com\/site\/wp-content\/uploads\/2023\/01\/notibras23.png\",\"contentUrl\":\"https:\/\/www.notibras.com\/site\/wp-content\/uploads\/2023\/01\/notibras23.png\",\"width\":350,\"height\":87,\"caption\":\"Grupo Notibras de Comunica\u00e7\u00e3o\"},\"image\":{\"@id\":\"https:\/\/www.notibras.com\/site\/#\/schema\/logo\/image\/\"},\"sameAs\":[\"https:\/\/www.facebook.com\/notibras\/\",\"https:\/\/x.com\/Notibras\",\"https:\/\/www.instagram.com\/notibras\/\"]},{\"@type\":\"Person\",\"@id\":\"https:\/\/www.notibras.com\/site\/#\/schema\/person\/36ab0979449956132d3e5b517ea76ac8\",\"name\":\"Reda\u00e7\u00e3o\",\"image\":{\"@type\":\"ImageObject\",\"inLanguage\":\"pt-BR\",\"@id\":\"https:\/\/secure.gravatar.com\/avatar\/e0a867bdedb85fd243eadf09663511f96fc81e0720a4a42581f334ad4303aa6b?s=96&d=mm&r=g\",\"url\":\"https:\/\/secure.gravatar.com\/avatar\/e0a867bdedb85fd243eadf09663511f96fc81e0720a4a42581f334ad4303aa6b?s=96&d=mm&r=g\",\"contentUrl\":\"https:\/\/secure.gravatar.com\/avatar\/e0a867bdedb85fd243eadf09663511f96fc81e0720a4a42581f334ad4303aa6b?s=96&d=mm&r=g\",\"caption\":\"Reda\u00e7\u00e3o\"}}]}<\/script>\n<!-- \/ Yoast SEO plugin. -->","yoast_head_json":{"title":"As mil\u00edcias est\u00e3o chegando junto com posse de arma - Notibras","robots":{"index":"index","follow":"follow","max-snippet":"max-snippet:-1","max-image-preview":"max-image-preview:large","max-video-preview":"max-video-preview:-1"},"canonical":"https:\/\/www.notibras.com\/site\/as-milicias-estao-chegando-junto-com-posse-de-arma\/","og_locale":"pt_BR","og_type":"article","og_title":"As mil\u00edcias est\u00e3o chegando junto com posse de arma - Notibras","og_description":"Jair Bolsonaro vai legalizar as mil\u00edcias no Brasil. A afirma\u00e7\u00e3o \u00e9 do petista Fernando Haddad, que disputou e perdeu a corrida eleitoral para o Planalto no ano passado. Essa ser\u00e1 a maior consequ\u00eancia da libera\u00e7\u00e3o do porte de arma, escreveu no Twiiter. \u201cPouca gente sabe, mas seguran\u00e7a \u00e9 dos primeiros direitos assegurados pelo Estado moderno. [&hellip;]","og_url":"https:\/\/www.notibras.com\/site\/as-milicias-estao-chegando-junto-com-posse-de-arma\/","og_site_name":"Notibras","article_publisher":"https:\/\/www.facebook.com\/notibras\/","article_published_time":"2019-01-15T12:53:50+00:00","og_image":[{"width":1024,"height":576,"url":"https:\/\/www.notibras.com\/site\/wp-content\/uploads\/2019\/01\/armas-de-fogo-arquivo.jpg","type":"image\/jpeg"}],"author":"Reda\u00e7\u00e3o","twitter_card":"summary_large_image","twitter_creator":"@Notibras","twitter_site":"@Notibras","twitter_misc":{"Escrito por":"Reda\u00e7\u00e3o","Est. tempo de leitura":"1 minuto"},"schema":{"@context":"https:\/\/schema.org","@graph":[{"@type":"Article","@id":"https:\/\/www.notibras.com\/site\/as-milicias-estao-chegando-junto-com-posse-de-arma\/#article","isPartOf":{"@id":"https:\/\/www.notibras.com\/site\/as-milicias-estao-chegando-junto-com-posse-de-arma\/"},"author":{"name":"Reda\u00e7\u00e3o","@id":"https:\/\/www.notibras.com\/site\/#\/schema\/person\/36ab0979449956132d3e5b517ea76ac8"},"headline":"As mil\u00edcias est\u00e3o chegando junto com posse de arma","datePublished":"2019-01-15T12:53:50+00:00","mainEntityOfPage":{"@id":"https:\/\/www.notibras.com\/site\/as-milicias-estao-chegando-junto-com-posse-de-arma\/"},"wordCount":193,"publisher":{"@id":"https:\/\/www.notibras.com\/site\/#organization"},"image":{"@id":"https:\/\/www.notibras.com\/site\/as-milicias-estao-chegando-junto-com-posse-de-arma\/#primaryimage"},"thumbnailUrl":"https:\/\/www.notibras.com\/site\/wp-content\/uploads\/2019\/01\/armas-de-fogo-arquivo.jpg","keywords":["capa"],"articleSection":["Brasil"],"inLanguage":"pt-BR"},{"@type":"WebPage","@id":"https:\/\/www.notibras.com\/site\/as-milicias-estao-chegando-junto-com-posse-de-arma\/","url":"https:\/\/www.notibras.com\/site\/as-milicias-estao-chegando-junto-com-posse-de-arma\/","name":"As mil\u00edcias est\u00e3o chegando junto com posse de arma - Notibras","isPartOf":{"@id":"https:\/\/www.notibras.com\/site\/#website"},"primaryImageOfPage":{"@id":"https:\/\/www.notibras.com\/site\/as-milicias-estao-chegando-junto-com-posse-de-arma\/#primaryimage"},"image":{"@id":"https:\/\/www.notibras.com\/site\/as-milicias-estao-chegando-junto-com-posse-de-arma\/#primaryimage"},"thumbnailUrl":"https:\/\/www.notibras.com\/site\/wp-content\/uploads\/2019\/01\/armas-de-fogo-arquivo.jpg","datePublished":"2019-01-15T12:53:50+00:00","breadcrumb":{"@id":"https:\/\/www.notibras.com\/site\/as-milicias-estao-chegando-junto-com-posse-de-arma\/#breadcrumb"},"inLanguage":"pt-BR","potentialAction":[{"@type":"ReadAction","target":["https:\/\/www.notibras.com\/site\/as-milicias-estao-chegando-junto-com-posse-de-arma\/"]}]},{"@type":"ImageObject","inLanguage":"pt-BR","@id":"https:\/\/www.notibras.com\/site\/as-milicias-estao-chegando-junto-com-posse-de-arma\/#primaryimage","url":"https:\/\/www.notibras.com\/site\/wp-content\/uploads\/2019\/01\/armas-de-fogo-arquivo.jpg","contentUrl":"https:\/\/www.notibras.com\/site\/wp-content\/uploads\/2019\/01\/armas-de-fogo-arquivo.jpg","width":1024,"height":576,"caption":"Foto\/Arquivo Notibras"},{"@type":"BreadcrumbList","@id":"https:\/\/www.notibras.com\/site\/as-milicias-estao-chegando-junto-com-posse-de-arma\/#breadcrumb","itemListElement":[{"@type":"ListItem","position":1,"name":"In\u00edcio","item":"https:\/\/www.notibras.com\/site\/"},{"@type":"ListItem","position":2,"name":"As mil\u00edcias est\u00e3o chegando junto com posse de arma"}]},{"@type":"WebSite","@id":"https:\/\/www.notibras.com\/site\/#website","url":"https:\/\/www.notibras.com\/site\/","name":"Notibras","description":"Not\u00edcias de Bras\u00edlia, do Brasil e do Mundo","publisher":{"@id":"https:\/\/www.notibras.com\/site\/#organization"},"potentialAction":[{"@type":"SearchAction","target":{"@type":"EntryPoint","urlTemplate":"https:\/\/www.notibras.com\/site\/?s={search_term_string}"},"query-input":{"@type":"PropertyValueSpecification","valueRequired":true,"valueName":"search_term_string"}}],"inLanguage":"pt-BR"},{"@type":"Organization","@id":"https:\/\/www.notibras.com\/site\/#organization","name":"Grupo Notibras de Comunica\u00e7\u00e3o","url":"https:\/\/www.notibras.com\/site\/","logo":{"@type":"ImageObject","inLanguage":"pt-BR","@id":"https:\/\/www.notibras.com\/site\/#\/schema\/logo\/image\/","url":"https:\/\/www.notibras.com\/site\/wp-content\/uploads\/2023\/01\/notibras23.png","contentUrl":"https:\/\/www.notibras.com\/site\/wp-content\/uploads\/2023\/01\/notibras23.png","width":350,"height":87,"caption":"Grupo Notibras de Comunica\u00e7\u00e3o"},"image":{"@id":"https:\/\/www.notibras.com\/site\/#\/schema\/logo\/image\/"},"sameAs":["https:\/\/www.facebook.com\/notibras\/","https:\/\/x.com\/Notibras","https:\/\/www.instagram.com\/notibras\/"]},{"@type":"Person","@id":"https:\/\/www.notibras.com\/site\/#\/schema\/person\/36ab0979449956132d3e5b517ea76ac8","name":"Reda\u00e7\u00e3o","image":{"@type":"ImageObject","inLanguage":"pt-BR","@id":"https:\/\/secure.gravatar.com\/avatar\/e0a867bdedb85fd243eadf09663511f96fc81e0720a4a42581f334ad4303aa6b?s=96&d=mm&r=g","url":"https:\/\/secure.gravatar.com\/avatar\/e0a867bdedb85fd243eadf09663511f96fc81e0720a4a42581f334ad4303aa6b?s=96&d=mm&r=g","contentUrl":"https:\/\/secure.gravatar.com\/avatar\/e0a867bdedb85fd243eadf09663511f96fc81e0720a4a42581f334ad4303aa6b?s=96&d=mm&r=g","caption":"Reda\u00e7\u00e3o"}}]}},"amp_enabled":true,"_links":{"self":[{"href":"https:\/\/www.notibras.com\/site\/wp-json\/wp\/v2\/posts\/199496","targetHints":{"allow":["GET"]}}],"collection":[{"href":"https:\/\/www.notibras.com\/site\/wp-json\/wp\/v2\/posts"}],"about":[{"href":"https:\/\/www.notibras.com\/site\/wp-json\/wp\/v2\/types\/post"}],"author":[{"embeddable":true,"href":"https:\/\/www.notibras.com\/site\/wp-json\/wp\/v2\/users\/2"}],"replies":[{"embeddable":true,"href":"https:\/\/www.notibras.com\/site\/wp-json\/wp\/v2\/comments?post=199496"}],"version-history":[{"count":1,"href":"https:\/\/www.notibras.com\/site\/wp-json\/wp\/v2\/posts\/199496\/revisions"}],"predecessor-version":[{"id":199498,"href":"https:\/\/www.notibras.com\/site\/wp-json\/wp\/v2\/posts\/199496\/revisions\/199498"}],"wp:featuredmedia":[{"embeddable":true,"href":"https:\/\/www.notibras.com\/site\/wp-json\/wp\/v2\/media\/199497"}],"wp:attachment":[{"href":"https:\/\/www.notibras.com\/site\/wp-json\/wp\/v2\/media?parent=199496"}],"wp:term":[{"taxonomy":"category","embeddable":true,"href":"https:\/\/www.notibras.com\/site\/wp-json\/wp\/v2\/categories?post=199496"},{"taxonomy":"post_tag","embeddable":true,"href":"https:\/\/www.notibras.com\/site\/wp-json\/wp\/v2\/tags?post=199496"}],"curies":[{"name":"wp","href":"https:\/\/api.w.org\/{rel}","templated":true}]}}