{"id":199519,"date":"2019-01-15T12:48:33","date_gmt":"2019-01-15T14:48:33","guid":{"rendered":"https:\/\/www.notibras.com\/site\/?p=199519"},"modified":"2019-01-15T13:11:29","modified_gmt":"2019-01-15T15:11:29","slug":"saiu-o-decreto-que-facilita-a-posse-de-armas","status":"publish","type":"post","link":"https:\/\/www.notibras.com\/site\/saiu-o-decreto-que-facilita-a-posse-de-armas\/","title":{"rendered":"Saiu o decreto que facilita a posse de armas"},"content":{"rendered":"<p>O presidente Jair Bolsonaro assinou nesta ter\u00e7a-feira, 15, decreto que facilita o registro, a posse e a venda de armas de fogo e de muni\u00e7\u00e3o. A assinatura foi feita no in\u00edcio da tarde no Pal\u00e1cio do Planalto.<\/p>\n<p>O decreto flexibiliza a posse de armas no Pa\u00eds, uma das principais promessas de campanha de Bolsonaro. &#8220;Nas minhas andan\u00e7as durante a campanha, a quest\u00e3o da arma estava na ordem do dia&#8221;, afirmou.<\/p>\n<p>\u201cComo o povo soberanamente decidiu, para lhes resguardar o direito \u00e0 leg\u00edtima defesa, vou agora, como presidente, usar esta arma\u201d, afirmou Bolsonaro, mostrando a caneta como se fosse sua arma.<\/p>\n<p>\u201cEstou restaurando o que o povo quis em 2005\u201d, acrescentou Bolsonaro mencionando o referendo realizado h\u00e1 14 anos.<\/p>\n<p>O decreto refere-se exclusivamente \u00e0 posse de armas. O porte de arma de fogo, ou seja, o direito de andar com a arma na rua ou no carro n\u00e3o foi inclu\u00eddo no texto.<\/p>\n<p>Antes de assinar o decreto, o presidente reuniu toda a sua equipe de ministros no Planalto, para discutir o andamento de outras mat\u00e9rias de interesse do governo.<\/p>\n<p><strong>O decreto<\/strong><br \/>\nPelas novas regras, ter\u00e3o &#8220;efetiva necessidade&#8221; de possuir arma em casa as pessoas que se encaixarem nos seguintes crit\u00e9rios:<\/p>\n<p>Ser agente p\u00fablico (ativo ou inativo) de categorias como: agentes de seguran\u00e7a, funcion\u00e1rio da Ag\u00eancia Brasileira de Intelig\u00eancia (Abin), agentes penintenci\u00e1rios, funcion\u00e1rios do sistem socioeducativo e trabalhadores de pol\u00edcia administrativa;<\/p>\n<p>Ser militar (ativo ou inativo)<\/p>\n<p>Residir em \u00e1rea rural;<\/p>\n<p>Residir em estados com \u00edndices anuais de mais de dez homic\u00eddios por cem mil habitantes, segundo dados de 2016 apresentados no Atlas da Viol\u00eancia 2018. (Todos os estados e o Distrito Federal se encaixam nesse crit\u00e9rio).<\/p>\n<p>Ser dono ou respons\u00e1vel legal de estabelecimentos comerciais ou industriais; e<\/p>\n<p>Ser colecionador, atirador e ca\u00e7ador, devidamente registrados no Comando do Ex\u00e9rcito.<\/p>\n<p>Al\u00e9m disso, as pessoas que quiserem ter a arma em casa precisar\u00e3o obedecer a seguinte exig\u00eancia:<\/p>\n<p>Comprovar exist\u00eancia de cofre ou local seguro para armazenamento, em casas que morem crian\u00e7as, adolescentes ou pessoa com defici\u00eancia mental;<\/p>\n<p>N\u00e3o ter\u00e1 direito \u00e0 posse a pessoa que:<\/p>\n<p>tiver v\u00ednculo comprovado com organiza\u00e7\u00f5es criminosas;<\/p>\n<p>mentir na declara\u00e7\u00e3o de efetiva necessidade;<\/p>\n<p><strong>Regras mantidas<\/strong><br \/>\nO novo decreto mant\u00e9m inalteradas exig\u00eancias que j\u00e1 vigoravam sobre posse de armas, como:<\/p>\n<p>Obrigatoriedade de cursos para manejar a arma;<\/p>\n<p>Ter ao menos 25 anos;<\/p>\n<p>Ter ocupa\u00e7\u00e3o l\u00edcita;<\/p>\n<p>N\u00e3o estar respondendo a inqu\u00e9rito policial ou<br \/>\nprocesso criminal;<\/p>\n<p>N\u00e3o ter antecedentes criminais nas justi\u00e7as Federal, Estadual (incluindo juizados), Militar e Eleitoral.<\/p>\n","protected":false},"excerpt":{"rendered":"<p>O presidente Jair Bolsonaro assinou nesta ter\u00e7a-feira, 15, decreto que facilita o registro, a posse e a venda de armas de fogo e de muni\u00e7\u00e3o. A assinatura foi feita no in\u00edcio da tarde no Pal\u00e1cio do Planalto. O decreto flexibiliza a posse de armas no Pa\u00eds, uma das principais promessas de campanha de Bolsonaro. &#8220;Nas [&hellip;]<\/p>\n","protected":false},"author":2,"featured_media":199520,"comment_status":"closed","ping_status":"closed","sticky":false,"template":"","format":"standard","meta":{"_acf_changed":false,"footnotes":""},"categories":[16],"tags":[95],"class_list":["post-199519","post","type-post","status-publish","format-standard","has-post-thumbnail","hentry","category-brasil","tag-capa"],"acf":[],"yoast_head":"<!-- This site is optimized with the Yoast SEO plugin v27.2 - https:\/\/yoast.com\/product\/yoast-seo-wordpress\/ -->\n<title>Saiu o decreto que facilita a posse de armas - Notibras<\/title>\n<meta name=\"robots\" content=\"index, follow, max-snippet:-1, max-image-preview:large, max-video-preview:-1\" \/>\n<link rel=\"canonical\" href=\"https:\/\/www.notibras.com\/site\/saiu-o-decreto-que-facilita-a-posse-de-armas\/\" \/>\n<meta property=\"og:locale\" content=\"pt_BR\" \/>\n<meta property=\"og:type\" content=\"article\" \/>\n<meta property=\"og:title\" content=\"Saiu o decreto que facilita a posse de armas - Notibras\" \/>\n<meta property=\"og:description\" content=\"O presidente Jair Bolsonaro assinou nesta ter\u00e7a-feira, 15, decreto que facilita o registro, a posse e a venda de armas de fogo e de muni\u00e7\u00e3o. A assinatura foi feita no in\u00edcio da tarde no Pal\u00e1cio do Planalto. O decreto flexibiliza a posse de armas no Pa\u00eds, uma das principais promessas de campanha de Bolsonaro. &#8220;Nas [&hellip;]\" \/>\n<meta property=\"og:url\" content=\"https:\/\/www.notibras.com\/site\/saiu-o-decreto-que-facilita-a-posse-de-armas\/\" \/>\n<meta property=\"og:site_name\" content=\"Notibras\" \/>\n<meta property=\"article:publisher\" content=\"https:\/\/www.facebook.com\/notibras\/\" \/>\n<meta property=\"article:published_time\" content=\"2019-01-15T14:48:33+00:00\" \/>\n<meta property=\"article:modified_time\" content=\"2019-01-15T15:11:29+00:00\" \/>\n<meta property=\"og:image\" content=\"https:\/\/www.notibras.com\/site\/wp-content\/uploads\/2019\/01\/posse-de-armas-bolsonaro.jpg\" \/>\n\t<meta property=\"og:image:width\" content=\"1140\" \/>\n\t<meta property=\"og:image:height\" content=\"760\" \/>\n\t<meta property=\"og:image:type\" content=\"image\/jpeg\" \/>\n<meta name=\"author\" content=\"Reda\u00e7\u00e3o\" \/>\n<meta name=\"twitter:card\" content=\"summary_large_image\" \/>\n<meta name=\"twitter:creator\" content=\"@Notibras\" \/>\n<meta name=\"twitter:site\" content=\"@Notibras\" \/>\n<meta name=\"twitter:label1\" content=\"Escrito por\" \/>\n\t<meta name=\"twitter:data1\" content=\"Reda\u00e7\u00e3o\" \/>\n\t<meta name=\"twitter:label2\" content=\"Est. tempo de leitura\" \/>\n\t<meta name=\"twitter:data2\" content=\"2 minutos\" \/>\n<script type=\"application\/ld+json\" class=\"yoast-schema-graph\">{\"@context\":\"https:\/\/schema.org\",\"@graph\":[{\"@type\":\"Article\",\"@id\":\"https:\/\/www.notibras.com\/site\/saiu-o-decreto-que-facilita-a-posse-de-armas\/#article\",\"isPartOf\":{\"@id\":\"https:\/\/www.notibras.com\/site\/saiu-o-decreto-que-facilita-a-posse-de-armas\/\"},\"author\":{\"name\":\"Reda\u00e7\u00e3o\",\"@id\":\"https:\/\/www.notibras.com\/site\/#\/schema\/person\/36ab0979449956132d3e5b517ea76ac8\"},\"headline\":\"Saiu o decreto que facilita a posse de armas\",\"datePublished\":\"2019-01-15T14:48:33+00:00\",\"dateModified\":\"2019-01-15T15:11:29+00:00\",\"mainEntityOfPage\":{\"@id\":\"https:\/\/www.notibras.com\/site\/saiu-o-decreto-que-facilita-a-posse-de-armas\/\"},\"wordCount\":450,\"publisher\":{\"@id\":\"https:\/\/www.notibras.com\/site\/#organization\"},\"image\":{\"@id\":\"https:\/\/www.notibras.com\/site\/saiu-o-decreto-que-facilita-a-posse-de-armas\/#primaryimage\"},\"thumbnailUrl\":\"https:\/\/www.notibras.com\/site\/wp-content\/uploads\/2019\/01\/posse-de-armas-bolsonaro.jpg\",\"keywords\":[\"capa\"],\"articleSection\":[\"Brasil\"],\"inLanguage\":\"pt-BR\"},{\"@type\":\"WebPage\",\"@id\":\"https:\/\/www.notibras.com\/site\/saiu-o-decreto-que-facilita-a-posse-de-armas\/\",\"url\":\"https:\/\/www.notibras.com\/site\/saiu-o-decreto-que-facilita-a-posse-de-armas\/\",\"name\":\"Saiu o decreto que facilita a posse de armas - Notibras\",\"isPartOf\":{\"@id\":\"https:\/\/www.notibras.com\/site\/#website\"},\"primaryImageOfPage\":{\"@id\":\"https:\/\/www.notibras.com\/site\/saiu-o-decreto-que-facilita-a-posse-de-armas\/#primaryimage\"},\"image\":{\"@id\":\"https:\/\/www.notibras.com\/site\/saiu-o-decreto-que-facilita-a-posse-de-armas\/#primaryimage\"},\"thumbnailUrl\":\"https:\/\/www.notibras.com\/site\/wp-content\/uploads\/2019\/01\/posse-de-armas-bolsonaro.jpg\",\"datePublished\":\"2019-01-15T14:48:33+00:00\",\"dateModified\":\"2019-01-15T15:11:29+00:00\",\"breadcrumb\":{\"@id\":\"https:\/\/www.notibras.com\/site\/saiu-o-decreto-que-facilita-a-posse-de-armas\/#breadcrumb\"},\"inLanguage\":\"pt-BR\",\"potentialAction\":[{\"@type\":\"ReadAction\",\"target\":[\"https:\/\/www.notibras.com\/site\/saiu-o-decreto-que-facilita-a-posse-de-armas\/\"]}]},{\"@type\":\"ImageObject\",\"inLanguage\":\"pt-BR\",\"@id\":\"https:\/\/www.notibras.com\/site\/saiu-o-decreto-que-facilita-a-posse-de-armas\/#primaryimage\",\"url\":\"https:\/\/www.notibras.com\/site\/wp-content\/uploads\/2019\/01\/posse-de-armas-bolsonaro.jpg\",\"contentUrl\":\"https:\/\/www.notibras.com\/site\/wp-content\/uploads\/2019\/01\/posse-de-armas-bolsonaro.jpg\",\"width\":1140,\"height\":760,\"caption\":\"Foto: Alan Santos\/ABr\"},{\"@type\":\"BreadcrumbList\",\"@id\":\"https:\/\/www.notibras.com\/site\/saiu-o-decreto-que-facilita-a-posse-de-armas\/#breadcrumb\",\"itemListElement\":[{\"@type\":\"ListItem\",\"position\":1,\"name\":\"In\u00edcio\",\"item\":\"https:\/\/www.notibras.com\/site\/\"},{\"@type\":\"ListItem\",\"position\":2,\"name\":\"Saiu o decreto que facilita a posse de armas\"}]},{\"@type\":\"WebSite\",\"@id\":\"https:\/\/www.notibras.com\/site\/#website\",\"url\":\"https:\/\/www.notibras.com\/site\/\",\"name\":\"Notibras\",\"description\":\"Not\u00edcias de Bras\u00edlia, do Brasil e do Mundo\",\"publisher\":{\"@id\":\"https:\/\/www.notibras.com\/site\/#organization\"},\"potentialAction\":[{\"@type\":\"SearchAction\",\"target\":{\"@type\":\"EntryPoint\",\"urlTemplate\":\"https:\/\/www.notibras.com\/site\/?s={search_term_string}\"},\"query-input\":{\"@type\":\"PropertyValueSpecification\",\"valueRequired\":true,\"valueName\":\"search_term_string\"}}],\"inLanguage\":\"pt-BR\"},{\"@type\":\"Organization\",\"@id\":\"https:\/\/www.notibras.com\/site\/#organization\",\"name\":\"Grupo Notibras de Comunica\u00e7\u00e3o\",\"url\":\"https:\/\/www.notibras.com\/site\/\",\"logo\":{\"@type\":\"ImageObject\",\"inLanguage\":\"pt-BR\",\"@id\":\"https:\/\/www.notibras.com\/site\/#\/schema\/logo\/image\/\",\"url\":\"https:\/\/www.notibras.com\/site\/wp-content\/uploads\/2023\/01\/notibras23.png\",\"contentUrl\":\"https:\/\/www.notibras.com\/site\/wp-content\/uploads\/2023\/01\/notibras23.png\",\"width\":350,\"height\":87,\"caption\":\"Grupo Notibras de Comunica\u00e7\u00e3o\"},\"image\":{\"@id\":\"https:\/\/www.notibras.com\/site\/#\/schema\/logo\/image\/\"},\"sameAs\":[\"https:\/\/www.facebook.com\/notibras\/\",\"https:\/\/x.com\/Notibras\",\"https:\/\/www.instagram.com\/notibras\/\"]},{\"@type\":\"Person\",\"@id\":\"https:\/\/www.notibras.com\/site\/#\/schema\/person\/36ab0979449956132d3e5b517ea76ac8\",\"name\":\"Reda\u00e7\u00e3o\",\"image\":{\"@type\":\"ImageObject\",\"inLanguage\":\"pt-BR\",\"@id\":\"https:\/\/secure.gravatar.com\/avatar\/e0a867bdedb85fd243eadf09663511f96fc81e0720a4a42581f334ad4303aa6b?s=96&d=mm&r=g\",\"url\":\"https:\/\/secure.gravatar.com\/avatar\/e0a867bdedb85fd243eadf09663511f96fc81e0720a4a42581f334ad4303aa6b?s=96&d=mm&r=g\",\"contentUrl\":\"https:\/\/secure.gravatar.com\/avatar\/e0a867bdedb85fd243eadf09663511f96fc81e0720a4a42581f334ad4303aa6b?s=96&d=mm&r=g\",\"caption\":\"Reda\u00e7\u00e3o\"}}]}<\/script>\n<!-- \/ Yoast SEO plugin. -->","yoast_head_json":{"title":"Saiu o decreto que facilita a posse de armas - Notibras","robots":{"index":"index","follow":"follow","max-snippet":"max-snippet:-1","max-image-preview":"max-image-preview:large","max-video-preview":"max-video-preview:-1"},"canonical":"https:\/\/www.notibras.com\/site\/saiu-o-decreto-que-facilita-a-posse-de-armas\/","og_locale":"pt_BR","og_type":"article","og_title":"Saiu o decreto que facilita a posse de armas - Notibras","og_description":"O presidente Jair Bolsonaro assinou nesta ter\u00e7a-feira, 15, decreto que facilita o registro, a posse e a venda de armas de fogo e de muni\u00e7\u00e3o. A assinatura foi feita no in\u00edcio da tarde no Pal\u00e1cio do Planalto. O decreto flexibiliza a posse de armas no Pa\u00eds, uma das principais promessas de campanha de Bolsonaro. &#8220;Nas [&hellip;]","og_url":"https:\/\/www.notibras.com\/site\/saiu-o-decreto-que-facilita-a-posse-de-armas\/","og_site_name":"Notibras","article_publisher":"https:\/\/www.facebook.com\/notibras\/","article_published_time":"2019-01-15T14:48:33+00:00","article_modified_time":"2019-01-15T15:11:29+00:00","og_image":[{"width":1140,"height":760,"url":"https:\/\/www.notibras.com\/site\/wp-content\/uploads\/2019\/01\/posse-de-armas-bolsonaro.jpg","type":"image\/jpeg"}],"author":"Reda\u00e7\u00e3o","twitter_card":"summary_large_image","twitter_creator":"@Notibras","twitter_site":"@Notibras","twitter_misc":{"Escrito por":"Reda\u00e7\u00e3o","Est. tempo de leitura":"2 minutos"},"schema":{"@context":"https:\/\/schema.org","@graph":[{"@type":"Article","@id":"https:\/\/www.notibras.com\/site\/saiu-o-decreto-que-facilita-a-posse-de-armas\/#article","isPartOf":{"@id":"https:\/\/www.notibras.com\/site\/saiu-o-decreto-que-facilita-a-posse-de-armas\/"},"author":{"name":"Reda\u00e7\u00e3o","@id":"https:\/\/www.notibras.com\/site\/#\/schema\/person\/36ab0979449956132d3e5b517ea76ac8"},"headline":"Saiu o decreto que facilita a posse de armas","datePublished":"2019-01-15T14:48:33+00:00","dateModified":"2019-01-15T15:11:29+00:00","mainEntityOfPage":{"@id":"https:\/\/www.notibras.com\/site\/saiu-o-decreto-que-facilita-a-posse-de-armas\/"},"wordCount":450,"publisher":{"@id":"https:\/\/www.notibras.com\/site\/#organization"},"image":{"@id":"https:\/\/www.notibras.com\/site\/saiu-o-decreto-que-facilita-a-posse-de-armas\/#primaryimage"},"thumbnailUrl":"https:\/\/www.notibras.com\/site\/wp-content\/uploads\/2019\/01\/posse-de-armas-bolsonaro.jpg","keywords":["capa"],"articleSection":["Brasil"],"inLanguage":"pt-BR"},{"@type":"WebPage","@id":"https:\/\/www.notibras.com\/site\/saiu-o-decreto-que-facilita-a-posse-de-armas\/","url":"https:\/\/www.notibras.com\/site\/saiu-o-decreto-que-facilita-a-posse-de-armas\/","name":"Saiu o decreto que facilita a posse de armas - Notibras","isPartOf":{"@id":"https:\/\/www.notibras.com\/site\/#website"},"primaryImageOfPage":{"@id":"https:\/\/www.notibras.com\/site\/saiu-o-decreto-que-facilita-a-posse-de-armas\/#primaryimage"},"image":{"@id":"https:\/\/www.notibras.com\/site\/saiu-o-decreto-que-facilita-a-posse-de-armas\/#primaryimage"},"thumbnailUrl":"https:\/\/www.notibras.com\/site\/wp-content\/uploads\/2019\/01\/posse-de-armas-bolsonaro.jpg","datePublished":"2019-01-15T14:48:33+00:00","dateModified":"2019-01-15T15:11:29+00:00","breadcrumb":{"@id":"https:\/\/www.notibras.com\/site\/saiu-o-decreto-que-facilita-a-posse-de-armas\/#breadcrumb"},"inLanguage":"pt-BR","potentialAction":[{"@type":"ReadAction","target":["https:\/\/www.notibras.com\/site\/saiu-o-decreto-que-facilita-a-posse-de-armas\/"]}]},{"@type":"ImageObject","inLanguage":"pt-BR","@id":"https:\/\/www.notibras.com\/site\/saiu-o-decreto-que-facilita-a-posse-de-armas\/#primaryimage","url":"https:\/\/www.notibras.com\/site\/wp-content\/uploads\/2019\/01\/posse-de-armas-bolsonaro.jpg","contentUrl":"https:\/\/www.notibras.com\/site\/wp-content\/uploads\/2019\/01\/posse-de-armas-bolsonaro.jpg","width":1140,"height":760,"caption":"Foto: Alan Santos\/ABr"},{"@type":"BreadcrumbList","@id":"https:\/\/www.notibras.com\/site\/saiu-o-decreto-que-facilita-a-posse-de-armas\/#breadcrumb","itemListElement":[{"@type":"ListItem","position":1,"name":"In\u00edcio","item":"https:\/\/www.notibras.com\/site\/"},{"@type":"ListItem","position":2,"name":"Saiu o decreto que facilita a posse de armas"}]},{"@type":"WebSite","@id":"https:\/\/www.notibras.com\/site\/#website","url":"https:\/\/www.notibras.com\/site\/","name":"Notibras","description":"Not\u00edcias de Bras\u00edlia, do Brasil e do Mundo","publisher":{"@id":"https:\/\/www.notibras.com\/site\/#organization"},"potentialAction":[{"@type":"SearchAction","target":{"@type":"EntryPoint","urlTemplate":"https:\/\/www.notibras.com\/site\/?s={search_term_string}"},"query-input":{"@type":"PropertyValueSpecification","valueRequired":true,"valueName":"search_term_string"}}],"inLanguage":"pt-BR"},{"@type":"Organization","@id":"https:\/\/www.notibras.com\/site\/#organization","name":"Grupo Notibras de Comunica\u00e7\u00e3o","url":"https:\/\/www.notibras.com\/site\/","logo":{"@type":"ImageObject","inLanguage":"pt-BR","@id":"https:\/\/www.notibras.com\/site\/#\/schema\/logo\/image\/","url":"https:\/\/www.notibras.com\/site\/wp-content\/uploads\/2023\/01\/notibras23.png","contentUrl":"https:\/\/www.notibras.com\/site\/wp-content\/uploads\/2023\/01\/notibras23.png","width":350,"height":87,"caption":"Grupo Notibras de Comunica\u00e7\u00e3o"},"image":{"@id":"https:\/\/www.notibras.com\/site\/#\/schema\/logo\/image\/"},"sameAs":["https:\/\/www.facebook.com\/notibras\/","https:\/\/x.com\/Notibras","https:\/\/www.instagram.com\/notibras\/"]},{"@type":"Person","@id":"https:\/\/www.notibras.com\/site\/#\/schema\/person\/36ab0979449956132d3e5b517ea76ac8","name":"Reda\u00e7\u00e3o","image":{"@type":"ImageObject","inLanguage":"pt-BR","@id":"https:\/\/secure.gravatar.com\/avatar\/e0a867bdedb85fd243eadf09663511f96fc81e0720a4a42581f334ad4303aa6b?s=96&d=mm&r=g","url":"https:\/\/secure.gravatar.com\/avatar\/e0a867bdedb85fd243eadf09663511f96fc81e0720a4a42581f334ad4303aa6b?s=96&d=mm&r=g","contentUrl":"https:\/\/secure.gravatar.com\/avatar\/e0a867bdedb85fd243eadf09663511f96fc81e0720a4a42581f334ad4303aa6b?s=96&d=mm&r=g","caption":"Reda\u00e7\u00e3o"}}]}},"amp_enabled":true,"_links":{"self":[{"href":"https:\/\/www.notibras.com\/site\/wp-json\/wp\/v2\/posts\/199519","targetHints":{"allow":["GET"]}}],"collection":[{"href":"https:\/\/www.notibras.com\/site\/wp-json\/wp\/v2\/posts"}],"about":[{"href":"https:\/\/www.notibras.com\/site\/wp-json\/wp\/v2\/types\/post"}],"author":[{"embeddable":true,"href":"https:\/\/www.notibras.com\/site\/wp-json\/wp\/v2\/users\/2"}],"replies":[{"embeddable":true,"href":"https:\/\/www.notibras.com\/site\/wp-json\/wp\/v2\/comments?post=199519"}],"version-history":[{"count":7,"href":"https:\/\/www.notibras.com\/site\/wp-json\/wp\/v2\/posts\/199519\/revisions"}],"predecessor-version":[{"id":199530,"href":"https:\/\/www.notibras.com\/site\/wp-json\/wp\/v2\/posts\/199519\/revisions\/199530"}],"wp:featuredmedia":[{"embeddable":true,"href":"https:\/\/www.notibras.com\/site\/wp-json\/wp\/v2\/media\/199520"}],"wp:attachment":[{"href":"https:\/\/www.notibras.com\/site\/wp-json\/wp\/v2\/media?parent=199519"}],"wp:term":[{"taxonomy":"category","embeddable":true,"href":"https:\/\/www.notibras.com\/site\/wp-json\/wp\/v2\/categories?post=199519"},{"taxonomy":"post_tag","embeddable":true,"href":"https:\/\/www.notibras.com\/site\/wp-json\/wp\/v2\/tags?post=199519"}],"curies":[{"name":"wp","href":"https:\/\/api.w.org\/{rel}","templated":true}]}}