{"id":199547,"date":"2019-01-15T21:02:18","date_gmt":"2019-01-15T23:02:18","guid":{"rendered":"https:\/\/www.notibras.com\/site\/?p=199547"},"modified":"2019-01-15T21:21:11","modified_gmt":"2019-01-15T23:21:11","slug":"governo-seca-fonte-que-jorrava-dinheiro-para-ongs","status":"publish","type":"post","link":"https:\/\/www.notibras.com\/site\/governo-seca-fonte-que-jorrava-dinheiro-para-ongs\/","title":{"rendered":"Governo seca fonte que jorrava dinheiro para ONGs"},"content":{"rendered":"<p>O ministro do Meio Ambiente, Ricardo Salles, suspendeu todos os conv\u00eanios e parcerias da pasta e autarquias com organiza\u00e7\u00f5es n\u00e3o governamentais pelos pr\u00f3ximos 90 dias.<\/p>\n<p>Tamb\u00e9m pediu um levantamento de todos os desembolsos efetuados por fundos do minist\u00e9rio, como Fundo Clima, Fundo Nacional do Meio Ambiente e Fundo Amaz\u00f4nia que tenham como benefici\u00e1rios organismos do terceiro setor.<\/p>\n<p>E determinou que todos os conv\u00eanios, acordos de coopera\u00e7\u00e3o, atos e projetos do Ibama, do Instituto Chico Mendes para a Conserva\u00e7\u00e3o da Biodiversidade (ICMBio) e do Instituto de Pesquisas Jardim Bot\u00e2nico do Rio de Janeiro feitos com ONGs dever\u00e3o ser remetidos para anu\u00eancia pr\u00e9via do gabinete.<\/p>\n<p>Em nota, o minist\u00e9rio disse que \u201ca motiva\u00e7\u00e3o do levantamento dos desembolsos efetuados pelos fundos geridos pelo minist\u00e9rio, bem como a sua suspens\u00e3o tempor\u00e1ria, tem por objetivo a avalia\u00e7\u00e3o dos mesmos. Na an\u00e1lise, ser\u00e3o examinadas as condi\u00e7\u00f5es, prazos e volumes dos acordos pactuados\u201d.<\/p>\n<p>Segundo a pasta, o \u201cdiagn\u00f3stico permitir\u00e1 a avalia\u00e7\u00e3o daqueles que t\u00eam condi\u00e7\u00f5es de ter continuidade, bem como dos que eventualmente mere\u00e7am reparos\u201d.<\/p>\n<p>N\u00e3o ficou claro, por\u00e9m, quais contratos, em quais lugares, exatamente devem ser afetados. Nem o valor deles. Funcion\u00e1rios da pasta, em condi\u00e7\u00e3o de anonimato, afirmaram que a decis\u00e3o pode afetar a\u00e7\u00f5es concretas em conserva\u00e7\u00e3o, como o projeto Arpa, que atua em \u00e1reas protegidas da Amaz\u00f4nia. Considerado o maior e mais bem sucedido programa de prote\u00e7\u00e3o de floresta tropical do mundo, ele atua em 60 milh\u00f5es de hectares e j\u00e1 teve aplica\u00e7\u00e3o de cerca de R$ 500 milh\u00f5es.<\/p>\n<p>A pasta tem conv\u00eanios tamb\u00e9m de recupera\u00e7\u00e3o florestal, agroextrativismo, agricultura familiar, trabalhos com povos ind\u00edgenas, entre outros. Estima-se que todos os projetos hoje apoiados pelo Funbio (Fundo Brasileiro para a Biodiversidade), que gere recursos provenientes do Banco Mundial e do Fundo Mundial para o Ambiente (GEF) podem ser paralisados.<\/p>\n<p>Tamb\u00e9m n\u00e3o d\u00e1 para entender exatamente como fica a situa\u00e7\u00e3o dos projetos financiados pelo Fundo Amaz\u00f4nia e pelo Fundo Clima. Os dois s\u00e3o geridos pelo BNDES, e os contratos s\u00e3o fechados entre os bancos e as organiza\u00e7\u00f5es. Em teoria, n\u00e3o cabe ao Minist\u00e9rio do Meio Ambiente, unilateralmente, fazer essa suspens\u00e3o. A carteira de projetos do Fundo Amaz\u00f4nia com o terceiro setor cont\u00e9m hoje 52 projetos contratados, com apoio de cerca de R$ 600 milh\u00f5es.<\/p>\n<p>ONGs v\u00eam sendo alvos de ataques do presidente Jair Bolsonaro desde as elei\u00e7\u00f5es. Ele criticou, por exemplo, o programa de convers\u00e3o de multas do Ibama. Pelo projeto, empreendedores com grandes valores de multas a pagar ao Ibama, como a Petrobr\u00e1s, recebem um desconto de 60% no valor se empregarem o restante em projetos de recupera\u00e7\u00e3o ambiental.<\/p>\n<p>Em reuni\u00e3o com parlamentares do DEM em dezembro chegou a dizer: \u201cN\u00f3s respeitamos o meio ambiente, mas, pessoal, n\u00e3o d\u00e1 mais para conviver com a ind\u00fastria da multa\u201d, antes de mencionar o programa. \u201cTem decreto que destina 40% das multas para ONG\u2019s para preservar meio ambiente. O que vamos fazer com aquele decreto? Cair fora\u201d, disse Bolsonaro. \u201cN\u00e3o vamos deixar esse pessoal se retroalimentar constantemente trabalhando contra n\u00f3s\u201d, continuou.<\/p>\n<p>Esses projetos podem ser tocados por organiza\u00e7\u00f5es sem fins lucrativos, como ONGs, ou mesmo pelo poder p\u00fablico, mas a maioria dos inscritos no primeiro edital foram as ONGs. No total, para o primeiro chamamento de projeto, foram arrecadados R$ 1 bilh\u00e3o para o reflorestamento das bacias do S\u00e3o Francisco e do Parna\u00edba. H\u00e1 um temor dentro do Ibama de que a nova medida afete esses contratos.<\/p>\n<p>Al\u00e9m disso, em MP publicada logo no primeiro dia de governo, Bolsonaro determinou \u00e0 Secretaria de Governo \u201csupervisionar, coordenar, monitorar e acompanhar as atividades e a\u00e7\u00f5es dos organismos internacionais e das organiza\u00e7\u00f5es n\u00e3o governamentais no territ\u00f3rio nacional\u201d.<\/p>\n<p><strong>Repercuss\u00e3o &#8211;<\/strong> Em nota, um coletivo de ONGs, criticou a medida. Para o grupo, a suspens\u00e3o dos conv\u00eanios &#8220;fere o princ\u00edpio da legalidade e levanta, sem elementos m\u00ednimos de prova, d\u00favidas sobre a idoneidade da sociedade civil&#8221;. Na vis\u00e3o das organiza\u00e7\u00f5es, &#8220;o ministro adota, sem base legal e sem motiva\u00e7\u00e3o, medida sancionat\u00f3ria gen\u00e9rica extrema, com potencial de causar descontinuidade na gest\u00e3o ambiental federal. O preju\u00edzo ser\u00e1 do meio ambiente, que em tese Salles deveria proteger, e de popula\u00e7\u00f5es vulner\u00e1veis em todo o Pa\u00eds&#8221;.<\/p>\n<p>O texto, assinado por Grupo de Trabalho Amaz\u00f4nico (GTA), Instituto Ethos, Plataforma MROSC e Observat\u00f3rio do Clima, cita ainda a lei 13.019\/2014, conhecida como Marco Regulat\u00f3rio das Organiza\u00e7\u00f5es da Sociedade Civil (MROSC).<\/p>\n<p>&#8220;Em vigor desde janeiro de 2016, regulamenta as rela\u00e7\u00f5es entre governos e organiza\u00e7\u00f5es da sociedade civil. Ela s\u00f3 prev\u00ea a suspens\u00e3o como san\u00e7\u00e3o, medida que s\u00f3 deveria ser tomada ap\u00f3s abertura de processo administrativo em que o interessado tenha direito ao contradit\u00f3rio e \u00e0 ampla defesa.<\/p>\n<p>O ato do ministro do Meio Ambiente, Ricardo Salles, n\u00e3o apresenta qualquer justificativa, o que viola o princ\u00edpio constitucional da motiva\u00e7\u00e3o dos atos administrativos.&#8221;<\/p>\n","protected":false},"excerpt":{"rendered":"<p>O ministro do Meio Ambiente, Ricardo Salles, suspendeu todos os conv\u00eanios e parcerias da pasta e autarquias com organiza\u00e7\u00f5es n\u00e3o governamentais pelos pr\u00f3ximos 90 dias. Tamb\u00e9m pediu um levantamento de todos os desembolsos efetuados por fundos do minist\u00e9rio, como Fundo Clima, Fundo Nacional do Meio Ambiente e Fundo Amaz\u00f4nia que tenham como benefici\u00e1rios organismos do [&hellip;]<\/p>\n","protected":false},"author":2,"featured_media":199548,"comment_status":"closed","ping_status":"closed","sticky":false,"template":"","format":"standard","meta":{"_acf_changed":false,"footnotes":""},"categories":[16],"tags":[95],"class_list":["post-199547","post","type-post","status-publish","format-standard","has-post-thumbnail","hentry","category-brasil","tag-capa"],"acf":[],"yoast_head":"<!-- This site is optimized with the Yoast SEO plugin v27.2 - https:\/\/yoast.com\/product\/yoast-seo-wordpress\/ -->\n<title>Governo seca fonte que jorrava dinheiro para ONGs - Notibras<\/title>\n<meta name=\"robots\" content=\"index, follow, max-snippet:-1, max-image-preview:large, max-video-preview:-1\" \/>\n<link rel=\"canonical\" href=\"https:\/\/www.notibras.com\/site\/governo-seca-fonte-que-jorrava-dinheiro-para-ongs\/\" \/>\n<meta property=\"og:locale\" content=\"pt_BR\" \/>\n<meta property=\"og:type\" content=\"article\" \/>\n<meta property=\"og:title\" content=\"Governo seca fonte que jorrava dinheiro para ONGs - Notibras\" \/>\n<meta property=\"og:description\" content=\"O ministro do Meio Ambiente, Ricardo Salles, suspendeu todos os conv\u00eanios e parcerias da pasta e autarquias com organiza\u00e7\u00f5es n\u00e3o governamentais pelos pr\u00f3ximos 90 dias. Tamb\u00e9m pediu um levantamento de todos os desembolsos efetuados por fundos do minist\u00e9rio, como Fundo Clima, Fundo Nacional do Meio Ambiente e Fundo Amaz\u00f4nia que tenham como benefici\u00e1rios organismos do [&hellip;]\" \/>\n<meta property=\"og:url\" content=\"https:\/\/www.notibras.com\/site\/governo-seca-fonte-que-jorrava-dinheiro-para-ongs\/\" \/>\n<meta property=\"og:site_name\" content=\"Notibras\" \/>\n<meta property=\"article:publisher\" content=\"https:\/\/www.facebook.com\/notibras\/\" \/>\n<meta property=\"article:published_time\" content=\"2019-01-15T23:02:18+00:00\" \/>\n<meta property=\"article:modified_time\" content=\"2019-01-15T23:21:11+00:00\" \/>\n<meta property=\"og:image\" content=\"https:\/\/www.notibras.com\/site\/wp-content\/uploads\/2019\/01\/arvore.jpg\" \/>\n\t<meta property=\"og:image:width\" content=\"2400\" \/>\n\t<meta property=\"og:image:height\" content=\"1600\" \/>\n\t<meta property=\"og:image:type\" content=\"image\/jpeg\" \/>\n<meta name=\"author\" content=\"Reda\u00e7\u00e3o\" \/>\n<meta name=\"twitter:card\" content=\"summary_large_image\" \/>\n<meta name=\"twitter:creator\" content=\"@Notibras\" \/>\n<meta name=\"twitter:site\" content=\"@Notibras\" \/>\n<meta name=\"twitter:label1\" content=\"Escrito por\" \/>\n\t<meta name=\"twitter:data1\" content=\"Reda\u00e7\u00e3o\" \/>\n\t<meta name=\"twitter:label2\" content=\"Est. tempo de leitura\" \/>\n\t<meta name=\"twitter:data2\" content=\"4 minutos\" \/>\n<script type=\"application\/ld+json\" class=\"yoast-schema-graph\">{\"@context\":\"https:\/\/schema.org\",\"@graph\":[{\"@type\":\"Article\",\"@id\":\"https:\/\/www.notibras.com\/site\/governo-seca-fonte-que-jorrava-dinheiro-para-ongs\/#article\",\"isPartOf\":{\"@id\":\"https:\/\/www.notibras.com\/site\/governo-seca-fonte-que-jorrava-dinheiro-para-ongs\/\"},\"author\":{\"name\":\"Reda\u00e7\u00e3o\",\"@id\":\"https:\/\/www.notibras.com\/site\/#\/schema\/person\/36ab0979449956132d3e5b517ea76ac8\"},\"headline\":\"Governo seca fonte que jorrava dinheiro para ONGs\",\"datePublished\":\"2019-01-15T23:02:18+00:00\",\"dateModified\":\"2019-01-15T23:21:11+00:00\",\"mainEntityOfPage\":{\"@id\":\"https:\/\/www.notibras.com\/site\/governo-seca-fonte-que-jorrava-dinheiro-para-ongs\/\"},\"wordCount\":886,\"publisher\":{\"@id\":\"https:\/\/www.notibras.com\/site\/#organization\"},\"image\":{\"@id\":\"https:\/\/www.notibras.com\/site\/governo-seca-fonte-que-jorrava-dinheiro-para-ongs\/#primaryimage\"},\"thumbnailUrl\":\"https:\/\/www.notibras.com\/site\/wp-content\/uploads\/2019\/01\/arvore.jpg\",\"keywords\":[\"capa\"],\"articleSection\":[\"Brasil\"],\"inLanguage\":\"pt-BR\"},{\"@type\":\"WebPage\",\"@id\":\"https:\/\/www.notibras.com\/site\/governo-seca-fonte-que-jorrava-dinheiro-para-ongs\/\",\"url\":\"https:\/\/www.notibras.com\/site\/governo-seca-fonte-que-jorrava-dinheiro-para-ongs\/\",\"name\":\"Governo seca fonte que jorrava dinheiro para ONGs - Notibras\",\"isPartOf\":{\"@id\":\"https:\/\/www.notibras.com\/site\/#website\"},\"primaryImageOfPage\":{\"@id\":\"https:\/\/www.notibras.com\/site\/governo-seca-fonte-que-jorrava-dinheiro-para-ongs\/#primaryimage\"},\"image\":{\"@id\":\"https:\/\/www.notibras.com\/site\/governo-seca-fonte-que-jorrava-dinheiro-para-ongs\/#primaryimage\"},\"thumbnailUrl\":\"https:\/\/www.notibras.com\/site\/wp-content\/uploads\/2019\/01\/arvore.jpg\",\"datePublished\":\"2019-01-15T23:02:18+00:00\",\"dateModified\":\"2019-01-15T23:21:11+00:00\",\"breadcrumb\":{\"@id\":\"https:\/\/www.notibras.com\/site\/governo-seca-fonte-que-jorrava-dinheiro-para-ongs\/#breadcrumb\"},\"inLanguage\":\"pt-BR\",\"potentialAction\":[{\"@type\":\"ReadAction\",\"target\":[\"https:\/\/www.notibras.com\/site\/governo-seca-fonte-que-jorrava-dinheiro-para-ongs\/\"]}]},{\"@type\":\"ImageObject\",\"inLanguage\":\"pt-BR\",\"@id\":\"https:\/\/www.notibras.com\/site\/governo-seca-fonte-que-jorrava-dinheiro-para-ongs\/#primaryimage\",\"url\":\"https:\/\/www.notibras.com\/site\/wp-content\/uploads\/2019\/01\/arvore.jpg\",\"contentUrl\":\"https:\/\/www.notibras.com\/site\/wp-content\/uploads\/2019\/01\/arvore.jpg\",\"width\":2400,\"height\":1600,\"caption\":\"Foto\/Divulga\u00e7\u00e3o\"},{\"@type\":\"BreadcrumbList\",\"@id\":\"https:\/\/www.notibras.com\/site\/governo-seca-fonte-que-jorrava-dinheiro-para-ongs\/#breadcrumb\",\"itemListElement\":[{\"@type\":\"ListItem\",\"position\":1,\"name\":\"In\u00edcio\",\"item\":\"https:\/\/www.notibras.com\/site\/\"},{\"@type\":\"ListItem\",\"position\":2,\"name\":\"Governo seca fonte que jorrava dinheiro para ONGs\"}]},{\"@type\":\"WebSite\",\"@id\":\"https:\/\/www.notibras.com\/site\/#website\",\"url\":\"https:\/\/www.notibras.com\/site\/\",\"name\":\"Notibras\",\"description\":\"Not\u00edcias de Bras\u00edlia, do Brasil e do Mundo\",\"publisher\":{\"@id\":\"https:\/\/www.notibras.com\/site\/#organization\"},\"potentialAction\":[{\"@type\":\"SearchAction\",\"target\":{\"@type\":\"EntryPoint\",\"urlTemplate\":\"https:\/\/www.notibras.com\/site\/?s={search_term_string}\"},\"query-input\":{\"@type\":\"PropertyValueSpecification\",\"valueRequired\":true,\"valueName\":\"search_term_string\"}}],\"inLanguage\":\"pt-BR\"},{\"@type\":\"Organization\",\"@id\":\"https:\/\/www.notibras.com\/site\/#organization\",\"name\":\"Grupo Notibras de Comunica\u00e7\u00e3o\",\"url\":\"https:\/\/www.notibras.com\/site\/\",\"logo\":{\"@type\":\"ImageObject\",\"inLanguage\":\"pt-BR\",\"@id\":\"https:\/\/www.notibras.com\/site\/#\/schema\/logo\/image\/\",\"url\":\"https:\/\/www.notibras.com\/site\/wp-content\/uploads\/2023\/01\/notibras23.png\",\"contentUrl\":\"https:\/\/www.notibras.com\/site\/wp-content\/uploads\/2023\/01\/notibras23.png\",\"width\":350,\"height\":87,\"caption\":\"Grupo Notibras de Comunica\u00e7\u00e3o\"},\"image\":{\"@id\":\"https:\/\/www.notibras.com\/site\/#\/schema\/logo\/image\/\"},\"sameAs\":[\"https:\/\/www.facebook.com\/notibras\/\",\"https:\/\/x.com\/Notibras\",\"https:\/\/www.instagram.com\/notibras\/\"]},{\"@type\":\"Person\",\"@id\":\"https:\/\/www.notibras.com\/site\/#\/schema\/person\/36ab0979449956132d3e5b517ea76ac8\",\"name\":\"Reda\u00e7\u00e3o\",\"image\":{\"@type\":\"ImageObject\",\"inLanguage\":\"pt-BR\",\"@id\":\"https:\/\/secure.gravatar.com\/avatar\/e0a867bdedb85fd243eadf09663511f96fc81e0720a4a42581f334ad4303aa6b?s=96&d=mm&r=g\",\"url\":\"https:\/\/secure.gravatar.com\/avatar\/e0a867bdedb85fd243eadf09663511f96fc81e0720a4a42581f334ad4303aa6b?s=96&d=mm&r=g\",\"contentUrl\":\"https:\/\/secure.gravatar.com\/avatar\/e0a867bdedb85fd243eadf09663511f96fc81e0720a4a42581f334ad4303aa6b?s=96&d=mm&r=g\",\"caption\":\"Reda\u00e7\u00e3o\"}}]}<\/script>\n<!-- \/ Yoast SEO plugin. -->","yoast_head_json":{"title":"Governo seca fonte que jorrava dinheiro para ONGs - Notibras","robots":{"index":"index","follow":"follow","max-snippet":"max-snippet:-1","max-image-preview":"max-image-preview:large","max-video-preview":"max-video-preview:-1"},"canonical":"https:\/\/www.notibras.com\/site\/governo-seca-fonte-que-jorrava-dinheiro-para-ongs\/","og_locale":"pt_BR","og_type":"article","og_title":"Governo seca fonte que jorrava dinheiro para ONGs - Notibras","og_description":"O ministro do Meio Ambiente, Ricardo Salles, suspendeu todos os conv\u00eanios e parcerias da pasta e autarquias com organiza\u00e7\u00f5es n\u00e3o governamentais pelos pr\u00f3ximos 90 dias. Tamb\u00e9m pediu um levantamento de todos os desembolsos efetuados por fundos do minist\u00e9rio, como Fundo Clima, Fundo Nacional do Meio Ambiente e Fundo Amaz\u00f4nia que tenham como benefici\u00e1rios organismos do [&hellip;]","og_url":"https:\/\/www.notibras.com\/site\/governo-seca-fonte-que-jorrava-dinheiro-para-ongs\/","og_site_name":"Notibras","article_publisher":"https:\/\/www.facebook.com\/notibras\/","article_published_time":"2019-01-15T23:02:18+00:00","article_modified_time":"2019-01-15T23:21:11+00:00","og_image":[{"width":2400,"height":1600,"url":"https:\/\/www.notibras.com\/site\/wp-content\/uploads\/2019\/01\/arvore.jpg","type":"image\/jpeg"}],"author":"Reda\u00e7\u00e3o","twitter_card":"summary_large_image","twitter_creator":"@Notibras","twitter_site":"@Notibras","twitter_misc":{"Escrito por":"Reda\u00e7\u00e3o","Est. tempo de leitura":"4 minutos"},"schema":{"@context":"https:\/\/schema.org","@graph":[{"@type":"Article","@id":"https:\/\/www.notibras.com\/site\/governo-seca-fonte-que-jorrava-dinheiro-para-ongs\/#article","isPartOf":{"@id":"https:\/\/www.notibras.com\/site\/governo-seca-fonte-que-jorrava-dinheiro-para-ongs\/"},"author":{"name":"Reda\u00e7\u00e3o","@id":"https:\/\/www.notibras.com\/site\/#\/schema\/person\/36ab0979449956132d3e5b517ea76ac8"},"headline":"Governo seca fonte que jorrava dinheiro para ONGs","datePublished":"2019-01-15T23:02:18+00:00","dateModified":"2019-01-15T23:21:11+00:00","mainEntityOfPage":{"@id":"https:\/\/www.notibras.com\/site\/governo-seca-fonte-que-jorrava-dinheiro-para-ongs\/"},"wordCount":886,"publisher":{"@id":"https:\/\/www.notibras.com\/site\/#organization"},"image":{"@id":"https:\/\/www.notibras.com\/site\/governo-seca-fonte-que-jorrava-dinheiro-para-ongs\/#primaryimage"},"thumbnailUrl":"https:\/\/www.notibras.com\/site\/wp-content\/uploads\/2019\/01\/arvore.jpg","keywords":["capa"],"articleSection":["Brasil"],"inLanguage":"pt-BR"},{"@type":"WebPage","@id":"https:\/\/www.notibras.com\/site\/governo-seca-fonte-que-jorrava-dinheiro-para-ongs\/","url":"https:\/\/www.notibras.com\/site\/governo-seca-fonte-que-jorrava-dinheiro-para-ongs\/","name":"Governo seca fonte que jorrava dinheiro para ONGs - Notibras","isPartOf":{"@id":"https:\/\/www.notibras.com\/site\/#website"},"primaryImageOfPage":{"@id":"https:\/\/www.notibras.com\/site\/governo-seca-fonte-que-jorrava-dinheiro-para-ongs\/#primaryimage"},"image":{"@id":"https:\/\/www.notibras.com\/site\/governo-seca-fonte-que-jorrava-dinheiro-para-ongs\/#primaryimage"},"thumbnailUrl":"https:\/\/www.notibras.com\/site\/wp-content\/uploads\/2019\/01\/arvore.jpg","datePublished":"2019-01-15T23:02:18+00:00","dateModified":"2019-01-15T23:21:11+00:00","breadcrumb":{"@id":"https:\/\/www.notibras.com\/site\/governo-seca-fonte-que-jorrava-dinheiro-para-ongs\/#breadcrumb"},"inLanguage":"pt-BR","potentialAction":[{"@type":"ReadAction","target":["https:\/\/www.notibras.com\/site\/governo-seca-fonte-que-jorrava-dinheiro-para-ongs\/"]}]},{"@type":"ImageObject","inLanguage":"pt-BR","@id":"https:\/\/www.notibras.com\/site\/governo-seca-fonte-que-jorrava-dinheiro-para-ongs\/#primaryimage","url":"https:\/\/www.notibras.com\/site\/wp-content\/uploads\/2019\/01\/arvore.jpg","contentUrl":"https:\/\/www.notibras.com\/site\/wp-content\/uploads\/2019\/01\/arvore.jpg","width":2400,"height":1600,"caption":"Foto\/Divulga\u00e7\u00e3o"},{"@type":"BreadcrumbList","@id":"https:\/\/www.notibras.com\/site\/governo-seca-fonte-que-jorrava-dinheiro-para-ongs\/#breadcrumb","itemListElement":[{"@type":"ListItem","position":1,"name":"In\u00edcio","item":"https:\/\/www.notibras.com\/site\/"},{"@type":"ListItem","position":2,"name":"Governo seca fonte que jorrava dinheiro para ONGs"}]},{"@type":"WebSite","@id":"https:\/\/www.notibras.com\/site\/#website","url":"https:\/\/www.notibras.com\/site\/","name":"Notibras","description":"Not\u00edcias de Bras\u00edlia, do Brasil e do Mundo","publisher":{"@id":"https:\/\/www.notibras.com\/site\/#organization"},"potentialAction":[{"@type":"SearchAction","target":{"@type":"EntryPoint","urlTemplate":"https:\/\/www.notibras.com\/site\/?s={search_term_string}"},"query-input":{"@type":"PropertyValueSpecification","valueRequired":true,"valueName":"search_term_string"}}],"inLanguage":"pt-BR"},{"@type":"Organization","@id":"https:\/\/www.notibras.com\/site\/#organization","name":"Grupo Notibras de Comunica\u00e7\u00e3o","url":"https:\/\/www.notibras.com\/site\/","logo":{"@type":"ImageObject","inLanguage":"pt-BR","@id":"https:\/\/www.notibras.com\/site\/#\/schema\/logo\/image\/","url":"https:\/\/www.notibras.com\/site\/wp-content\/uploads\/2023\/01\/notibras23.png","contentUrl":"https:\/\/www.notibras.com\/site\/wp-content\/uploads\/2023\/01\/notibras23.png","width":350,"height":87,"caption":"Grupo Notibras de Comunica\u00e7\u00e3o"},"image":{"@id":"https:\/\/www.notibras.com\/site\/#\/schema\/logo\/image\/"},"sameAs":["https:\/\/www.facebook.com\/notibras\/","https:\/\/x.com\/Notibras","https:\/\/www.instagram.com\/notibras\/"]},{"@type":"Person","@id":"https:\/\/www.notibras.com\/site\/#\/schema\/person\/36ab0979449956132d3e5b517ea76ac8","name":"Reda\u00e7\u00e3o","image":{"@type":"ImageObject","inLanguage":"pt-BR","@id":"https:\/\/secure.gravatar.com\/avatar\/e0a867bdedb85fd243eadf09663511f96fc81e0720a4a42581f334ad4303aa6b?s=96&d=mm&r=g","url":"https:\/\/secure.gravatar.com\/avatar\/e0a867bdedb85fd243eadf09663511f96fc81e0720a4a42581f334ad4303aa6b?s=96&d=mm&r=g","contentUrl":"https:\/\/secure.gravatar.com\/avatar\/e0a867bdedb85fd243eadf09663511f96fc81e0720a4a42581f334ad4303aa6b?s=96&d=mm&r=g","caption":"Reda\u00e7\u00e3o"}}]}},"amp_enabled":true,"_links":{"self":[{"href":"https:\/\/www.notibras.com\/site\/wp-json\/wp\/v2\/posts\/199547","targetHints":{"allow":["GET"]}}],"collection":[{"href":"https:\/\/www.notibras.com\/site\/wp-json\/wp\/v2\/posts"}],"about":[{"href":"https:\/\/www.notibras.com\/site\/wp-json\/wp\/v2\/types\/post"}],"author":[{"embeddable":true,"href":"https:\/\/www.notibras.com\/site\/wp-json\/wp\/v2\/users\/2"}],"replies":[{"embeddable":true,"href":"https:\/\/www.notibras.com\/site\/wp-json\/wp\/v2\/comments?post=199547"}],"version-history":[{"count":3,"href":"https:\/\/www.notibras.com\/site\/wp-json\/wp\/v2\/posts\/199547\/revisions"}],"predecessor-version":[{"id":199551,"href":"https:\/\/www.notibras.com\/site\/wp-json\/wp\/v2\/posts\/199547\/revisions\/199551"}],"wp:featuredmedia":[{"embeddable":true,"href":"https:\/\/www.notibras.com\/site\/wp-json\/wp\/v2\/media\/199548"}],"wp:attachment":[{"href":"https:\/\/www.notibras.com\/site\/wp-json\/wp\/v2\/media?parent=199547"}],"wp:term":[{"taxonomy":"category","embeddable":true,"href":"https:\/\/www.notibras.com\/site\/wp-json\/wp\/v2\/categories?post=199547"},{"taxonomy":"post_tag","embeddable":true,"href":"https:\/\/www.notibras.com\/site\/wp-json\/wp\/v2\/tags?post=199547"}],"curies":[{"name":"wp","href":"https:\/\/api.w.org\/{rel}","templated":true}]}}