{"id":199575,"date":"2019-01-16T08:11:39","date_gmt":"2019-01-16T10:11:39","guid":{"rendered":"https:\/\/www.notibras.com\/site\/?p=199575"},"modified":"2019-01-16T09:18:14","modified_gmt":"2019-01-16T11:18:14","slug":"brasileiro-espera-black-friday-para-ter-armas-contra-bandidos","status":"publish","type":"post","link":"https:\/\/www.notibras.com\/site\/brasileiro-espera-black-friday-para-ter-armas-contra-bandidos\/","title":{"rendered":"Brasileiro espera Black Friday para ter armas contra bandidos"},"content":{"rendered":"<p>Agora \u00e9 bala! A artilharia, entretanto, n\u00e3o ter\u00e1 como alvo cidad\u00e3os comuns e inocentes, mas parte da imprensa brasileira com suas mat\u00e9rias tendenciosas, fundamentadas por especial\u00f3ides, com discurso orientado por certas editorias que n\u00e3o tiram Bolsonaro da mira. Perdeu, foca!<\/p>\n<p>Os EUA det\u00eam 50% das armas em m\u00e3os de civis de todo o mundo. E uma popula\u00e7\u00e3o que representa apenas 5% dos habitantes do planeta. L\u00e1 existem mais de 120 para cada 100 habitantes, mais ou menos como a telefonia celular no Brasil. Nem por isso t\u00eam os \u00edndices alarmantes registrados por aqui.<\/p>\n<p>Outro fato omitido pelos comentaristas de plant\u00e3o \u00e9 que entre os pa\u00edses com maior \u00edndice per capita de armas de fogo com civis no mundo, pela ordem, ap\u00f3s os EUA, est\u00e3o o I\u00eamen, a pequena Su\u00ed\u00e7a e o pa\u00eds da felicidade, a Finl\u00e2ndia. No I\u00eamen a taxa de homic\u00eddios \u00e9 de 7\/100, os su\u00ed\u00e7os registram 0,5\/100 e a Finl\u00e2ndia, 1,6\/100. No Brasil a \u00faltima estimativa \u00e9 de mais de 27\/100. N\u00fameros ainda sem o decreto que acaba de ser assinado pelo presidente Jair Bolsonaro, cumprindo promessa de campanha aprovada pela maioria dos brasileiros.<\/p>\n<p>Existem duas formas de examinar a quest\u00e3o. Vamos a elas:<\/p>\n<p>1. \u201cQuanto mais armas, mais mortes\u201d \u2013 esse \u00e9 o discurso que fazem os defensores do desarmamento. Freneticamente incentivado pela esquerda ent\u00e3o dominante que, por mera coincid\u00eancia, permitiu uma escalada vertiginosa de armas clandestinas de grosso calibre em redutos de traficantes, mil\u00edcias, movimentos sociais, hoje um ex\u00e9rcito com armamento capaz de abater aeronaves. Quanto menos cidad\u00e3os de bem estiverem armados, melhor para o crime avulso, organizado, em especial o paramilitar. Essa \u00e9 a forma rudimentar de fragilizar a democracia e dominar o pa\u00eds \u201cna marra\u201d, como declarou Jos\u00e9 Dirceu, que encontrou agora conforto no Cear\u00e1, onde essa organiza\u00e7\u00e3o aparelhada est\u00e1 supostamente atuando;<\/p>\n<p>2. \u201cQuanto mais armas, menos crimes\u201d \u2013 essa foi a raz\u00e3o que levou Bolsonaro a determinar uma reviravolta no assunto e que pretende trazer paridade no confronto entre criminosos ou guerrilheiros e a sociedade democr\u00e1tica. \u00c9 constitucional nos EUA que o cidad\u00e3o tenha cada um a sua arma de fogo para garantir a democracia. A poderosa Associa\u00e7\u00e3o Nacional do Rifle \u2013 NRA, \u00e9 uma refer\u00eancia mundial no lobby que defende esse posicionamento como instrumento de seguran\u00e7a nacional.<\/p>\n<p>Algu\u00e9m tem d\u00favida de que jamais um aventureiro como Fidel, Maduro, Lula, ou outro ditador qualquer jamais chegar\u00e1 \u00e0 Casa Branca? Nem seria preciso convocar as for\u00e7as armadas. O desarmamento da popula\u00e7\u00e3o de bem s\u00f3 serve \u00e0quele tipo de gente fascista, socialista, e aos incautos de movimentos de ocasi\u00e3o que acreditam na fuma\u00e7a do politicamente correto.<\/p>\n<p>No mundo, apenas 15% das armas est\u00e3o em poder das for\u00e7as de seguran\u00e7a e ex\u00e9rcitos. Ent\u00e3o o soldado de sua fam\u00edlia e patrim\u00f4nio deve ser mesmo o cidad\u00e3o. A Su\u00ed\u00e7a nem sonha com a criminalidade existente no Brasil e \u00e9 o terceiro pa\u00eds onde os civis s\u00e3o os mais armados entre todas as na\u00e7\u00f5es. Curioso, ningu\u00e9m fala nisso.<\/p>\n<p>A associa\u00e7\u00e3o entre as armas de fogo e um poss\u00edvel crescimento da criminalidade \u00e9 justamente por que s\u00f3 os criminosos aqui t\u00eam armas. \u00c9 isso que est\u00e1 em jogo. Algumas afirmativas encontradas em artigos de importantes ve\u00edculos que combatem o decreto s\u00e3o do tipo: \u201cO poder p\u00fablico se omite e entrega o cidad\u00e3o \u00e0 pr\u00f3pria sorte\u201d ou, ainda, \u201cmais armas em casa trazem riscos de acidentes com crian\u00e7a, suic\u00eddio, briga de casais e discuss\u00f5es banais\u201d.<\/p>\n<p>Bl\u00e1, bl\u00e1, bl\u00e1&#8230; O festival de argumentos vazios \u00e9 irreproduz\u00edvel, s\u00e3o frases feitas que t\u00eam um \u00fanico alvo, que \u00e9 atingir a mudan\u00e7a que mais de 70% da popula\u00e7\u00e3o (segundo institutos honestos de pesquisa) desejam para o Brasil.<\/p>\n<p>O cidad\u00e3o foi jogado \u00e0 pr\u00f3pria sorte nos \u00faltimos anos com o crescimento do crime organizado em todos os escal\u00f5es e poderes. Verdade que n\u00e3o dizem na grande imprensa. Nas casas j\u00e1 existem armas como facas, tesouras, machados, com as quais s\u00e3o mortas milhares pessoas mas com elas n\u00e3o \u00e9 poss\u00edvel enfrentar bandidos armados de fuzil.<\/p>\n<p>Com armas brancas existem acidentes com crian\u00e7as e com venenos, cordas e varandas de apartamentos, muitos suic\u00eddios. N\u00e3o h\u00e1 rela\u00e7\u00e3o plaus\u00edvel para utilizar esses arremedos de raz\u00e3o contra o armamento do cidad\u00e3o.<\/p>\n<p>Que conversa \u00e9 essa? S\u00f3 podemos acreditar que s\u00e3o defensores de organiza\u00e7\u00f5es criminosas que n\u00e3o questionam a g\u00eanese do desarmamento nos governos de Lula e Dilma. Cegueira panflet\u00e1ria, talvez. O caos nas ruas tem as digitais deles, um cr\u00edtico cen\u00e1rio de inseguran\u00e7a promovido pelos governos vermelhos.<\/p>\n<p>Para quem trabalha honestamente e n\u00e3o disp\u00f5e de Petrobras, BNDES, Caixa e outras fontes de renda, ou do poder do STF para garantir a indevida liberdade a qualquer custo, ou do treinamento das FARC, o jeito \u00e9 um Colt na cintura e outro no cofre. J\u00e1 que os petistas n\u00e3o institu\u00edram o controle de armas, como argumentam que seria necess\u00e1rio agora, ent\u00e3o que cada um carregue a sua e n\u00e3o apenas os bandidos, como permitiu o Partido dos Trabalhadores. Ironia, s\u00e3o exatamente os verdadeiros trabalhadores que est\u00e3o morrendo assassinados.<\/p>\n<p>Vamos aguardar agora o excludente de ilicitude para usar e abusar da leg\u00edtima defesa. Estamos renascendo, essa \u00e9 que deveria ser a verdadeira manchete. Anote: nos EUA um rifle custa US$ 1.500 (R$ 5.580) e uma pistola, US$ 200 (R$ 744). O decreto a\u00ed est\u00e1. Agora \u00e9 aguardar a Black Friday.<\/p>\n","protected":false},"excerpt":{"rendered":"<p>Agora \u00e9 bala! A artilharia, entretanto, n\u00e3o ter\u00e1 como alvo cidad\u00e3os comuns e inocentes, mas parte da imprensa brasileira com suas mat\u00e9rias tendenciosas, fundamentadas por especial\u00f3ides, com discurso orientado por certas editorias que n\u00e3o tiram Bolsonaro da mira. Perdeu, foca! Os EUA det\u00eam 50% das armas em m\u00e3os de civis de todo o mundo. E [&hellip;]<\/p>\n","protected":false},"author":2,"featured_media":199581,"comment_status":"closed","ping_status":"closed","sticky":false,"template":"","format":"standard","meta":{"_acf_changed":false,"footnotes":""},"categories":[16],"tags":[95],"class_list":["post-199575","post","type-post","status-publish","format-standard","has-post-thumbnail","hentry","category-brasil","tag-capa"],"acf":[],"yoast_head":"<!-- This site is optimized with the Yoast SEO plugin v27.2 - https:\/\/yoast.com\/product\/yoast-seo-wordpress\/ -->\n<title>Brasileiro espera Black Friday para ter armas contra bandidos - Notibras<\/title>\n<meta name=\"robots\" content=\"index, follow, max-snippet:-1, max-image-preview:large, max-video-preview:-1\" \/>\n<link rel=\"canonical\" href=\"https:\/\/www.notibras.com\/site\/brasileiro-espera-black-friday-para-ter-armas-contra-bandidos\/\" \/>\n<meta property=\"og:locale\" content=\"pt_BR\" \/>\n<meta property=\"og:type\" content=\"article\" \/>\n<meta property=\"og:title\" content=\"Brasileiro espera Black Friday para ter armas contra bandidos - Notibras\" \/>\n<meta property=\"og:description\" content=\"Agora \u00e9 bala! A artilharia, entretanto, n\u00e3o ter\u00e1 como alvo cidad\u00e3os comuns e inocentes, mas parte da imprensa brasileira com suas mat\u00e9rias tendenciosas, fundamentadas por especial\u00f3ides, com discurso orientado por certas editorias que n\u00e3o tiram Bolsonaro da mira. Perdeu, foca! Os EUA det\u00eam 50% das armas em m\u00e3os de civis de todo o mundo. E [&hellip;]\" \/>\n<meta property=\"og:url\" content=\"https:\/\/www.notibras.com\/site\/brasileiro-espera-black-friday-para-ter-armas-contra-bandidos\/\" \/>\n<meta property=\"og:site_name\" content=\"Notibras\" \/>\n<meta property=\"article:publisher\" content=\"https:\/\/www.facebook.com\/notibras\/\" \/>\n<meta property=\"article:published_time\" content=\"2019-01-16T10:11:39+00:00\" \/>\n<meta property=\"article:modified_time\" content=\"2019-01-16T11:18:14+00:00\" \/>\n<meta property=\"og:image\" content=\"https:\/\/www.notibras.com\/site\/wp-content\/uploads\/2019\/01\/armas-1.jpg\" \/>\n\t<meta property=\"og:image:width\" content=\"1678\" \/>\n\t<meta property=\"og:image:height\" content=\"1124\" \/>\n\t<meta property=\"og:image:type\" content=\"image\/jpeg\" \/>\n<meta name=\"author\" content=\"Reda\u00e7\u00e3o\" \/>\n<meta name=\"twitter:card\" content=\"summary_large_image\" \/>\n<meta name=\"twitter:creator\" content=\"@Notibras\" \/>\n<meta name=\"twitter:site\" content=\"@Notibras\" \/>\n<meta name=\"twitter:label1\" content=\"Escrito por\" \/>\n\t<meta name=\"twitter:data1\" content=\"Reda\u00e7\u00e3o\" \/>\n\t<meta name=\"twitter:label2\" content=\"Est. tempo de leitura\" \/>\n\t<meta name=\"twitter:data2\" content=\"5 minutos\" \/>\n<script type=\"application\/ld+json\" class=\"yoast-schema-graph\">{\"@context\":\"https:\/\/schema.org\",\"@graph\":[{\"@type\":\"Article\",\"@id\":\"https:\/\/www.notibras.com\/site\/brasileiro-espera-black-friday-para-ter-armas-contra-bandidos\/#article\",\"isPartOf\":{\"@id\":\"https:\/\/www.notibras.com\/site\/brasileiro-espera-black-friday-para-ter-armas-contra-bandidos\/\"},\"author\":{\"name\":\"Reda\u00e7\u00e3o\",\"@id\":\"https:\/\/www.notibras.com\/site\/#\/schema\/person\/36ab0979449956132d3e5b517ea76ac8\"},\"headline\":\"Brasileiro espera Black Friday para ter armas contra bandidos\",\"datePublished\":\"2019-01-16T10:11:39+00:00\",\"dateModified\":\"2019-01-16T11:18:14+00:00\",\"mainEntityOfPage\":{\"@id\":\"https:\/\/www.notibras.com\/site\/brasileiro-espera-black-friday-para-ter-armas-contra-bandidos\/\"},\"wordCount\":948,\"publisher\":{\"@id\":\"https:\/\/www.notibras.com\/site\/#organization\"},\"image\":{\"@id\":\"https:\/\/www.notibras.com\/site\/brasileiro-espera-black-friday-para-ter-armas-contra-bandidos\/#primaryimage\"},\"thumbnailUrl\":\"https:\/\/www.notibras.com\/site\/wp-content\/uploads\/2019\/01\/armas-1.jpg\",\"keywords\":[\"capa\"],\"articleSection\":[\"Brasil\"],\"inLanguage\":\"pt-BR\"},{\"@type\":\"WebPage\",\"@id\":\"https:\/\/www.notibras.com\/site\/brasileiro-espera-black-friday-para-ter-armas-contra-bandidos\/\",\"url\":\"https:\/\/www.notibras.com\/site\/brasileiro-espera-black-friday-para-ter-armas-contra-bandidos\/\",\"name\":\"Brasileiro espera Black Friday para ter armas contra bandidos - Notibras\",\"isPartOf\":{\"@id\":\"https:\/\/www.notibras.com\/site\/#website\"},\"primaryImageOfPage\":{\"@id\":\"https:\/\/www.notibras.com\/site\/brasileiro-espera-black-friday-para-ter-armas-contra-bandidos\/#primaryimage\"},\"image\":{\"@id\":\"https:\/\/www.notibras.com\/site\/brasileiro-espera-black-friday-para-ter-armas-contra-bandidos\/#primaryimage\"},\"thumbnailUrl\":\"https:\/\/www.notibras.com\/site\/wp-content\/uploads\/2019\/01\/armas-1.jpg\",\"datePublished\":\"2019-01-16T10:11:39+00:00\",\"dateModified\":\"2019-01-16T11:18:14+00:00\",\"breadcrumb\":{\"@id\":\"https:\/\/www.notibras.com\/site\/brasileiro-espera-black-friday-para-ter-armas-contra-bandidos\/#breadcrumb\"},\"inLanguage\":\"pt-BR\",\"potentialAction\":[{\"@type\":\"ReadAction\",\"target\":[\"https:\/\/www.notibras.com\/site\/brasileiro-espera-black-friday-para-ter-armas-contra-bandidos\/\"]}]},{\"@type\":\"ImageObject\",\"inLanguage\":\"pt-BR\",\"@id\":\"https:\/\/www.notibras.com\/site\/brasileiro-espera-black-friday-para-ter-armas-contra-bandidos\/#primaryimage\",\"url\":\"https:\/\/www.notibras.com\/site\/wp-content\/uploads\/2019\/01\/armas-1.jpg\",\"contentUrl\":\"https:\/\/www.notibras.com\/site\/wp-content\/uploads\/2019\/01\/armas-1.jpg\",\"width\":1678,\"height\":1124,\"caption\":\"Foto\/Reprodu\u00e7\u00e3o\"},{\"@type\":\"BreadcrumbList\",\"@id\":\"https:\/\/www.notibras.com\/site\/brasileiro-espera-black-friday-para-ter-armas-contra-bandidos\/#breadcrumb\",\"itemListElement\":[{\"@type\":\"ListItem\",\"position\":1,\"name\":\"In\u00edcio\",\"item\":\"https:\/\/www.notibras.com\/site\/\"},{\"@type\":\"ListItem\",\"position\":2,\"name\":\"Brasileiro espera Black Friday para ter armas contra bandidos\"}]},{\"@type\":\"WebSite\",\"@id\":\"https:\/\/www.notibras.com\/site\/#website\",\"url\":\"https:\/\/www.notibras.com\/site\/\",\"name\":\"Notibras\",\"description\":\"Not\u00edcias de Bras\u00edlia, do Brasil e do Mundo\",\"publisher\":{\"@id\":\"https:\/\/www.notibras.com\/site\/#organization\"},\"potentialAction\":[{\"@type\":\"SearchAction\",\"target\":{\"@type\":\"EntryPoint\",\"urlTemplate\":\"https:\/\/www.notibras.com\/site\/?s={search_term_string}\"},\"query-input\":{\"@type\":\"PropertyValueSpecification\",\"valueRequired\":true,\"valueName\":\"search_term_string\"}}],\"inLanguage\":\"pt-BR\"},{\"@type\":\"Organization\",\"@id\":\"https:\/\/www.notibras.com\/site\/#organization\",\"name\":\"Grupo Notibras de Comunica\u00e7\u00e3o\",\"url\":\"https:\/\/www.notibras.com\/site\/\",\"logo\":{\"@type\":\"ImageObject\",\"inLanguage\":\"pt-BR\",\"@id\":\"https:\/\/www.notibras.com\/site\/#\/schema\/logo\/image\/\",\"url\":\"https:\/\/www.notibras.com\/site\/wp-content\/uploads\/2023\/01\/notibras23.png\",\"contentUrl\":\"https:\/\/www.notibras.com\/site\/wp-content\/uploads\/2023\/01\/notibras23.png\",\"width\":350,\"height\":87,\"caption\":\"Grupo Notibras de Comunica\u00e7\u00e3o\"},\"image\":{\"@id\":\"https:\/\/www.notibras.com\/site\/#\/schema\/logo\/image\/\"},\"sameAs\":[\"https:\/\/www.facebook.com\/notibras\/\",\"https:\/\/x.com\/Notibras\",\"https:\/\/www.instagram.com\/notibras\/\"]},{\"@type\":\"Person\",\"@id\":\"https:\/\/www.notibras.com\/site\/#\/schema\/person\/36ab0979449956132d3e5b517ea76ac8\",\"name\":\"Reda\u00e7\u00e3o\",\"image\":{\"@type\":\"ImageObject\",\"inLanguage\":\"pt-BR\",\"@id\":\"https:\/\/secure.gravatar.com\/avatar\/e0a867bdedb85fd243eadf09663511f96fc81e0720a4a42581f334ad4303aa6b?s=96&d=mm&r=g\",\"url\":\"https:\/\/secure.gravatar.com\/avatar\/e0a867bdedb85fd243eadf09663511f96fc81e0720a4a42581f334ad4303aa6b?s=96&d=mm&r=g\",\"contentUrl\":\"https:\/\/secure.gravatar.com\/avatar\/e0a867bdedb85fd243eadf09663511f96fc81e0720a4a42581f334ad4303aa6b?s=96&d=mm&r=g\",\"caption\":\"Reda\u00e7\u00e3o\"}}]}<\/script>\n<!-- \/ Yoast SEO plugin. -->","yoast_head_json":{"title":"Brasileiro espera Black Friday para ter armas contra bandidos - Notibras","robots":{"index":"index","follow":"follow","max-snippet":"max-snippet:-1","max-image-preview":"max-image-preview:large","max-video-preview":"max-video-preview:-1"},"canonical":"https:\/\/www.notibras.com\/site\/brasileiro-espera-black-friday-para-ter-armas-contra-bandidos\/","og_locale":"pt_BR","og_type":"article","og_title":"Brasileiro espera Black Friday para ter armas contra bandidos - Notibras","og_description":"Agora \u00e9 bala! A artilharia, entretanto, n\u00e3o ter\u00e1 como alvo cidad\u00e3os comuns e inocentes, mas parte da imprensa brasileira com suas mat\u00e9rias tendenciosas, fundamentadas por especial\u00f3ides, com discurso orientado por certas editorias que n\u00e3o tiram Bolsonaro da mira. Perdeu, foca! Os EUA det\u00eam 50% das armas em m\u00e3os de civis de todo o mundo. E [&hellip;]","og_url":"https:\/\/www.notibras.com\/site\/brasileiro-espera-black-friday-para-ter-armas-contra-bandidos\/","og_site_name":"Notibras","article_publisher":"https:\/\/www.facebook.com\/notibras\/","article_published_time":"2019-01-16T10:11:39+00:00","article_modified_time":"2019-01-16T11:18:14+00:00","og_image":[{"width":1678,"height":1124,"url":"https:\/\/www.notibras.com\/site\/wp-content\/uploads\/2019\/01\/armas-1.jpg","type":"image\/jpeg"}],"author":"Reda\u00e7\u00e3o","twitter_card":"summary_large_image","twitter_creator":"@Notibras","twitter_site":"@Notibras","twitter_misc":{"Escrito por":"Reda\u00e7\u00e3o","Est. tempo de leitura":"5 minutos"},"schema":{"@context":"https:\/\/schema.org","@graph":[{"@type":"Article","@id":"https:\/\/www.notibras.com\/site\/brasileiro-espera-black-friday-para-ter-armas-contra-bandidos\/#article","isPartOf":{"@id":"https:\/\/www.notibras.com\/site\/brasileiro-espera-black-friday-para-ter-armas-contra-bandidos\/"},"author":{"name":"Reda\u00e7\u00e3o","@id":"https:\/\/www.notibras.com\/site\/#\/schema\/person\/36ab0979449956132d3e5b517ea76ac8"},"headline":"Brasileiro espera Black Friday para ter armas contra bandidos","datePublished":"2019-01-16T10:11:39+00:00","dateModified":"2019-01-16T11:18:14+00:00","mainEntityOfPage":{"@id":"https:\/\/www.notibras.com\/site\/brasileiro-espera-black-friday-para-ter-armas-contra-bandidos\/"},"wordCount":948,"publisher":{"@id":"https:\/\/www.notibras.com\/site\/#organization"},"image":{"@id":"https:\/\/www.notibras.com\/site\/brasileiro-espera-black-friday-para-ter-armas-contra-bandidos\/#primaryimage"},"thumbnailUrl":"https:\/\/www.notibras.com\/site\/wp-content\/uploads\/2019\/01\/armas-1.jpg","keywords":["capa"],"articleSection":["Brasil"],"inLanguage":"pt-BR"},{"@type":"WebPage","@id":"https:\/\/www.notibras.com\/site\/brasileiro-espera-black-friday-para-ter-armas-contra-bandidos\/","url":"https:\/\/www.notibras.com\/site\/brasileiro-espera-black-friday-para-ter-armas-contra-bandidos\/","name":"Brasileiro espera Black Friday para ter armas contra bandidos - Notibras","isPartOf":{"@id":"https:\/\/www.notibras.com\/site\/#website"},"primaryImageOfPage":{"@id":"https:\/\/www.notibras.com\/site\/brasileiro-espera-black-friday-para-ter-armas-contra-bandidos\/#primaryimage"},"image":{"@id":"https:\/\/www.notibras.com\/site\/brasileiro-espera-black-friday-para-ter-armas-contra-bandidos\/#primaryimage"},"thumbnailUrl":"https:\/\/www.notibras.com\/site\/wp-content\/uploads\/2019\/01\/armas-1.jpg","datePublished":"2019-01-16T10:11:39+00:00","dateModified":"2019-01-16T11:18:14+00:00","breadcrumb":{"@id":"https:\/\/www.notibras.com\/site\/brasileiro-espera-black-friday-para-ter-armas-contra-bandidos\/#breadcrumb"},"inLanguage":"pt-BR","potentialAction":[{"@type":"ReadAction","target":["https:\/\/www.notibras.com\/site\/brasileiro-espera-black-friday-para-ter-armas-contra-bandidos\/"]}]},{"@type":"ImageObject","inLanguage":"pt-BR","@id":"https:\/\/www.notibras.com\/site\/brasileiro-espera-black-friday-para-ter-armas-contra-bandidos\/#primaryimage","url":"https:\/\/www.notibras.com\/site\/wp-content\/uploads\/2019\/01\/armas-1.jpg","contentUrl":"https:\/\/www.notibras.com\/site\/wp-content\/uploads\/2019\/01\/armas-1.jpg","width":1678,"height":1124,"caption":"Foto\/Reprodu\u00e7\u00e3o"},{"@type":"BreadcrumbList","@id":"https:\/\/www.notibras.com\/site\/brasileiro-espera-black-friday-para-ter-armas-contra-bandidos\/#breadcrumb","itemListElement":[{"@type":"ListItem","position":1,"name":"In\u00edcio","item":"https:\/\/www.notibras.com\/site\/"},{"@type":"ListItem","position":2,"name":"Brasileiro espera Black Friday para ter armas contra bandidos"}]},{"@type":"WebSite","@id":"https:\/\/www.notibras.com\/site\/#website","url":"https:\/\/www.notibras.com\/site\/","name":"Notibras","description":"Not\u00edcias de Bras\u00edlia, do Brasil e do Mundo","publisher":{"@id":"https:\/\/www.notibras.com\/site\/#organization"},"potentialAction":[{"@type":"SearchAction","target":{"@type":"EntryPoint","urlTemplate":"https:\/\/www.notibras.com\/site\/?s={search_term_string}"},"query-input":{"@type":"PropertyValueSpecification","valueRequired":true,"valueName":"search_term_string"}}],"inLanguage":"pt-BR"},{"@type":"Organization","@id":"https:\/\/www.notibras.com\/site\/#organization","name":"Grupo Notibras de Comunica\u00e7\u00e3o","url":"https:\/\/www.notibras.com\/site\/","logo":{"@type":"ImageObject","inLanguage":"pt-BR","@id":"https:\/\/www.notibras.com\/site\/#\/schema\/logo\/image\/","url":"https:\/\/www.notibras.com\/site\/wp-content\/uploads\/2023\/01\/notibras23.png","contentUrl":"https:\/\/www.notibras.com\/site\/wp-content\/uploads\/2023\/01\/notibras23.png","width":350,"height":87,"caption":"Grupo Notibras de Comunica\u00e7\u00e3o"},"image":{"@id":"https:\/\/www.notibras.com\/site\/#\/schema\/logo\/image\/"},"sameAs":["https:\/\/www.facebook.com\/notibras\/","https:\/\/x.com\/Notibras","https:\/\/www.instagram.com\/notibras\/"]},{"@type":"Person","@id":"https:\/\/www.notibras.com\/site\/#\/schema\/person\/36ab0979449956132d3e5b517ea76ac8","name":"Reda\u00e7\u00e3o","image":{"@type":"ImageObject","inLanguage":"pt-BR","@id":"https:\/\/secure.gravatar.com\/avatar\/e0a867bdedb85fd243eadf09663511f96fc81e0720a4a42581f334ad4303aa6b?s=96&d=mm&r=g","url":"https:\/\/secure.gravatar.com\/avatar\/e0a867bdedb85fd243eadf09663511f96fc81e0720a4a42581f334ad4303aa6b?s=96&d=mm&r=g","contentUrl":"https:\/\/secure.gravatar.com\/avatar\/e0a867bdedb85fd243eadf09663511f96fc81e0720a4a42581f334ad4303aa6b?s=96&d=mm&r=g","caption":"Reda\u00e7\u00e3o"}}]}},"amp_enabled":true,"_links":{"self":[{"href":"https:\/\/www.notibras.com\/site\/wp-json\/wp\/v2\/posts\/199575","targetHints":{"allow":["GET"]}}],"collection":[{"href":"https:\/\/www.notibras.com\/site\/wp-json\/wp\/v2\/posts"}],"about":[{"href":"https:\/\/www.notibras.com\/site\/wp-json\/wp\/v2\/types\/post"}],"author":[{"embeddable":true,"href":"https:\/\/www.notibras.com\/site\/wp-json\/wp\/v2\/users\/2"}],"replies":[{"embeddable":true,"href":"https:\/\/www.notibras.com\/site\/wp-json\/wp\/v2\/comments?post=199575"}],"version-history":[{"count":5,"href":"https:\/\/www.notibras.com\/site\/wp-json\/wp\/v2\/posts\/199575\/revisions"}],"predecessor-version":[{"id":199588,"href":"https:\/\/www.notibras.com\/site\/wp-json\/wp\/v2\/posts\/199575\/revisions\/199588"}],"wp:featuredmedia":[{"embeddable":true,"href":"https:\/\/www.notibras.com\/site\/wp-json\/wp\/v2\/media\/199581"}],"wp:attachment":[{"href":"https:\/\/www.notibras.com\/site\/wp-json\/wp\/v2\/media?parent=199575"}],"wp:term":[{"taxonomy":"category","embeddable":true,"href":"https:\/\/www.notibras.com\/site\/wp-json\/wp\/v2\/categories?post=199575"},{"taxonomy":"post_tag","embeddable":true,"href":"https:\/\/www.notibras.com\/site\/wp-json\/wp\/v2\/tags?post=199575"}],"curies":[{"name":"wp","href":"https:\/\/api.w.org\/{rel}","templated":true}]}}