{"id":199597,"date":"2019-01-16T13:46:52","date_gmt":"2019-01-16T15:46:52","guid":{"rendered":"https:\/\/www.notibras.com\/site\/?p=199597"},"modified":"2019-01-16T13:48:09","modified_gmt":"2019-01-16T15:48:09","slug":"bolsonaro-e-macri-se-unem-contra-zombaria-de-maduro","status":"publish","type":"post","link":"https:\/\/www.notibras.com\/site\/bolsonaro-e-macri-se-unem-contra-zombaria-de-maduro\/","title":{"rendered":"Bolsonaro e Macri se unem contra zombaria de Maduro"},"content":{"rendered":"<p>O presidente da Rep\u00fablica, Jair Bolsonaro, e o presidente da Argentina, Maur\u00edcio Macri, se reuniram nesta quarta-feira, 16, no Pal\u00e1cio do Planalto. Na pauta do encontro estavam temas relacionados a com\u00e9rcio, rela\u00e7\u00e3o bilateral, defesa e combate ao crime organizado.<\/p>\n<p>Em discurso ap\u00f3s a reuni\u00e3o, Macri condenou a ditadura do venezuelano Nicol\u00e1s Maduro. &#8220;Estamos preocupados com a ditadura de Nicol\u00e1s Maduro. N\u00e3o aceitamos essa zombaria \u00e0 democracia e essa tentativa de vitimiza\u00e7\u00e3o, quando na verdade eles s\u00e3o os algozes. A comunidade internacional j\u00e1 percebeu que Maduro se perpetua no poder com elei\u00e7\u00f5es fict\u00edcias. \u00c9 uma situa\u00e7\u00e3o desesperadora. A Assembleia Nacional \u00e9 a \u00fanica institui\u00e7\u00e3o leg\u00edtima da Venezuela, eleita democraticamente pelo povo venezuelano&#8221;, afirmou.<\/p>\n<p>Antes da fala de Macri, Bolsonaro disse que a preocupa\u00e7\u00e3o de Brasil e Argentina com a situa\u00e7\u00e3o da Venezuela \u00e9 um exemplo de coopera\u00e7\u00e3o entre os dois pa\u00edses. &#8220;S\u00f3 refor\u00e7a que seguiremos avan\u00e7ando no rumo certo em defesa da democracia, da liberdade, da seguran\u00e7a e do desenvolvimento.&#8221;<\/p>\n<p>Bolsonaro afirmou ainda que os dois concordaram em &#8220;construir&#8221; um Mercosul &#8220;enxuto&#8221;, para que continue a ter relev\u00e2ncia no cen\u00e1rio internacional. &#8220;\u00c9 preciso valorizar a tradi\u00e7\u00e3o original do Mercosul, com abertura comercial, redu\u00e7\u00e3o de barreiras e elimina\u00e7\u00e3o de burocracias&#8221;, disse. &#8220;Concordamos tamb\u00e9m que, com Uruguai e Paraguai, precisamos aperfei\u00e7oar o Mercosul.&#8221;<\/p>\n<p>Segundo o presidente, na frente externa, \u00e9 preciso concluir negocia\u00e7\u00f5es mais promissoras e iniciar novas negocia\u00e7\u00f5es, &#8220;com criatividade e flexibilidade para recuperar o tempo perdido&#8221;. Ele n\u00e3o citou nenhuma negocia\u00e7\u00e3o em especial, embora o Mercosul esteja conversando com a Uni\u00e3o Europeia para um acordo de livre-com\u00e9rcio.<\/p>\n<p>Macri refor\u00e7ou a inten\u00e7\u00e3o de &#8220;modernizar&#8221; o Mercosul e citou o acordo com a Uni\u00e3o Europeia. &#8220;\u00c9 fundamental agilizar e terminar negocia\u00e7\u00f5es externas que temos em andamento. Com a Uni\u00e3o Europeia, avan\u00e7ou como nunca antes, exigiu muito esfor\u00e7o. Com a chegada de Bolsonaro, temos chance de renovar o compromisso pol\u00edtico e dar vantagens aos dois blocos&#8221;, disse.<\/p>\n<p>Ainda na manh\u00e3 desta quarta, o ministro da Justi\u00e7a, Sergio Moro, falou sobre a revis\u00e3o do tratado de extradi\u00e7\u00e3o entre Brasil e Argentina, que deve ser assinada por Macri e Bolsonaro. Segundo Moro, a ideia \u00e9 que o documento de extradi\u00e7\u00e3o, em caso da pris\u00e3o de uma pessoa no pa\u00eds vizinho, seja adiantado sem passar pelos canais diplom\u00e1ticos para depois ser formalizado. Atualmente, o tratado vigente \u00e9 da d\u00e9cada de 1960.<\/p>\n<p><strong>&#8220;Refor\u00e7ar os la\u00e7os&#8221;<\/strong> &#8211; Pouco antes da reuni\u00e3o, Jair Bolsonaro afirmou em uma publica\u00e7\u00e3o no Twitter que o encontro seria uma oportunidade de &#8220;refor\u00e7ar la\u00e7os&#8221; e que o pa\u00eds vizinho \u00e9 uma &#8220;na\u00e7\u00e3o irm\u00e3&#8221;.<\/p>\n<p>Ausente na cerim\u00f4nia de posse de Bolsonaro, com a alega\u00e7\u00e3o de que estava em f\u00e9rias na Patag\u00f4nia, Macri chegou ao Brasil com um time importante de ministros, que incluem Nicol\u00e1s Dujovne (Economia), Dante Sica (Produ\u00e7\u00e3o), Jorge Faurie (Rela\u00e7\u00f5es Exteriores) e Oscar Aguad (Defesa).<\/p>\n<p>Depois de uma reuni\u00e3o na manh\u00e3 desta quarta-feira no Minist\u00e9rio da Economia com autoridades argentinas, a ministra da Agricultura, Teresa Cristina, disse que o encontro tratou de &#8220;um novo olhar&#8221; sobre o Mercosul. Guedes tamb\u00e9m esteve na reuni\u00e3o com os ministros argentinos Dujovne e Sica.<\/p>\n<p>Os dois governos devem conversar ainda sobre a cria\u00e7\u00e3o de um novo bloco para substituir a Uni\u00e3o das Na\u00e7\u00f5es Sul-Americanas (Unasul). O governo brasileiro acredita que o bloco est\u00e1 &#8220;praticamente encerrado&#8221; e vai propor o uso de f\u00f3runs j\u00e1 existentes no Mercosul para substituir a organiza\u00e7\u00e3o em \u00e1reas como infraestrutura e quest\u00f5es de fronteira.<\/p>\n","protected":false},"excerpt":{"rendered":"<p>O presidente da Rep\u00fablica, Jair Bolsonaro, e o presidente da Argentina, Maur\u00edcio Macri, se reuniram nesta quarta-feira, 16, no Pal\u00e1cio do Planalto. Na pauta do encontro estavam temas relacionados a com\u00e9rcio, rela\u00e7\u00e3o bilateral, defesa e combate ao crime organizado. Em discurso ap\u00f3s a reuni\u00e3o, Macri condenou a ditadura do venezuelano Nicol\u00e1s Maduro. &#8220;Estamos preocupados com [&hellip;]<\/p>\n","protected":false},"author":2,"featured_media":199600,"comment_status":"closed","ping_status":"closed","sticky":false,"template":"","format":"standard","meta":{"_acf_changed":false,"footnotes":""},"categories":[16],"tags":[95],"class_list":["post-199597","post","type-post","status-publish","format-standard","has-post-thumbnail","hentry","category-brasil","tag-capa"],"acf":[],"yoast_head":"<!-- This site is optimized with the Yoast SEO plugin v27.2 - https:\/\/yoast.com\/product\/yoast-seo-wordpress\/ -->\n<title>Bolsonaro e Macri se unem contra zombaria de Maduro - Notibras<\/title>\n<meta name=\"robots\" content=\"index, follow, max-snippet:-1, max-image-preview:large, max-video-preview:-1\" \/>\n<link rel=\"canonical\" href=\"https:\/\/www.notibras.com\/site\/bolsonaro-e-macri-se-unem-contra-zombaria-de-maduro\/\" \/>\n<meta property=\"og:locale\" content=\"pt_BR\" \/>\n<meta property=\"og:type\" content=\"article\" \/>\n<meta property=\"og:title\" content=\"Bolsonaro e Macri se unem contra zombaria de Maduro - Notibras\" \/>\n<meta property=\"og:description\" content=\"O presidente da Rep\u00fablica, Jair Bolsonaro, e o presidente da Argentina, Maur\u00edcio Macri, se reuniram nesta quarta-feira, 16, no Pal\u00e1cio do Planalto. Na pauta do encontro estavam temas relacionados a com\u00e9rcio, rela\u00e7\u00e3o bilateral, defesa e combate ao crime organizado. Em discurso ap\u00f3s a reuni\u00e3o, Macri condenou a ditadura do venezuelano Nicol\u00e1s Maduro. &#8220;Estamos preocupados com [&hellip;]\" \/>\n<meta property=\"og:url\" content=\"https:\/\/www.notibras.com\/site\/bolsonaro-e-macri-se-unem-contra-zombaria-de-maduro\/\" \/>\n<meta property=\"og:site_name\" content=\"Notibras\" \/>\n<meta property=\"article:publisher\" content=\"https:\/\/www.facebook.com\/notibras\/\" \/>\n<meta property=\"article:published_time\" content=\"2019-01-16T15:46:52+00:00\" \/>\n<meta property=\"article:modified_time\" content=\"2019-01-16T15:48:09+00:00\" \/>\n<meta property=\"og:image\" content=\"https:\/\/www.notibras.com\/site\/wp-content\/uploads\/2019\/01\/macri-e-bolsonaro-zombarias.jpg\" \/>\n\t<meta property=\"og:image:width\" content=\"1140\" \/>\n\t<meta property=\"og:image:height\" content=\"760\" \/>\n\t<meta property=\"og:image:type\" content=\"image\/jpeg\" \/>\n<meta name=\"author\" content=\"Reda\u00e7\u00e3o\" \/>\n<meta name=\"twitter:card\" content=\"summary_large_image\" \/>\n<meta name=\"twitter:creator\" content=\"@Notibras\" \/>\n<meta name=\"twitter:site\" content=\"@Notibras\" \/>\n<meta name=\"twitter:label1\" content=\"Escrito por\" \/>\n\t<meta name=\"twitter:data1\" content=\"Reda\u00e7\u00e3o\" \/>\n\t<meta name=\"twitter:label2\" content=\"Est. tempo de leitura\" \/>\n\t<meta name=\"twitter:data2\" content=\"3 minutos\" \/>\n<script type=\"application\/ld+json\" class=\"yoast-schema-graph\">{\"@context\":\"https:\/\/schema.org\",\"@graph\":[{\"@type\":\"Article\",\"@id\":\"https:\/\/www.notibras.com\/site\/bolsonaro-e-macri-se-unem-contra-zombaria-de-maduro\/#article\",\"isPartOf\":{\"@id\":\"https:\/\/www.notibras.com\/site\/bolsonaro-e-macri-se-unem-contra-zombaria-de-maduro\/\"},\"author\":{\"name\":\"Reda\u00e7\u00e3o\",\"@id\":\"https:\/\/www.notibras.com\/site\/#\/schema\/person\/36ab0979449956132d3e5b517ea76ac8\"},\"headline\":\"Bolsonaro e Macri se unem contra zombaria de Maduro\",\"datePublished\":\"2019-01-16T15:46:52+00:00\",\"dateModified\":\"2019-01-16T15:48:09+00:00\",\"mainEntityOfPage\":{\"@id\":\"https:\/\/www.notibras.com\/site\/bolsonaro-e-macri-se-unem-contra-zombaria-de-maduro\/\"},\"wordCount\":635,\"publisher\":{\"@id\":\"https:\/\/www.notibras.com\/site\/#organization\"},\"image\":{\"@id\":\"https:\/\/www.notibras.com\/site\/bolsonaro-e-macri-se-unem-contra-zombaria-de-maduro\/#primaryimage\"},\"thumbnailUrl\":\"https:\/\/www.notibras.com\/site\/wp-content\/uploads\/2019\/01\/macri-e-bolsonaro-zombarias.jpg\",\"keywords\":[\"capa\"],\"articleSection\":[\"Brasil\"],\"inLanguage\":\"pt-BR\"},{\"@type\":\"WebPage\",\"@id\":\"https:\/\/www.notibras.com\/site\/bolsonaro-e-macri-se-unem-contra-zombaria-de-maduro\/\",\"url\":\"https:\/\/www.notibras.com\/site\/bolsonaro-e-macri-se-unem-contra-zombaria-de-maduro\/\",\"name\":\"Bolsonaro e Macri se unem contra zombaria de Maduro - Notibras\",\"isPartOf\":{\"@id\":\"https:\/\/www.notibras.com\/site\/#website\"},\"primaryImageOfPage\":{\"@id\":\"https:\/\/www.notibras.com\/site\/bolsonaro-e-macri-se-unem-contra-zombaria-de-maduro\/#primaryimage\"},\"image\":{\"@id\":\"https:\/\/www.notibras.com\/site\/bolsonaro-e-macri-se-unem-contra-zombaria-de-maduro\/#primaryimage\"},\"thumbnailUrl\":\"https:\/\/www.notibras.com\/site\/wp-content\/uploads\/2019\/01\/macri-e-bolsonaro-zombarias.jpg\",\"datePublished\":\"2019-01-16T15:46:52+00:00\",\"dateModified\":\"2019-01-16T15:48:09+00:00\",\"breadcrumb\":{\"@id\":\"https:\/\/www.notibras.com\/site\/bolsonaro-e-macri-se-unem-contra-zombaria-de-maduro\/#breadcrumb\"},\"inLanguage\":\"pt-BR\",\"potentialAction\":[{\"@type\":\"ReadAction\",\"target\":[\"https:\/\/www.notibras.com\/site\/bolsonaro-e-macri-se-unem-contra-zombaria-de-maduro\/\"]}]},{\"@type\":\"ImageObject\",\"inLanguage\":\"pt-BR\",\"@id\":\"https:\/\/www.notibras.com\/site\/bolsonaro-e-macri-se-unem-contra-zombaria-de-maduro\/#primaryimage\",\"url\":\"https:\/\/www.notibras.com\/site\/wp-content\/uploads\/2019\/01\/macri-e-bolsonaro-zombarias.jpg\",\"contentUrl\":\"https:\/\/www.notibras.com\/site\/wp-content\/uploads\/2019\/01\/macri-e-bolsonaro-zombarias.jpg\",\"width\":1140,\"height\":760},{\"@type\":\"BreadcrumbList\",\"@id\":\"https:\/\/www.notibras.com\/site\/bolsonaro-e-macri-se-unem-contra-zombaria-de-maduro\/#breadcrumb\",\"itemListElement\":[{\"@type\":\"ListItem\",\"position\":1,\"name\":\"In\u00edcio\",\"item\":\"https:\/\/www.notibras.com\/site\/\"},{\"@type\":\"ListItem\",\"position\":2,\"name\":\"Bolsonaro e Macri se unem contra zombaria de Maduro\"}]},{\"@type\":\"WebSite\",\"@id\":\"https:\/\/www.notibras.com\/site\/#website\",\"url\":\"https:\/\/www.notibras.com\/site\/\",\"name\":\"Notibras\",\"description\":\"Not\u00edcias de Bras\u00edlia, do Brasil e do Mundo\",\"publisher\":{\"@id\":\"https:\/\/www.notibras.com\/site\/#organization\"},\"potentialAction\":[{\"@type\":\"SearchAction\",\"target\":{\"@type\":\"EntryPoint\",\"urlTemplate\":\"https:\/\/www.notibras.com\/site\/?s={search_term_string}\"},\"query-input\":{\"@type\":\"PropertyValueSpecification\",\"valueRequired\":true,\"valueName\":\"search_term_string\"}}],\"inLanguage\":\"pt-BR\"},{\"@type\":\"Organization\",\"@id\":\"https:\/\/www.notibras.com\/site\/#organization\",\"name\":\"Grupo Notibras de Comunica\u00e7\u00e3o\",\"url\":\"https:\/\/www.notibras.com\/site\/\",\"logo\":{\"@type\":\"ImageObject\",\"inLanguage\":\"pt-BR\",\"@id\":\"https:\/\/www.notibras.com\/site\/#\/schema\/logo\/image\/\",\"url\":\"https:\/\/www.notibras.com\/site\/wp-content\/uploads\/2023\/01\/notibras23.png\",\"contentUrl\":\"https:\/\/www.notibras.com\/site\/wp-content\/uploads\/2023\/01\/notibras23.png\",\"width\":350,\"height\":87,\"caption\":\"Grupo Notibras de Comunica\u00e7\u00e3o\"},\"image\":{\"@id\":\"https:\/\/www.notibras.com\/site\/#\/schema\/logo\/image\/\"},\"sameAs\":[\"https:\/\/www.facebook.com\/notibras\/\",\"https:\/\/x.com\/Notibras\",\"https:\/\/www.instagram.com\/notibras\/\"]},{\"@type\":\"Person\",\"@id\":\"https:\/\/www.notibras.com\/site\/#\/schema\/person\/36ab0979449956132d3e5b517ea76ac8\",\"name\":\"Reda\u00e7\u00e3o\",\"image\":{\"@type\":\"ImageObject\",\"inLanguage\":\"pt-BR\",\"@id\":\"https:\/\/secure.gravatar.com\/avatar\/e0a867bdedb85fd243eadf09663511f96fc81e0720a4a42581f334ad4303aa6b?s=96&d=mm&r=g\",\"url\":\"https:\/\/secure.gravatar.com\/avatar\/e0a867bdedb85fd243eadf09663511f96fc81e0720a4a42581f334ad4303aa6b?s=96&d=mm&r=g\",\"contentUrl\":\"https:\/\/secure.gravatar.com\/avatar\/e0a867bdedb85fd243eadf09663511f96fc81e0720a4a42581f334ad4303aa6b?s=96&d=mm&r=g\",\"caption\":\"Reda\u00e7\u00e3o\"}}]}<\/script>\n<!-- \/ Yoast SEO plugin. -->","yoast_head_json":{"title":"Bolsonaro e Macri se unem contra zombaria de Maduro - Notibras","robots":{"index":"index","follow":"follow","max-snippet":"max-snippet:-1","max-image-preview":"max-image-preview:large","max-video-preview":"max-video-preview:-1"},"canonical":"https:\/\/www.notibras.com\/site\/bolsonaro-e-macri-se-unem-contra-zombaria-de-maduro\/","og_locale":"pt_BR","og_type":"article","og_title":"Bolsonaro e Macri se unem contra zombaria de Maduro - Notibras","og_description":"O presidente da Rep\u00fablica, Jair Bolsonaro, e o presidente da Argentina, Maur\u00edcio Macri, se reuniram nesta quarta-feira, 16, no Pal\u00e1cio do Planalto. Na pauta do encontro estavam temas relacionados a com\u00e9rcio, rela\u00e7\u00e3o bilateral, defesa e combate ao crime organizado. Em discurso ap\u00f3s a reuni\u00e3o, Macri condenou a ditadura do venezuelano Nicol\u00e1s Maduro. &#8220;Estamos preocupados com [&hellip;]","og_url":"https:\/\/www.notibras.com\/site\/bolsonaro-e-macri-se-unem-contra-zombaria-de-maduro\/","og_site_name":"Notibras","article_publisher":"https:\/\/www.facebook.com\/notibras\/","article_published_time":"2019-01-16T15:46:52+00:00","article_modified_time":"2019-01-16T15:48:09+00:00","og_image":[{"width":1140,"height":760,"url":"https:\/\/www.notibras.com\/site\/wp-content\/uploads\/2019\/01\/macri-e-bolsonaro-zombarias.jpg","type":"image\/jpeg"}],"author":"Reda\u00e7\u00e3o","twitter_card":"summary_large_image","twitter_creator":"@Notibras","twitter_site":"@Notibras","twitter_misc":{"Escrito por":"Reda\u00e7\u00e3o","Est. tempo de leitura":"3 minutos"},"schema":{"@context":"https:\/\/schema.org","@graph":[{"@type":"Article","@id":"https:\/\/www.notibras.com\/site\/bolsonaro-e-macri-se-unem-contra-zombaria-de-maduro\/#article","isPartOf":{"@id":"https:\/\/www.notibras.com\/site\/bolsonaro-e-macri-se-unem-contra-zombaria-de-maduro\/"},"author":{"name":"Reda\u00e7\u00e3o","@id":"https:\/\/www.notibras.com\/site\/#\/schema\/person\/36ab0979449956132d3e5b517ea76ac8"},"headline":"Bolsonaro e Macri se unem contra zombaria de Maduro","datePublished":"2019-01-16T15:46:52+00:00","dateModified":"2019-01-16T15:48:09+00:00","mainEntityOfPage":{"@id":"https:\/\/www.notibras.com\/site\/bolsonaro-e-macri-se-unem-contra-zombaria-de-maduro\/"},"wordCount":635,"publisher":{"@id":"https:\/\/www.notibras.com\/site\/#organization"},"image":{"@id":"https:\/\/www.notibras.com\/site\/bolsonaro-e-macri-se-unem-contra-zombaria-de-maduro\/#primaryimage"},"thumbnailUrl":"https:\/\/www.notibras.com\/site\/wp-content\/uploads\/2019\/01\/macri-e-bolsonaro-zombarias.jpg","keywords":["capa"],"articleSection":["Brasil"],"inLanguage":"pt-BR"},{"@type":"WebPage","@id":"https:\/\/www.notibras.com\/site\/bolsonaro-e-macri-se-unem-contra-zombaria-de-maduro\/","url":"https:\/\/www.notibras.com\/site\/bolsonaro-e-macri-se-unem-contra-zombaria-de-maduro\/","name":"Bolsonaro e Macri se unem contra zombaria de Maduro - Notibras","isPartOf":{"@id":"https:\/\/www.notibras.com\/site\/#website"},"primaryImageOfPage":{"@id":"https:\/\/www.notibras.com\/site\/bolsonaro-e-macri-se-unem-contra-zombaria-de-maduro\/#primaryimage"},"image":{"@id":"https:\/\/www.notibras.com\/site\/bolsonaro-e-macri-se-unem-contra-zombaria-de-maduro\/#primaryimage"},"thumbnailUrl":"https:\/\/www.notibras.com\/site\/wp-content\/uploads\/2019\/01\/macri-e-bolsonaro-zombarias.jpg","datePublished":"2019-01-16T15:46:52+00:00","dateModified":"2019-01-16T15:48:09+00:00","breadcrumb":{"@id":"https:\/\/www.notibras.com\/site\/bolsonaro-e-macri-se-unem-contra-zombaria-de-maduro\/#breadcrumb"},"inLanguage":"pt-BR","potentialAction":[{"@type":"ReadAction","target":["https:\/\/www.notibras.com\/site\/bolsonaro-e-macri-se-unem-contra-zombaria-de-maduro\/"]}]},{"@type":"ImageObject","inLanguage":"pt-BR","@id":"https:\/\/www.notibras.com\/site\/bolsonaro-e-macri-se-unem-contra-zombaria-de-maduro\/#primaryimage","url":"https:\/\/www.notibras.com\/site\/wp-content\/uploads\/2019\/01\/macri-e-bolsonaro-zombarias.jpg","contentUrl":"https:\/\/www.notibras.com\/site\/wp-content\/uploads\/2019\/01\/macri-e-bolsonaro-zombarias.jpg","width":1140,"height":760},{"@type":"BreadcrumbList","@id":"https:\/\/www.notibras.com\/site\/bolsonaro-e-macri-se-unem-contra-zombaria-de-maduro\/#breadcrumb","itemListElement":[{"@type":"ListItem","position":1,"name":"In\u00edcio","item":"https:\/\/www.notibras.com\/site\/"},{"@type":"ListItem","position":2,"name":"Bolsonaro e Macri se unem contra zombaria de Maduro"}]},{"@type":"WebSite","@id":"https:\/\/www.notibras.com\/site\/#website","url":"https:\/\/www.notibras.com\/site\/","name":"Notibras","description":"Not\u00edcias de Bras\u00edlia, do Brasil e do Mundo","publisher":{"@id":"https:\/\/www.notibras.com\/site\/#organization"},"potentialAction":[{"@type":"SearchAction","target":{"@type":"EntryPoint","urlTemplate":"https:\/\/www.notibras.com\/site\/?s={search_term_string}"},"query-input":{"@type":"PropertyValueSpecification","valueRequired":true,"valueName":"search_term_string"}}],"inLanguage":"pt-BR"},{"@type":"Organization","@id":"https:\/\/www.notibras.com\/site\/#organization","name":"Grupo Notibras de Comunica\u00e7\u00e3o","url":"https:\/\/www.notibras.com\/site\/","logo":{"@type":"ImageObject","inLanguage":"pt-BR","@id":"https:\/\/www.notibras.com\/site\/#\/schema\/logo\/image\/","url":"https:\/\/www.notibras.com\/site\/wp-content\/uploads\/2023\/01\/notibras23.png","contentUrl":"https:\/\/www.notibras.com\/site\/wp-content\/uploads\/2023\/01\/notibras23.png","width":350,"height":87,"caption":"Grupo Notibras de Comunica\u00e7\u00e3o"},"image":{"@id":"https:\/\/www.notibras.com\/site\/#\/schema\/logo\/image\/"},"sameAs":["https:\/\/www.facebook.com\/notibras\/","https:\/\/x.com\/Notibras","https:\/\/www.instagram.com\/notibras\/"]},{"@type":"Person","@id":"https:\/\/www.notibras.com\/site\/#\/schema\/person\/36ab0979449956132d3e5b517ea76ac8","name":"Reda\u00e7\u00e3o","image":{"@type":"ImageObject","inLanguage":"pt-BR","@id":"https:\/\/secure.gravatar.com\/avatar\/e0a867bdedb85fd243eadf09663511f96fc81e0720a4a42581f334ad4303aa6b?s=96&d=mm&r=g","url":"https:\/\/secure.gravatar.com\/avatar\/e0a867bdedb85fd243eadf09663511f96fc81e0720a4a42581f334ad4303aa6b?s=96&d=mm&r=g","contentUrl":"https:\/\/secure.gravatar.com\/avatar\/e0a867bdedb85fd243eadf09663511f96fc81e0720a4a42581f334ad4303aa6b?s=96&d=mm&r=g","caption":"Reda\u00e7\u00e3o"}}]}},"amp_enabled":true,"_links":{"self":[{"href":"https:\/\/www.notibras.com\/site\/wp-json\/wp\/v2\/posts\/199597","targetHints":{"allow":["GET"]}}],"collection":[{"href":"https:\/\/www.notibras.com\/site\/wp-json\/wp\/v2\/posts"}],"about":[{"href":"https:\/\/www.notibras.com\/site\/wp-json\/wp\/v2\/types\/post"}],"author":[{"embeddable":true,"href":"https:\/\/www.notibras.com\/site\/wp-json\/wp\/v2\/users\/2"}],"replies":[{"embeddable":true,"href":"https:\/\/www.notibras.com\/site\/wp-json\/wp\/v2\/comments?post=199597"}],"version-history":[{"count":2,"href":"https:\/\/www.notibras.com\/site\/wp-json\/wp\/v2\/posts\/199597\/revisions"}],"predecessor-version":[{"id":199602,"href":"https:\/\/www.notibras.com\/site\/wp-json\/wp\/v2\/posts\/199597\/revisions\/199602"}],"wp:featuredmedia":[{"embeddable":true,"href":"https:\/\/www.notibras.com\/site\/wp-json\/wp\/v2\/media\/199600"}],"wp:attachment":[{"href":"https:\/\/www.notibras.com\/site\/wp-json\/wp\/v2\/media?parent=199597"}],"wp:term":[{"taxonomy":"category","embeddable":true,"href":"https:\/\/www.notibras.com\/site\/wp-json\/wp\/v2\/categories?post=199597"},{"taxonomy":"post_tag","embeddable":true,"href":"https:\/\/www.notibras.com\/site\/wp-json\/wp\/v2\/tags?post=199597"}],"curies":[{"name":"wp","href":"https:\/\/api.w.org\/{rel}","templated":true}]}}