{"id":19972,"date":"2014-08-17T15:51:25","date_gmt":"2014-08-17T18:51:25","guid":{"rendered":"http:\/\/www.notibras.com\/site\/?p=19972"},"modified":"2014-08-17T21:54:02","modified_gmt":"2014-08-18T00:54:02","slug":"militantes-prestam-homenagem-ao-lider-eduardo-em-ato-na-torre-de-tv","status":"publish","type":"post","link":"https:\/\/www.notibras.com\/site\/militantes-prestam-homenagem-ao-lider-eduardo-em-ato-na-torre-de-tv\/","title":{"rendered":"Jovens fazem homenagem ao l\u00edder Eduardo, em ato na Torre de TV"},"content":{"rendered":"<p>Um grupo de cerca de 150 jovens ligados \u00e0 juventude socialista do PSB, ao PPL e \u00e0 Rede fizeram em Bras\u00edlia na tarde deste domingo (17) uma homenagem ao presidenci\u00e1vel Eduardo Campos.<\/p>\n<p>Os jovens formaram o n\u00famero 40 \u2013 que identifica o PSB \u2013 em frente \u00e0 Torre de TV e soltaram bal\u00f5es brancos. Sete jovens soltaram bal\u00f5es vermelhos em mem\u00f3ria dos mortos.<\/p>\n<blockquote><p>O secret\u00e1rio de Juventude do PSB-DF, Rodrigo Dias, disse que essa foi a forma que os jovens encontraram de homenagear o presidenci\u00e1vel e as demais v\u00edtimas do acidente.<\/p><\/blockquote>\n","protected":false},"excerpt":{"rendered":"<p>Um grupo de cerca de 150 jovens ligados \u00e0 juventude socialista do PSB, ao PPL e \u00e0 Rede fizeram em Bras\u00edlia na tarde deste domingo (17) uma homenagem ao presidenci\u00e1vel Eduardo Campos. Os jovens formaram o n\u00famero 40 \u2013 que identifica o PSB \u2013 em frente \u00e0 Torre de TV e soltaram bal\u00f5es brancos. Sete [&hellip;]<\/p>\n","protected":false},"author":2,"featured_media":19973,"comment_status":"open","ping_status":"closed","sticky":false,"template":"","format":"standard","meta":{"_acf_changed":false,"footnotes":""},"categories":[33],"tags":[],"class_list":["post-19972","post","type-post","status-publish","format-standard","has-post-thumbnail","hentry","category-eleicoes-2014"],"acf":[],"_links":{"self":[{"href":"https:\/\/www.notibras.com\/site\/wp-json\/wp\/v2\/posts\/19972","targetHints":{"allow":["GET"]}}],"collection":[{"href":"https:\/\/www.notibras.com\/site\/wp-json\/wp\/v2\/posts"}],"about":[{"href":"https:\/\/www.notibras.com\/site\/wp-json\/wp\/v2\/types\/post"}],"author":[{"embeddable":true,"href":"https:\/\/www.notibras.com\/site\/wp-json\/wp\/v2\/users\/2"}],"replies":[{"embeddable":true,"href":"https:\/\/www.notibras.com\/site\/wp-json\/wp\/v2\/comments?post=19972"}],"version-history":[{"count":0,"href":"https:\/\/www.notibras.com\/site\/wp-json\/wp\/v2\/posts\/19972\/revisions"}],"wp:featuredmedia":[{"embeddable":true,"href":"https:\/\/www.notibras.com\/site\/wp-json\/wp\/v2\/media\/19973"}],"wp:attachment":[{"href":"https:\/\/www.notibras.com\/site\/wp-json\/wp\/v2\/media?parent=19972"}],"wp:term":[{"taxonomy":"category","embeddable":true,"href":"https:\/\/www.notibras.com\/site\/wp-json\/wp\/v2\/categories?post=19972"},{"taxonomy":"post_tag","embeddable":true,"href":"https:\/\/www.notibras.com\/site\/wp-json\/wp\/v2\/tags?post=19972"}],"curies":[{"name":"wp","href":"https:\/\/api.w.org\/{rel}","templated":true}]}}