{"id":19981,"date":"2014-08-18T11:06:28","date_gmt":"2014-08-18T14:06:28","guid":{"rendered":"http:\/\/www.notibras.com\/site\/?p=19981"},"modified":"2014-08-18T11:08:18","modified_gmt":"2014-08-18T14:08:18","slug":"tre-nega-registro-de-candidatura-ao-gdf-de-perci-marrara-do-pco","status":"publish","type":"post","link":"https:\/\/www.notibras.com\/site\/tre-nega-registro-de-candidatura-ao-gdf-de-perci-marrara-do-pco\/","title":{"rendered":"TRE nega registro de candidatura ao GDF de Perci Marrara, do PCO"},"content":{"rendered":"<p style=\"color: #333333;\">A candidata ao governo do\u00a0Distrito Federal\u00a0Perci Marrara\u00a0(PCO) teve seu registro negado pelo Tribunal Regional Eleitoral (TRE) por n\u00e3o apresentar as contas relativas \u00e0 campanha nas elei\u00e7\u00f5es passadas. A decis\u00e3o, un\u00e2nime, ocorreu em sess\u00e3o extraordin\u00e1ria de julgamento do tribunal na sexta-feira (15).<\/p>\n<blockquote>\n<p style=\"color: #333333;\">O Minist\u00e9rio P\u00fablico Eleitoral (MPE), que apresentou a impugna\u00e7\u00e3o ao TRE, afirmou que a candidata n\u00e3o teria quita\u00e7\u00e3o eleitoral e por isso, estaria ineleg\u00edvel.<\/p>\n<\/blockquote>\n<p style=\"color: #333333;\">Com o registro de Perci indeferido, o candidato a vice-governador, Gilson Vasconcelos Dobbin, tamb\u00e9m teve a candidatura negada, j\u00e1 que a chapa n\u00e3o pode ter apenas um candidato, informou o TRE.<\/p>\n<p style=\"color: #333333;\">Na sexta-feira, a candidata publicou em seu perfil nas redes sociais que &#8220;problemas burocr\u00e1ticos&#8221; estavam tomando muito tempo de sua campanha.<\/p>\n","protected":false},"excerpt":{"rendered":"<p>A candidata ao governo do\u00a0Distrito Federal\u00a0Perci Marrara\u00a0(PCO) teve seu registro negado pelo Tribunal Regional Eleitoral (TRE) por n\u00e3o apresentar as contas relativas \u00e0 campanha nas elei\u00e7\u00f5es passadas. A decis\u00e3o, un\u00e2nime, ocorreu em sess\u00e3o extraordin\u00e1ria de julgamento do tribunal na sexta-feira (15). O Minist\u00e9rio P\u00fablico Eleitoral (MPE), que apresentou a impugna\u00e7\u00e3o ao TRE, afirmou que a [&hellip;]<\/p>\n","protected":false},"author":1,"featured_media":19982,"comment_status":"open","ping_status":"closed","sticky":false,"template":"","format":"standard","meta":{"_acf_changed":false,"footnotes":""},"categories":[33],"tags":[],"class_list":["post-19981","post","type-post","status-publish","format-standard","has-post-thumbnail","hentry","category-eleicoes-2014"],"acf":[],"_links":{"self":[{"href":"https:\/\/www.notibras.com\/site\/wp-json\/wp\/v2\/posts\/19981","targetHints":{"allow":["GET"]}}],"collection":[{"href":"https:\/\/www.notibras.com\/site\/wp-json\/wp\/v2\/posts"}],"about":[{"href":"https:\/\/www.notibras.com\/site\/wp-json\/wp\/v2\/types\/post"}],"author":[{"embeddable":true,"href":"https:\/\/www.notibras.com\/site\/wp-json\/wp\/v2\/users\/1"}],"replies":[{"embeddable":true,"href":"https:\/\/www.notibras.com\/site\/wp-json\/wp\/v2\/comments?post=19981"}],"version-history":[{"count":0,"href":"https:\/\/www.notibras.com\/site\/wp-json\/wp\/v2\/posts\/19981\/revisions"}],"wp:featuredmedia":[{"embeddable":true,"href":"https:\/\/www.notibras.com\/site\/wp-json\/wp\/v2\/media\/19982"}],"wp:attachment":[{"href":"https:\/\/www.notibras.com\/site\/wp-json\/wp\/v2\/media?parent=19981"}],"wp:term":[{"taxonomy":"category","embeddable":true,"href":"https:\/\/www.notibras.com\/site\/wp-json\/wp\/v2\/categories?post=19981"},{"taxonomy":"post_tag","embeddable":true,"href":"https:\/\/www.notibras.com\/site\/wp-json\/wp\/v2\/tags?post=19981"}],"curies":[{"name":"wp","href":"https:\/\/api.w.org\/{rel}","templated":true}]}}