{"id":19998,"date":"2014-08-18T12:41:22","date_gmt":"2014-08-18T15:41:22","guid":{"rendered":"http:\/\/www.notibras.com\/site\/?p=19998"},"modified":"2014-08-18T23:26:21","modified_gmt":"2014-08-19T02:26:21","slug":"mercado-reduz-previsao-de-alta-do-pib-pela-12a-semana-seguida","status":"publish","type":"post","link":"https:\/\/www.notibras.com\/site\/mercado-reduz-previsao-de-alta-do-pib-pela-12a-semana-seguida\/","title":{"rendered":"Mercado financeiro reduz previs\u00e3o do PIB pelo 3\u00ba m\u00eas"},"content":{"rendered":"<p><span style=\"color: #333333;\">As previs\u00f5es para o crescimento da economia brasileira este ano continuam a cair. Pela d\u00e9cima segunda semana seguida, o mercado financeiro reduziu sua estimativa de alta: agora, os economistas dos bancos esperam um crescimento de 0,79% \u2013 na semana anterior, a previs\u00e3o era de 0,81%.<\/span><\/p>\n<blockquote><p>Para 2015, a previs\u00e3o do mercado para a expans\u00e3o do Produto Interno Bruto (PIB) seguiu est\u00e1vel em 1,2%. As previs\u00f5es dos economistas dos bancos constam no relat\u00f3rio de mercado do Banco Central, divulgado nesta segunda-feira (18), fruto de pesquisa realizada com mais de 100 institui\u00e7\u00f5es financeiras na \u00faltima semana. O PIB \u00e9 a soma de todos os bens e servi\u00e7os feitos em territ\u00f3rio brasileiro, independentemente da nacionalidade de quem os produz, e serve para medir o crescimento da economia.<\/p><\/blockquote>\n<p>Para conter a infla\u00e7\u00e3o, o Banco Central subiu os juros entre abril do ano passado e maio deste ano, influenciando tamb\u00e9m o ritmo de atividade. Com taxas maiores, h\u00e1 redu\u00e7\u00e3o do cr\u00e9dito e do dinheiro em circula\u00e7\u00e3o, assim como do n\u00famero de pessoas e empresas dispostas a consumir, o que tende a fazer com que os pre\u00e7os caiam ou parem de subir.<\/p>\n<p>No fim de maio, o Instituto Brasileiro de Geografia e Estat\u00edstica (IBGE) informou que a economia do pa\u00eds cresceu 0,2% nos tr\u00eas primeiros meses de 2014, em rela\u00e7\u00e3o ao quarto trimestre de 2013, com destaque para o bom desempenho da agropecu\u00e1ria. O resultado do PIB do segundo trimestre ser\u00e1 divulgado no fim deste m\u00eas.<\/p>\n<p>A expans\u00e3o do PIB do pa\u00eds previsto para 2014 pelo mercado financeiro, de 0,79%, continua abaixo do estimado no or\u00e7amento federal, de 1,8%, e tamb\u00e9m \u00e9 menor que a previs\u00e3o divulgada pelo Banco Central no fim de junho, de alta de 1,6%.<\/p>\n","protected":false},"excerpt":{"rendered":"<p>As previs\u00f5es para o crescimento da economia brasileira este ano continuam a cair. Pela d\u00e9cima segunda semana seguida, o mercado financeiro reduziu sua estimativa de alta: agora, os economistas dos bancos esperam um crescimento de 0,79% \u2013 na semana anterior, a previs\u00e3o era de 0,81%. Para 2015, a previs\u00e3o do mercado para a expans\u00e3o do [&hellip;]<\/p>\n","protected":false},"author":1,"featured_media":19999,"comment_status":"open","ping_status":"closed","sticky":false,"template":"","format":"standard","meta":{"_acf_changed":false,"footnotes":""},"categories":[16],"tags":[],"class_list":["post-19998","post","type-post","status-publish","format-standard","has-post-thumbnail","hentry","category-brasil"],"acf":[],"_links":{"self":[{"href":"https:\/\/www.notibras.com\/site\/wp-json\/wp\/v2\/posts\/19998","targetHints":{"allow":["GET"]}}],"collection":[{"href":"https:\/\/www.notibras.com\/site\/wp-json\/wp\/v2\/posts"}],"about":[{"href":"https:\/\/www.notibras.com\/site\/wp-json\/wp\/v2\/types\/post"}],"author":[{"embeddable":true,"href":"https:\/\/www.notibras.com\/site\/wp-json\/wp\/v2\/users\/1"}],"replies":[{"embeddable":true,"href":"https:\/\/www.notibras.com\/site\/wp-json\/wp\/v2\/comments?post=19998"}],"version-history":[{"count":0,"href":"https:\/\/www.notibras.com\/site\/wp-json\/wp\/v2\/posts\/19998\/revisions"}],"wp:featuredmedia":[{"embeddable":true,"href":"https:\/\/www.notibras.com\/site\/wp-json\/wp\/v2\/media\/19999"}],"wp:attachment":[{"href":"https:\/\/www.notibras.com\/site\/wp-json\/wp\/v2\/media?parent=19998"}],"wp:term":[{"taxonomy":"category","embeddable":true,"href":"https:\/\/www.notibras.com\/site\/wp-json\/wp\/v2\/categories?post=19998"},{"taxonomy":"post_tag","embeddable":true,"href":"https:\/\/www.notibras.com\/site\/wp-json\/wp\/v2\/tags?post=19998"}],"curies":[{"name":"wp","href":"https:\/\/api.w.org\/{rel}","templated":true}]}}