{"id":20003,"date":"2014-08-18T14:51:14","date_gmt":"2014-08-18T17:51:14","guid":{"rendered":"http:\/\/www.notibras.com\/site\/?p=20003"},"modified":"2014-08-18T14:51:44","modified_gmt":"2014-08-18T17:51:44","slug":"vice-presidente-michel-temer-anuncia-apoio-a-candidatura-de-lupi","status":"publish","type":"post","link":"https:\/\/www.notibras.com\/site\/vice-presidente-michel-temer-anuncia-apoio-a-candidatura-de-lupi\/","title":{"rendered":"Vice-presidente Michel Temer anuncia apoio \u00e0 candidatura de  Lupi"},"content":{"rendered":"<p>Na noite desta segunda-feira (18), o candidato do PDT ao Senado, Carlos Lupi, ganhar\u00e1 refor\u00e7o de peso: o vice-presidente da Rep\u00fablica, Michel Temer (PMDB), na chapa da presidente e candidata \u00e0 reelei\u00e7\u00e3o Dilma Rousseff (PT). Em um jantar no Hotel Mercure, em Niter\u00f3i, Regi\u00e3o Metropolitana do Rio, organizado pelo secret\u00e1rio-geral do PMDB fluminense, Carlos Alberto Muniz.<\/p>\n<p>No evento tamb\u00e9m o governador e candidato \u00e0 reelei\u00e7\u00e3o, Luiz Fernando Pez\u00e3o (PMDB) e o prefeito de Niter\u00f3i, Rodrigo Neves (PT), que no m\u00eas passado, anunciara apoio publicamente \u00e0 campanha do candidato do PT ao governo do estado, senador Lindbergh Farias; empres\u00e1rios e lideran\u00e7as pol\u00edticas.<\/p>\n<p>Segundo a assessoria do PDT, est\u00e3o com Lupi e j\u00e1 pediram votos para ele a Dilma Rousseff; o ex-presidente Luiz In\u00e1cio Lula da Silva; o prefeito do Rio, Eduardo Paes; entre outras lideran\u00e7as. O jantar tamb\u00e9m ser\u00e1 de apoio a Pez\u00e3o.<\/p>\n<p>No s\u00e1bado, Lupi foi recebido com grande festa por mais de 1.500 pessoas na tradicional feijoada da escola de samba Imp\u00e9rio Serrano, em Madureira, acompanhado do deputado estadual, Dionisio Lins (PP), que busca a reelei\u00e7\u00e3o.<\/p>\n<p>Hoje, mais cedo, Lupi almo\u00e7ou na sede da Firjan, no Centro do Rio, com o presidente da entidade, o empres\u00e1rio Eduardo Eug\u00eanio Gouveia Vieira.<\/p>\n<p>&nbsp;<\/p>\n","protected":false},"excerpt":{"rendered":"<p>Na noite desta segunda-feira (18), o candidato do PDT ao Senado, Carlos Lupi, ganhar\u00e1 refor\u00e7o de peso: o vice-presidente da Rep\u00fablica, Michel Temer (PMDB), na chapa da presidente e candidata \u00e0 reelei\u00e7\u00e3o Dilma Rousseff (PT). Em um jantar no Hotel Mercure, em Niter\u00f3i, Regi\u00e3o Metropolitana do Rio, organizado pelo secret\u00e1rio-geral do PMDB fluminense, Carlos Alberto [&hellip;]<\/p>\n","protected":false},"author":1,"featured_media":20004,"comment_status":"open","ping_status":"closed","sticky":false,"template":"","format":"standard","meta":{"_acf_changed":false,"footnotes":""},"categories":[33],"tags":[],"class_list":["post-20003","post","type-post","status-publish","format-standard","has-post-thumbnail","hentry","category-eleicoes-2014"],"acf":[],"_links":{"self":[{"href":"https:\/\/www.notibras.com\/site\/wp-json\/wp\/v2\/posts\/20003","targetHints":{"allow":["GET"]}}],"collection":[{"href":"https:\/\/www.notibras.com\/site\/wp-json\/wp\/v2\/posts"}],"about":[{"href":"https:\/\/www.notibras.com\/site\/wp-json\/wp\/v2\/types\/post"}],"author":[{"embeddable":true,"href":"https:\/\/www.notibras.com\/site\/wp-json\/wp\/v2\/users\/1"}],"replies":[{"embeddable":true,"href":"https:\/\/www.notibras.com\/site\/wp-json\/wp\/v2\/comments?post=20003"}],"version-history":[{"count":0,"href":"https:\/\/www.notibras.com\/site\/wp-json\/wp\/v2\/posts\/20003\/revisions"}],"wp:featuredmedia":[{"embeddable":true,"href":"https:\/\/www.notibras.com\/site\/wp-json\/wp\/v2\/media\/20004"}],"wp:attachment":[{"href":"https:\/\/www.notibras.com\/site\/wp-json\/wp\/v2\/media?parent=20003"}],"wp:term":[{"taxonomy":"category","embeddable":true,"href":"https:\/\/www.notibras.com\/site\/wp-json\/wp\/v2\/categories?post=20003"},{"taxonomy":"post_tag","embeddable":true,"href":"https:\/\/www.notibras.com\/site\/wp-json\/wp\/v2\/tags?post=20003"}],"curies":[{"name":"wp","href":"https:\/\/api.w.org\/{rel}","templated":true}]}}