{"id":200309,"date":"2019-01-23T14:58:13","date_gmt":"2019-01-23T16:58:13","guid":{"rendered":"https:\/\/www.notibras.com\/site\/?p=200309"},"modified":"2019-01-23T15:00:23","modified_gmt":"2019-01-23T17:00:23","slug":"escreveu-nao-leu-o-pau-comeu-mas-vamos-aguardar-o-final-da-prova","status":"publish","type":"post","link":"https:\/\/www.notibras.com\/site\/escreveu-nao-leu-o-pau-comeu-mas-vamos-aguardar-o-final-da-prova\/","title":{"rendered":"&#8216;Escreveu n\u00e3o leu, o pau comeu. Mas vamos aguardar o final da prova&#8217;"},"content":{"rendered":"<p>O presidente em exerc\u00edcio, Hamilton Mour\u00e3o, recorreu novamente a uma express\u00e3o militar para defender apura\u00e7\u00e3o no caso envolvendo o senador eleito Fl\u00e1vio Bolsonaro (PSL-RJ), filho do presidente Jair Bolsonaro.<\/p>\n<p>&#8220;Qual \u00e9 a sigla? Tu j\u00e1 sabe. Apurundaso. Apurar e punir se for o caso&#8221;, declarou Mour\u00e3o ao ser questionado sobre a entrevista de Jair Bolsonaro \u00e0 TV Bloomberg em Davos (Su\u00ed\u00e7a). O presidente afirmou que, se o filho vier a cometer algum erro, ele ter\u00e1 que pagar o pre\u00e7o.<\/p>\n<p>Mour\u00e3o negou que Bolsonaro tenha demorado a se manifestar sobre o assunto. &#8220;N\u00e3o, acho que o presidente j\u00e1 tinha declarado isso na primeira vez que surgiu esse assunto. Tenho quase certeza que ele falou isso.&#8221;<\/p>\n","protected":false},"excerpt":{"rendered":"<p>O presidente em exerc\u00edcio, Hamilton Mour\u00e3o, recorreu novamente a uma express\u00e3o militar para defender apura\u00e7\u00e3o no caso envolvendo o senador eleito Fl\u00e1vio Bolsonaro (PSL-RJ), filho do presidente Jair Bolsonaro. &#8220;Qual \u00e9 a sigla? Tu j\u00e1 sabe. Apurundaso. Apurar e punir se for o caso&#8221;, declarou Mour\u00e3o ao ser questionado sobre a entrevista de Jair Bolsonaro [&hellip;]<\/p>\n","protected":false},"author":2,"featured_media":200310,"comment_status":"closed","ping_status":"closed","sticky":false,"template":"","format":"standard","meta":{"_acf_changed":false,"footnotes":""},"categories":[16],"tags":[95],"class_list":["post-200309","post","type-post","status-publish","format-standard","has-post-thumbnail","hentry","category-brasil","tag-capa"],"acf":[],"yoast_head":"<!-- This site is optimized with the Yoast SEO plugin v27.2 - https:\/\/yoast.com\/product\/yoast-seo-wordpress\/ -->\n<title>&#039;Escreveu n\u00e3o leu, o pau comeu. Mas vamos aguardar o final da prova&#039; - Notibras<\/title>\n<meta name=\"robots\" content=\"index, follow, max-snippet:-1, max-image-preview:large, max-video-preview:-1\" \/>\n<link rel=\"canonical\" href=\"https:\/\/www.notibras.com\/site\/escreveu-nao-leu-o-pau-comeu-mas-vamos-aguardar-o-final-da-prova\/\" \/>\n<meta property=\"og:locale\" content=\"pt_BR\" \/>\n<meta property=\"og:type\" content=\"article\" \/>\n<meta property=\"og:title\" content=\"&#039;Escreveu n\u00e3o leu, o pau comeu. Mas vamos aguardar o final da prova&#039; - Notibras\" \/>\n<meta property=\"og:description\" content=\"O presidente em exerc\u00edcio, Hamilton Mour\u00e3o, recorreu novamente a uma express\u00e3o militar para defender apura\u00e7\u00e3o no caso envolvendo o senador eleito Fl\u00e1vio Bolsonaro (PSL-RJ), filho do presidente Jair Bolsonaro. &#8220;Qual \u00e9 a sigla? Tu j\u00e1 sabe. Apurundaso. Apurar e punir se for o caso&#8221;, declarou Mour\u00e3o ao ser questionado sobre a entrevista de Jair Bolsonaro [&hellip;]\" \/>\n<meta property=\"og:url\" content=\"https:\/\/www.notibras.com\/site\/escreveu-nao-leu-o-pau-comeu-mas-vamos-aguardar-o-final-da-prova\/\" \/>\n<meta property=\"og:site_name\" content=\"Notibras\" \/>\n<meta property=\"article:publisher\" content=\"https:\/\/www.facebook.com\/notibras\/\" \/>\n<meta property=\"article:published_time\" content=\"2019-01-23T16:58:13+00:00\" \/>\n<meta property=\"article:modified_time\" content=\"2019-01-23T17:00:23+00:00\" \/>\n<meta property=\"og:image\" content=\"https:\/\/www.notibras.com\/site\/wp-content\/uploads\/2019\/01\/mourao-caso-fl\u00e1vio.jpg\" \/>\n\t<meta property=\"og:image:width\" content=\"1140\" \/>\n\t<meta property=\"og:image:height\" content=\"760\" \/>\n\t<meta property=\"og:image:type\" content=\"image\/jpeg\" \/>\n<meta name=\"author\" content=\"Reda\u00e7\u00e3o\" \/>\n<meta name=\"twitter:card\" content=\"summary_large_image\" \/>\n<meta name=\"twitter:creator\" content=\"@Notibras\" \/>\n<meta name=\"twitter:site\" content=\"@Notibras\" \/>\n<meta name=\"twitter:label1\" content=\"Escrito por\" \/>\n\t<meta name=\"twitter:data1\" content=\"Reda\u00e7\u00e3o\" \/>\n\t<meta name=\"twitter:label2\" content=\"Est. tempo de leitura\" \/>\n\t<meta name=\"twitter:data2\" content=\"1 minuto\" \/>\n<script type=\"application\/ld+json\" class=\"yoast-schema-graph\">{\"@context\":\"https:\/\/schema.org\",\"@graph\":[{\"@type\":\"Article\",\"@id\":\"https:\/\/www.notibras.com\/site\/escreveu-nao-leu-o-pau-comeu-mas-vamos-aguardar-o-final-da-prova\/#article\",\"isPartOf\":{\"@id\":\"https:\/\/www.notibras.com\/site\/escreveu-nao-leu-o-pau-comeu-mas-vamos-aguardar-o-final-da-prova\/\"},\"author\":{\"name\":\"Reda\u00e7\u00e3o\",\"@id\":\"https:\/\/www.notibras.com\/site\/#\/schema\/person\/36ab0979449956132d3e5b517ea76ac8\"},\"headline\":\"&#8216;Escreveu n\u00e3o leu, o pau comeu. Mas vamos aguardar o final da prova&#8217;\",\"datePublished\":\"2019-01-23T16:58:13+00:00\",\"dateModified\":\"2019-01-23T17:00:23+00:00\",\"mainEntityOfPage\":{\"@id\":\"https:\/\/www.notibras.com\/site\/escreveu-nao-leu-o-pau-comeu-mas-vamos-aguardar-o-final-da-prova\/\"},\"wordCount\":136,\"publisher\":{\"@id\":\"https:\/\/www.notibras.com\/site\/#organization\"},\"image\":{\"@id\":\"https:\/\/www.notibras.com\/site\/escreveu-nao-leu-o-pau-comeu-mas-vamos-aguardar-o-final-da-prova\/#primaryimage\"},\"thumbnailUrl\":\"https:\/\/www.notibras.com\/site\/wp-content\/uploads\/2019\/01\/mourao-caso-fl\u00e1vio.jpg\",\"keywords\":[\"capa\"],\"articleSection\":[\"Brasil\"],\"inLanguage\":\"pt-BR\"},{\"@type\":\"WebPage\",\"@id\":\"https:\/\/www.notibras.com\/site\/escreveu-nao-leu-o-pau-comeu-mas-vamos-aguardar-o-final-da-prova\/\",\"url\":\"https:\/\/www.notibras.com\/site\/escreveu-nao-leu-o-pau-comeu-mas-vamos-aguardar-o-final-da-prova\/\",\"name\":\"'Escreveu n\u00e3o leu, o pau comeu. Mas vamos aguardar o final da prova' - Notibras\",\"isPartOf\":{\"@id\":\"https:\/\/www.notibras.com\/site\/#website\"},\"primaryImageOfPage\":{\"@id\":\"https:\/\/www.notibras.com\/site\/escreveu-nao-leu-o-pau-comeu-mas-vamos-aguardar-o-final-da-prova\/#primaryimage\"},\"image\":{\"@id\":\"https:\/\/www.notibras.com\/site\/escreveu-nao-leu-o-pau-comeu-mas-vamos-aguardar-o-final-da-prova\/#primaryimage\"},\"thumbnailUrl\":\"https:\/\/www.notibras.com\/site\/wp-content\/uploads\/2019\/01\/mourao-caso-fl\u00e1vio.jpg\",\"datePublished\":\"2019-01-23T16:58:13+00:00\",\"dateModified\":\"2019-01-23T17:00:23+00:00\",\"breadcrumb\":{\"@id\":\"https:\/\/www.notibras.com\/site\/escreveu-nao-leu-o-pau-comeu-mas-vamos-aguardar-o-final-da-prova\/#breadcrumb\"},\"inLanguage\":\"pt-BR\",\"potentialAction\":[{\"@type\":\"ReadAction\",\"target\":[\"https:\/\/www.notibras.com\/site\/escreveu-nao-leu-o-pau-comeu-mas-vamos-aguardar-o-final-da-prova\/\"]}]},{\"@type\":\"ImageObject\",\"inLanguage\":\"pt-BR\",\"@id\":\"https:\/\/www.notibras.com\/site\/escreveu-nao-leu-o-pau-comeu-mas-vamos-aguardar-o-final-da-prova\/#primaryimage\",\"url\":\"https:\/\/www.notibras.com\/site\/wp-content\/uploads\/2019\/01\/mourao-caso-fl\u00e1vio.jpg\",\"contentUrl\":\"https:\/\/www.notibras.com\/site\/wp-content\/uploads\/2019\/01\/mourao-caso-fl\u00e1vio.jpg\",\"width\":1140,\"height\":760},{\"@type\":\"BreadcrumbList\",\"@id\":\"https:\/\/www.notibras.com\/site\/escreveu-nao-leu-o-pau-comeu-mas-vamos-aguardar-o-final-da-prova\/#breadcrumb\",\"itemListElement\":[{\"@type\":\"ListItem\",\"position\":1,\"name\":\"In\u00edcio\",\"item\":\"https:\/\/www.notibras.com\/site\/\"},{\"@type\":\"ListItem\",\"position\":2,\"name\":\"&#8216;Escreveu n\u00e3o leu, o pau comeu. Mas vamos aguardar o final da prova&#8217;\"}]},{\"@type\":\"WebSite\",\"@id\":\"https:\/\/www.notibras.com\/site\/#website\",\"url\":\"https:\/\/www.notibras.com\/site\/\",\"name\":\"Notibras\",\"description\":\"Not\u00edcias de Bras\u00edlia, do Brasil e do Mundo\",\"publisher\":{\"@id\":\"https:\/\/www.notibras.com\/site\/#organization\"},\"potentialAction\":[{\"@type\":\"SearchAction\",\"target\":{\"@type\":\"EntryPoint\",\"urlTemplate\":\"https:\/\/www.notibras.com\/site\/?s={search_term_string}\"},\"query-input\":{\"@type\":\"PropertyValueSpecification\",\"valueRequired\":true,\"valueName\":\"search_term_string\"}}],\"inLanguage\":\"pt-BR\"},{\"@type\":\"Organization\",\"@id\":\"https:\/\/www.notibras.com\/site\/#organization\",\"name\":\"Grupo Notibras de Comunica\u00e7\u00e3o\",\"url\":\"https:\/\/www.notibras.com\/site\/\",\"logo\":{\"@type\":\"ImageObject\",\"inLanguage\":\"pt-BR\",\"@id\":\"https:\/\/www.notibras.com\/site\/#\/schema\/logo\/image\/\",\"url\":\"https:\/\/www.notibras.com\/site\/wp-content\/uploads\/2023\/01\/notibras23.png\",\"contentUrl\":\"https:\/\/www.notibras.com\/site\/wp-content\/uploads\/2023\/01\/notibras23.png\",\"width\":350,\"height\":87,\"caption\":\"Grupo Notibras de Comunica\u00e7\u00e3o\"},\"image\":{\"@id\":\"https:\/\/www.notibras.com\/site\/#\/schema\/logo\/image\/\"},\"sameAs\":[\"https:\/\/www.facebook.com\/notibras\/\",\"https:\/\/x.com\/Notibras\",\"https:\/\/www.instagram.com\/notibras\/\"]},{\"@type\":\"Person\",\"@id\":\"https:\/\/www.notibras.com\/site\/#\/schema\/person\/36ab0979449956132d3e5b517ea76ac8\",\"name\":\"Reda\u00e7\u00e3o\",\"image\":{\"@type\":\"ImageObject\",\"inLanguage\":\"pt-BR\",\"@id\":\"https:\/\/secure.gravatar.com\/avatar\/e0a867bdedb85fd243eadf09663511f96fc81e0720a4a42581f334ad4303aa6b?s=96&d=mm&r=g\",\"url\":\"https:\/\/secure.gravatar.com\/avatar\/e0a867bdedb85fd243eadf09663511f96fc81e0720a4a42581f334ad4303aa6b?s=96&d=mm&r=g\",\"contentUrl\":\"https:\/\/secure.gravatar.com\/avatar\/e0a867bdedb85fd243eadf09663511f96fc81e0720a4a42581f334ad4303aa6b?s=96&d=mm&r=g\",\"caption\":\"Reda\u00e7\u00e3o\"}}]}<\/script>\n<!-- \/ Yoast SEO plugin. -->","yoast_head_json":{"title":"'Escreveu n\u00e3o leu, o pau comeu. Mas vamos aguardar o final da prova' - Notibras","robots":{"index":"index","follow":"follow","max-snippet":"max-snippet:-1","max-image-preview":"max-image-preview:large","max-video-preview":"max-video-preview:-1"},"canonical":"https:\/\/www.notibras.com\/site\/escreveu-nao-leu-o-pau-comeu-mas-vamos-aguardar-o-final-da-prova\/","og_locale":"pt_BR","og_type":"article","og_title":"'Escreveu n\u00e3o leu, o pau comeu. Mas vamos aguardar o final da prova' - Notibras","og_description":"O presidente em exerc\u00edcio, Hamilton Mour\u00e3o, recorreu novamente a uma express\u00e3o militar para defender apura\u00e7\u00e3o no caso envolvendo o senador eleito Fl\u00e1vio Bolsonaro (PSL-RJ), filho do presidente Jair Bolsonaro. &#8220;Qual \u00e9 a sigla? Tu j\u00e1 sabe. Apurundaso. Apurar e punir se for o caso&#8221;, declarou Mour\u00e3o ao ser questionado sobre a entrevista de Jair Bolsonaro [&hellip;]","og_url":"https:\/\/www.notibras.com\/site\/escreveu-nao-leu-o-pau-comeu-mas-vamos-aguardar-o-final-da-prova\/","og_site_name":"Notibras","article_publisher":"https:\/\/www.facebook.com\/notibras\/","article_published_time":"2019-01-23T16:58:13+00:00","article_modified_time":"2019-01-23T17:00:23+00:00","og_image":[{"width":1140,"height":760,"url":"https:\/\/www.notibras.com\/site\/wp-content\/uploads\/2019\/01\/mourao-caso-fl\u00e1vio.jpg","type":"image\/jpeg"}],"author":"Reda\u00e7\u00e3o","twitter_card":"summary_large_image","twitter_creator":"@Notibras","twitter_site":"@Notibras","twitter_misc":{"Escrito por":"Reda\u00e7\u00e3o","Est. tempo de leitura":"1 minuto"},"schema":{"@context":"https:\/\/schema.org","@graph":[{"@type":"Article","@id":"https:\/\/www.notibras.com\/site\/escreveu-nao-leu-o-pau-comeu-mas-vamos-aguardar-o-final-da-prova\/#article","isPartOf":{"@id":"https:\/\/www.notibras.com\/site\/escreveu-nao-leu-o-pau-comeu-mas-vamos-aguardar-o-final-da-prova\/"},"author":{"name":"Reda\u00e7\u00e3o","@id":"https:\/\/www.notibras.com\/site\/#\/schema\/person\/36ab0979449956132d3e5b517ea76ac8"},"headline":"&#8216;Escreveu n\u00e3o leu, o pau comeu. Mas vamos aguardar o final da prova&#8217;","datePublished":"2019-01-23T16:58:13+00:00","dateModified":"2019-01-23T17:00:23+00:00","mainEntityOfPage":{"@id":"https:\/\/www.notibras.com\/site\/escreveu-nao-leu-o-pau-comeu-mas-vamos-aguardar-o-final-da-prova\/"},"wordCount":136,"publisher":{"@id":"https:\/\/www.notibras.com\/site\/#organization"},"image":{"@id":"https:\/\/www.notibras.com\/site\/escreveu-nao-leu-o-pau-comeu-mas-vamos-aguardar-o-final-da-prova\/#primaryimage"},"thumbnailUrl":"https:\/\/www.notibras.com\/site\/wp-content\/uploads\/2019\/01\/mourao-caso-fl\u00e1vio.jpg","keywords":["capa"],"articleSection":["Brasil"],"inLanguage":"pt-BR"},{"@type":"WebPage","@id":"https:\/\/www.notibras.com\/site\/escreveu-nao-leu-o-pau-comeu-mas-vamos-aguardar-o-final-da-prova\/","url":"https:\/\/www.notibras.com\/site\/escreveu-nao-leu-o-pau-comeu-mas-vamos-aguardar-o-final-da-prova\/","name":"'Escreveu n\u00e3o leu, o pau comeu. Mas vamos aguardar o final da prova' - Notibras","isPartOf":{"@id":"https:\/\/www.notibras.com\/site\/#website"},"primaryImageOfPage":{"@id":"https:\/\/www.notibras.com\/site\/escreveu-nao-leu-o-pau-comeu-mas-vamos-aguardar-o-final-da-prova\/#primaryimage"},"image":{"@id":"https:\/\/www.notibras.com\/site\/escreveu-nao-leu-o-pau-comeu-mas-vamos-aguardar-o-final-da-prova\/#primaryimage"},"thumbnailUrl":"https:\/\/www.notibras.com\/site\/wp-content\/uploads\/2019\/01\/mourao-caso-fl\u00e1vio.jpg","datePublished":"2019-01-23T16:58:13+00:00","dateModified":"2019-01-23T17:00:23+00:00","breadcrumb":{"@id":"https:\/\/www.notibras.com\/site\/escreveu-nao-leu-o-pau-comeu-mas-vamos-aguardar-o-final-da-prova\/#breadcrumb"},"inLanguage":"pt-BR","potentialAction":[{"@type":"ReadAction","target":["https:\/\/www.notibras.com\/site\/escreveu-nao-leu-o-pau-comeu-mas-vamos-aguardar-o-final-da-prova\/"]}]},{"@type":"ImageObject","inLanguage":"pt-BR","@id":"https:\/\/www.notibras.com\/site\/escreveu-nao-leu-o-pau-comeu-mas-vamos-aguardar-o-final-da-prova\/#primaryimage","url":"https:\/\/www.notibras.com\/site\/wp-content\/uploads\/2019\/01\/mourao-caso-fl\u00e1vio.jpg","contentUrl":"https:\/\/www.notibras.com\/site\/wp-content\/uploads\/2019\/01\/mourao-caso-fl\u00e1vio.jpg","width":1140,"height":760},{"@type":"BreadcrumbList","@id":"https:\/\/www.notibras.com\/site\/escreveu-nao-leu-o-pau-comeu-mas-vamos-aguardar-o-final-da-prova\/#breadcrumb","itemListElement":[{"@type":"ListItem","position":1,"name":"In\u00edcio","item":"https:\/\/www.notibras.com\/site\/"},{"@type":"ListItem","position":2,"name":"&#8216;Escreveu n\u00e3o leu, o pau comeu. Mas vamos aguardar o final da prova&#8217;"}]},{"@type":"WebSite","@id":"https:\/\/www.notibras.com\/site\/#website","url":"https:\/\/www.notibras.com\/site\/","name":"Notibras","description":"Not\u00edcias de Bras\u00edlia, do Brasil e do Mundo","publisher":{"@id":"https:\/\/www.notibras.com\/site\/#organization"},"potentialAction":[{"@type":"SearchAction","target":{"@type":"EntryPoint","urlTemplate":"https:\/\/www.notibras.com\/site\/?s={search_term_string}"},"query-input":{"@type":"PropertyValueSpecification","valueRequired":true,"valueName":"search_term_string"}}],"inLanguage":"pt-BR"},{"@type":"Organization","@id":"https:\/\/www.notibras.com\/site\/#organization","name":"Grupo Notibras de Comunica\u00e7\u00e3o","url":"https:\/\/www.notibras.com\/site\/","logo":{"@type":"ImageObject","inLanguage":"pt-BR","@id":"https:\/\/www.notibras.com\/site\/#\/schema\/logo\/image\/","url":"https:\/\/www.notibras.com\/site\/wp-content\/uploads\/2023\/01\/notibras23.png","contentUrl":"https:\/\/www.notibras.com\/site\/wp-content\/uploads\/2023\/01\/notibras23.png","width":350,"height":87,"caption":"Grupo Notibras de Comunica\u00e7\u00e3o"},"image":{"@id":"https:\/\/www.notibras.com\/site\/#\/schema\/logo\/image\/"},"sameAs":["https:\/\/www.facebook.com\/notibras\/","https:\/\/x.com\/Notibras","https:\/\/www.instagram.com\/notibras\/"]},{"@type":"Person","@id":"https:\/\/www.notibras.com\/site\/#\/schema\/person\/36ab0979449956132d3e5b517ea76ac8","name":"Reda\u00e7\u00e3o","image":{"@type":"ImageObject","inLanguage":"pt-BR","@id":"https:\/\/secure.gravatar.com\/avatar\/e0a867bdedb85fd243eadf09663511f96fc81e0720a4a42581f334ad4303aa6b?s=96&d=mm&r=g","url":"https:\/\/secure.gravatar.com\/avatar\/e0a867bdedb85fd243eadf09663511f96fc81e0720a4a42581f334ad4303aa6b?s=96&d=mm&r=g","contentUrl":"https:\/\/secure.gravatar.com\/avatar\/e0a867bdedb85fd243eadf09663511f96fc81e0720a4a42581f334ad4303aa6b?s=96&d=mm&r=g","caption":"Reda\u00e7\u00e3o"}}]}},"amp_enabled":true,"_links":{"self":[{"href":"https:\/\/www.notibras.com\/site\/wp-json\/wp\/v2\/posts\/200309","targetHints":{"allow":["GET"]}}],"collection":[{"href":"https:\/\/www.notibras.com\/site\/wp-json\/wp\/v2\/posts"}],"about":[{"href":"https:\/\/www.notibras.com\/site\/wp-json\/wp\/v2\/types\/post"}],"author":[{"embeddable":true,"href":"https:\/\/www.notibras.com\/site\/wp-json\/wp\/v2\/users\/2"}],"replies":[{"embeddable":true,"href":"https:\/\/www.notibras.com\/site\/wp-json\/wp\/v2\/comments?post=200309"}],"version-history":[{"count":4,"href":"https:\/\/www.notibras.com\/site\/wp-json\/wp\/v2\/posts\/200309\/revisions"}],"predecessor-version":[{"id":200314,"href":"https:\/\/www.notibras.com\/site\/wp-json\/wp\/v2\/posts\/200309\/revisions\/200314"}],"wp:featuredmedia":[{"embeddable":true,"href":"https:\/\/www.notibras.com\/site\/wp-json\/wp\/v2\/media\/200310"}],"wp:attachment":[{"href":"https:\/\/www.notibras.com\/site\/wp-json\/wp\/v2\/media?parent=200309"}],"wp:term":[{"taxonomy":"category","embeddable":true,"href":"https:\/\/www.notibras.com\/site\/wp-json\/wp\/v2\/categories?post=200309"},{"taxonomy":"post_tag","embeddable":true,"href":"https:\/\/www.notibras.com\/site\/wp-json\/wp\/v2\/tags?post=200309"}],"curies":[{"name":"wp","href":"https:\/\/api.w.org\/{rel}","templated":true}]}}